{"id":9973,"date":"2025-03-25T19:08:50","date_gmt":"2025-03-25T22:08:50","guid":{"rendered":"https:\/\/www.nextmultimedio.com\/?p=9973"},"modified":"2025-03-25T19:08:51","modified_gmt":"2025-03-25T22:08:51","slug":"robaron-las-banderas-de-ceremonia-de-la-escuela-proa","status":"publish","type":"post","link":"https:\/\/www.nextmultimedio.com\/?p=9973","title":{"rendered":"ROBARON LAS BANDERAS DE CEREMONIA DE LA ESCUELA PROA"},"content":{"rendered":"<div class=\"wp-block-image\">\n<figure class=\"aligncenter size-full\"><img loading=\"lazy\" decoding=\"async\" width=\"600\" height=\"338\" src=\"https:\/\/www.nextmultimedio.com\/wp-content\/uploads\/2025\/03\/486531160_1212915407506300_2783399334613858081_n.jpg\" alt=\"\" class=\"wp-image-9974\" srcset=\"https:\/\/www.nextmultimedio.com\/wp-content\/uploads\/2025\/03\/486531160_1212915407506300_2783399334613858081_n.jpg 600w, https:\/\/www.nextmultimedio.com\/wp-content\/uploads\/2025\/03\/486531160_1212915407506300_2783399334613858081_n-300x169.jpg 300w\" sizes=\"auto, (max-width: 600px) 100vw, 600px\" \/><\/figure>\n<\/div>\n\n\n<p>Este lunes, robaron las banderas de ceremonia de la Escuela Experimental Proa Villa Carlos Paz tras haber participado sus estudiantes del \u201cActo del d\u00eda de la Memoria, la Verdad y la Justicia\u201d.<\/p>\n\n\n\n<p>Las dos banderas argentina y provincial, fueron sustra\u00eddas de una caja de madera del veh\u00edculo del profesor Marcos Locatti, en la Ciudad de C\u00f3rdoba.<\/p>\n\n\n\n<p>Fue <a><\/a>en di\u00e1logo con VCP HOY, que los profesores dieron a conocer la noticia con la intenci\u00f3n de que los ladrones puedan regresarlas a la escuela.<\/p>\n\n\n\n<p>Suele ser con dinero de la Cooperadora, y con mucho sacrificio, con el que en ocasiones, se logran comprar estos s\u00edmbolos que la escuela necesita.<\/p>\n\n\n\n<p><a href=\"https:\/\/www.facebook.com\/photo\/?fbid=1212965304167977&amp;set=pcb.1212916090839565&amp;__cft__[0]=AZXCBwSqrgbkQ88J7gqwSQnn9kOHGTGxXjste-0Ah_zYuwlqlygRzdA2QfSFXoSIrexWiM71lyqprA01Ikws42zomYvWVngkp_hlgXMFqPwtj_XEB-UinCBpNR_iVXATAOW25G4Il_UJTPzqT3Al9vXdqTzYrnD4UG2vrY7Jd-C-P2nwEV8okXfqCPFEfjIGN8c&amp;__tn__=*b0H-R\"><\/a><\/p>\n\n\n\n<figure class=\"wp-block-image\"><a href=\"https:\/\/www.facebook.com\/photo\/?fbid=1212965304167977&amp;set=pcb.1212916090839565&amp;__cft__[0]=AZXCBwSqrgbkQ88J7gqwSQnn9kOHGTGxXjste-0Ah_zYuwlqlygRzdA2QfSFXoSIrexWiM71lyqprA01Ikws42zomYvWVngkp_hlgXMFqPwtj_XEB-UinCBpNR_iVXATAOW25G4Il_UJTPzqT3Al9vXdqTzYrnD4UG2vrY7Jd-C-P2nwEV8okXfqCPFEfjIGN8c&amp;__tn__=*b0H-R\"><img decoding=\"async\" src=\"https:\/\/scontent.fcor10-3.fna.fbcdn.net\/v\/t39.30808-6\/486531160_1212915407506300_2783399334613858081_n.jpg?stp=dst-jpg_s600x600_tt6&amp;_nc_cat=105&amp;ccb=1-7&amp;_nc_sid=127cfc&amp;_nc_eui2=AeG6Bes9u6_3Qpx0SOd83JMlLxbvccbElQkvFu9xxsSVCYS5dAcxT6ObLZZyWBbtcNQ&amp;_nc_ohc=bBG72r1sGY8Q7kNvgFfKQ8F&amp;_nc_oc=Admzu4Ov2t6neLy16axIiQY0i5DcFssh7GdbFjuntPe7nTn0_RNprwuKRpBmNd5Jrw0&amp;_nc_zt=23&amp;_nc_ht=scontent.fcor10-3.fna&amp;_nc_gid=sl1tu5fx_Nl3rxaRoBGlXQ&amp;oh=00_AYEZXiZQaWKd9PJWgFmG7yyZn03djhKjBLBiDys9ZUhW6A&amp;oe=67E8FA59\" alt=\"\"\/><\/a><\/figure>\n\n\n\n<p><a href=\"https:\/\/www.facebook.com\/photo\/?fbid=1212965310834643&amp;set=pcb.1212916090839565&amp;__cft__[0]=AZXCBwSqrgbkQ88J7gqwSQnn9kOHGTGxXjste-0Ah_zYuwlqlygRzdA2QfSFXoSIrexWiM71lyqprA01Ikws42zomYvWVngkp_hlgXMFqPwtj_XEB-UinCBpNR_iVXATAOW25G4Il_UJTPzqT3Al9vXdqTzYrnD4UG2vrY7Jd-C-P2nwEV8okXfqCPFEfjIGN8c&amp;__tn__=*b1H-R\"><\/a><\/p>\n\n\n\n<figure class=\"wp-block-image\"><a href=\"https:\/\/www.facebook.com\/photo\/?fbid=1212965310834643&amp;set=pcb.1212916090839565&amp;__cft__[0]=AZXCBwSqrgbkQ88J7gqwSQnn9kOHGTGxXjste-0Ah_zYuwlqlygRzdA2QfSFXoSIrexWiM71lyqprA01Ikws42zomYvWVngkp_hlgXMFqPwtj_XEB-UinCBpNR_iVXATAOW25G4Il_UJTPzqT3Al9vXdqTzYrnD4UG2vrY7Jd-C-P2nwEV8okXfqCPFEfjIGN8c&amp;__tn__=*b1H-R\"><img decoding=\"async\" src=\"https:\/\/scontent.fcor10-4.fna.fbcdn.net\/v\/t39.30808-6\/486559775_1212915367506304_4625975287370235764_n.jpg?_nc_cat=103&amp;ccb=1-7&amp;_nc_sid=127cfc&amp;_nc_eui2=AeE8OJGtyKiPKaBIkqf3Rw53Vh9P8EWQYc5WH0_wRZBhzr5df5DbOJldzsK9eXWVg4c&amp;_nc_ohc=PPDYfdliUy4Q7kNvgGv2m8O&amp;_nc_oc=Adm16Nn-0J4ixU_kU2ASARojTT4jBMX59ZuK-A4Ahq8IKH3TPeHaqgroQaGo_fNEpaw&amp;_nc_zt=23&amp;_nc_ht=scontent.fcor10-4.fna&amp;_nc_gid=sl1tu5fx_Nl3rxaRoBGlXQ&amp;oh=00_AYE1k9JJmbwMSCDYHPxp9gOQ-m54H20Vwh7caKbfMAnA6Q&amp;oe=67E8F50D\" alt=\"\"\/><\/a><\/figure>\n\n\n\n<p><a href=\"https:\/\/www.facebook.com\/photo\/?fbid=1212965307501310&amp;set=pcb.1212916090839565&amp;__cft__[0]=AZXCBwSqrgbkQ88J7gqwSQnn9kOHGTGxXjste-0Ah_zYuwlqlygRzdA2QfSFXoSIrexWiM71lyqprA01Ikws42zomYvWVngkp_hlgXMFqPwtj_XEB-UinCBpNR_iVXATAOW25G4Il_UJTPzqT3Al9vXdqTzYrnD4UG2vrY7Jd-C-P2nwEV8okXfqCPFEfjIGN8c&amp;__tn__=*b2H-R\"><\/a><\/p>\n\n\n\n<figure class=\"wp-block-image\"><a href=\"https:\/\/www.facebook.com\/photo\/?fbid=1212965307501310&amp;set=pcb.1212916090839565&amp;__cft__[0]=AZXCBwSqrgbkQ88J7gqwSQnn9kOHGTGxXjste-0Ah_zYuwlqlygRzdA2QfSFXoSIrexWiM71lyqprA01Ikws42zomYvWVngkp_hlgXMFqPwtj_XEB-UinCBpNR_iVXATAOW25G4Il_UJTPzqT3Al9vXdqTzYrnD4UG2vrY7Jd-C-P2nwEV8okXfqCPFEfjIGN8c&amp;__tn__=*b2H-R\"><img decoding=\"async\" src=\"https:\/\/scontent.fcor10-4.fna.fbcdn.net\/v\/t39.30808-6\/487071156_1212915404172967_1086625657381754659_n.jpg?_nc_cat=106&amp;ccb=1-7&amp;_nc_sid=127cfc&amp;_nc_eui2=AeGKdg6HhFQb-35ahV1nZG7EiJwTcJNtqX2InBNwk22pfXRIgR-KptVw3ViTP369ujk&amp;_nc_ohc=t7nzywTFlN4Q7kNvgHdsr6J&amp;_nc_oc=AdmcIkgxTJeB5ZLxAGMQqLWOCjbZaPjR46RmwFJybj5_-FSF63WGvGsY8-vnyVGXiZI&amp;_nc_zt=23&amp;_nc_ht=scontent.fcor10-4.fna&amp;_nc_gid=sl1tu5fx_Nl3rxaRoBGlXQ&amp;oh=00_AYGsx5q3R3CMrNwWSJzWyaLtM5LRxWnFlUAuMIxgl-cFYg&amp;oe=67E8EF97\" alt=\"\"\/><\/a><\/figure>\n","protected":false},"excerpt":{"rendered":"<p>Este lunes, robaron las banderas de ceremonia de la Escuela Experimental Proa Villa Carlos Paz tras haber participado sus estudiantes del \u201cActo del d\u00eda de la Memoria, la Verdad y la Justicia\u201d. Las dos banderas argentina y provincial, fueron sustra\u00eddas de una caja de madera del veh\u00edculo del profesor Marcos Locatti, en la Ciudad de [&hellip;]<\/p>\n","protected":false},"author":1,"featured_media":9974,"comment_status":"closed","ping_status":"closed","sticky":false,"template":"","format":"standard","meta":{"footnotes":""},"categories":[69],"tags":[345],"class_list":["post-9973","post","type-post","status-publish","format-standard","has-post-thumbnail","hentry","category-noticias","tag-destacar"],"_links":{"self":[{"href":"https:\/\/www.nextmultimedio.com\/index.php?rest_route=\/wp\/v2\/posts\/9973","targetHints":{"allow":["GET"]}}],"collection":[{"href":"https:\/\/www.nextmultimedio.com\/index.php?rest_route=\/wp\/v2\/posts"}],"about":[{"href":"https:\/\/www.nextmultimedio.com\/index.php?rest_route=\/wp\/v2\/types\/post"}],"author":[{"embeddable":true,"href":"https:\/\/www.nextmultimedio.com\/index.php?rest_route=\/wp\/v2\/users\/1"}],"replies":[{"embeddable":true,"href":"https:\/\/www.nextmultimedio.com\/index.php?rest_route=%2Fwp%2Fv2%2Fcomments&post=9973"}],"version-history":[{"count":1,"href":"https:\/\/www.nextmultimedio.com\/index.php?rest_route=\/wp\/v2\/posts\/9973\/revisions"}],"predecessor-version":[{"id":9975,"href":"https:\/\/www.nextmultimedio.com\/index.php?rest_route=\/wp\/v2\/posts\/9973\/revisions\/9975"}],"wp:featuredmedia":[{"embeddable":true,"href":"https:\/\/www.nextmultimedio.com\/index.php?rest_route=\/wp\/v2\/media\/9974"}],"wp:attachment":[{"href":"https:\/\/www.nextmultimedio.com\/index.php?rest_route=%2Fwp%2Fv2%2Fmedia&parent=9973"}],"wp:term":[{"taxonomy":"category","embeddable":true,"href":"https:\/\/www.nextmultimedio.com\/index.php?rest_route=%2Fwp%2Fv2%2Fcategories&post=9973"},{"taxonomy":"post_tag","embeddable":true,"href":"https:\/\/www.nextmultimedio.com\/index.php?rest_route=%2Fwp%2Fv2%2Ftags&post=9973"}],"curies":[{"name":"wp","href":"https:\/\/api.w.org\/{rel}","templated":true}]}}