{"id":9961,"date":"2025-03-24T19:25:31","date_gmt":"2025-03-24T22:25:31","guid":{"rendered":"https:\/\/www.nextmultimedio.com\/?p=9961"},"modified":"2025-03-24T19:25:31","modified_gmt":"2025-03-24T22:25:31","slug":"chocaron-dos-autos-en-sol-y-rio-uno-de-estos-un-remis-que-iba-con-un-pasajero-todos-fueron-trasladados-al-hospital-municipal","status":"publish","type":"post","link":"https:\/\/www.nextmultimedio.com\/?p=9961","title":{"rendered":"CHOCARON DOS AUTOS EN SOL Y R\u00cdO, UNO DE ESTOS, UN REM\u00cdS QUE IBA CON UN PASAJERO , TODOS FUERON TRASLADADOS AL HOSPITAL MUNICIPAL"},"content":{"rendered":"\n<figure class=\"wp-block-image size-large\"><img loading=\"lazy\" decoding=\"async\" width=\"1024\" height=\"768\" src=\"https:\/\/www.nextmultimedio.com\/wp-content\/uploads\/2025\/03\/486474119_18293269309243999_9196090164896427080_n-1024x768.jpg\" alt=\"\" class=\"wp-image-9962\" srcset=\"https:\/\/www.nextmultimedio.com\/wp-content\/uploads\/2025\/03\/486474119_18293269309243999_9196090164896427080_n-1024x768.jpg 1024w, https:\/\/www.nextmultimedio.com\/wp-content\/uploads\/2025\/03\/486474119_18293269309243999_9196090164896427080_n-300x225.jpg 300w, https:\/\/www.nextmultimedio.com\/wp-content\/uploads\/2025\/03\/486474119_18293269309243999_9196090164896427080_n-768x576.jpg 768w, https:\/\/www.nextmultimedio.com\/wp-content\/uploads\/2025\/03\/486474119_18293269309243999_9196090164896427080_n.jpg 1440w\" sizes=\"auto, (max-width: 1024px) 100vw, 1024px\" \/><\/figure>\n\n\n\n<p>Av. C\u00e1rcano esq. Gambartes<\/p>\n\n\n\n<p>Personal policial tom\u00f3 conocimiento sobre un accidente de tr\u00e1nsito ocurrido en el lugar, d\u00f3nde al llegar se entrevist\u00f3 a un hombre de 24 a\u00f1os de edad quien se conduc\u00eda un autom\u00f3vil Fiat Uno, con dos acompa\u00f1antes, y por motivos a establecer fue colisionado en su costado derecho por un autom\u00f3vil Chevrolet Prisma (remis), el <a><\/a>que era conducido por un hombre de 48 a\u00f1os y el pasajero de 54 a\u00f1os de edad.<\/p>\n\n\n\n<p>Se hizo presente el servicio de emergencias revisando a los cinco tripulantes quienes contaban con traumatismos varios, siendo trasladados todos al Hospital Sayago para mejor control.<\/p>\n\n\n\n<p>Se procedi\u00f3 al secuestro de ambos veh\u00edculos, quedando a disposici\u00f3n del Magistrado Interviniente.<\/p>\n\n\n\n<p><a href=\"https:\/\/www.facebook.com\/photo\/?fbid=1211796334284874&amp;set=a.356501556481027&amp;__cft__[0]=AZWVskm1VKKYbglOlHpy5I_XHZercaeaktKTEYiG0Wt0rPA1oUvrHkSt-sCro3XSXDfJ2AgEXnVCPsnRgdaU7iJmmQ9Plsvdiy5US3ET9EVSd2jW2OBtQH2kLOzV7MSXDwXSsU4pdnpM2Hx_X6c_vEVK5AJoILRtNmNAPpX_rpQboGIlxm2XMygiaIDC0vDDEJA&amp;__tn__=EH-R\"><\/a><\/p>\n\n\n\n<figure class=\"wp-block-image\"><a href=\"https:\/\/www.facebook.com\/photo\/?fbid=1211796334284874&amp;set=a.356501556481027&amp;__cft__[0]=AZWVskm1VKKYbglOlHpy5I_XHZercaeaktKTEYiG0Wt0rPA1oUvrHkSt-sCro3XSXDfJ2AgEXnVCPsnRgdaU7iJmmQ9Plsvdiy5US3ET9EVSd2jW2OBtQH2kLOzV7MSXDwXSsU4pdnpM2Hx_X6c_vEVK5AJoILRtNmNAPpX_rpQboGIlxm2XMygiaIDC0vDDEJA&amp;__tn__=EH-R\"><img decoding=\"async\" src=\"https:\/\/scontent.fcor10-3.fna.fbcdn.net\/v\/t51.75761-15\/486474119_18293269309243999_9196090164896427080_n.jpg?stp=dst-jpg_s720x720_tt6&amp;_nc_cat=107&amp;ccb=1-7&amp;_nc_sid=127cfc&amp;_nc_eui2=AeGgFD3ReYu5g9iCuOkQIZAf3yfuA9nkTKzfJ-4D2eRMrDAHUH_Fzf0UpInC4DDZIWE&amp;_nc_ohc=biwTmUL5SOIQ7kNvgFXQ1MA&amp;_nc_oc=AdngOBfJkSvELmrv8EJmrVD9Z2XODuGBsOh0jMUxNV3Hnuag4pmIXVfiPXrU32Iez2E&amp;_nc_zt=23&amp;_nc_ht=scontent.fcor10-3.fna&amp;_nc_gid=aK-kNJGDS9IoLZf6jG63mw&amp;oh=00_AYER-wm3Nc8O2Wjbr4TjdhYprBMprEVm3cZPzWtZUzbuYg&amp;oe=67E7A356\" alt=\"Puede ser una imagen de 4 personas y texto\"\/><\/a><\/figure>\n","protected":false},"excerpt":{"rendered":"<p>Av. C\u00e1rcano esq. Gambartes Personal policial tom\u00f3 conocimiento sobre un accidente de tr\u00e1nsito ocurrido en el lugar, d\u00f3nde al llegar se entrevist\u00f3 a un hombre de 24 a\u00f1os de edad quien se conduc\u00eda un autom\u00f3vil Fiat Uno, con dos acompa\u00f1antes, y por motivos a establecer fue colisionado en su costado derecho por un autom\u00f3vil Chevrolet [&hellip;]<\/p>\n","protected":false},"author":1,"featured_media":9962,"comment_status":"open","ping_status":"closed","sticky":false,"template":"","format":"standard","meta":{"footnotes":""},"categories":[69],"tags":[345],"class_list":["post-9961","post","type-post","status-publish","format-standard","has-post-thumbnail","hentry","category-noticias","tag-destacar"],"_links":{"self":[{"href":"https:\/\/www.nextmultimedio.com\/index.php?rest_route=\/wp\/v2\/posts\/9961","targetHints":{"allow":["GET"]}}],"collection":[{"href":"https:\/\/www.nextmultimedio.com\/index.php?rest_route=\/wp\/v2\/posts"}],"about":[{"href":"https:\/\/www.nextmultimedio.com\/index.php?rest_route=\/wp\/v2\/types\/post"}],"author":[{"embeddable":true,"href":"https:\/\/www.nextmultimedio.com\/index.php?rest_route=\/wp\/v2\/users\/1"}],"replies":[{"embeddable":true,"href":"https:\/\/www.nextmultimedio.com\/index.php?rest_route=%2Fwp%2Fv2%2Fcomments&post=9961"}],"version-history":[{"count":1,"href":"https:\/\/www.nextmultimedio.com\/index.php?rest_route=\/wp\/v2\/posts\/9961\/revisions"}],"predecessor-version":[{"id":9963,"href":"https:\/\/www.nextmultimedio.com\/index.php?rest_route=\/wp\/v2\/posts\/9961\/revisions\/9963"}],"wp:featuredmedia":[{"embeddable":true,"href":"https:\/\/www.nextmultimedio.com\/index.php?rest_route=\/wp\/v2\/media\/9962"}],"wp:attachment":[{"href":"https:\/\/www.nextmultimedio.com\/index.php?rest_route=%2Fwp%2Fv2%2Fmedia&parent=9961"}],"wp:term":[{"taxonomy":"category","embeddable":true,"href":"https:\/\/www.nextmultimedio.com\/index.php?rest_route=%2Fwp%2Fv2%2Fcategories&post=9961"},{"taxonomy":"post_tag","embeddable":true,"href":"https:\/\/www.nextmultimedio.com\/index.php?rest_route=%2Fwp%2Fv2%2Ftags&post=9961"}],"curies":[{"name":"wp","href":"https:\/\/api.w.org\/{rel}","templated":true}]}}