{"id":9872,"date":"2025-03-13T17:13:02","date_gmt":"2025-03-13T20:13:02","guid":{"rendered":"https:\/\/www.nextmultimedio.com\/?p=9872"},"modified":"2025-03-13T17:13:03","modified_gmt":"2025-03-13T20:13:03","slug":"servicio-integral-de-cloacas-el-primer-cedulon-municipal-llegara-en-el-mes-de-junio-con-mas-del-33-de-ahorro-2","status":"publish","type":"post","link":"https:\/\/www.nextmultimedio.com\/?p=9872","title":{"rendered":"SERVICIO INTEGRAL DE CLOACAS EL PRIMER CEDUL\u00d3N MUNICIPAL LLEGAR\u00c1 EN EL MES DE JUNIO CON M\u00c1S DEL 33 % DE AHORRO"},"content":{"rendered":"\n<figure class=\"wp-block-image size-full\"><img loading=\"lazy\" decoding=\"async\" width=\"853\" height=\"568\" src=\"https:\/\/www.nextmultimedio.com\/wp-content\/uploads\/2025\/03\/482395062_18318053536200781_4317031672481144357_n-4.jpg\" alt=\"\" class=\"wp-image-9873\" srcset=\"https:\/\/www.nextmultimedio.com\/wp-content\/uploads\/2025\/03\/482395062_18318053536200781_4317031672481144357_n-4.jpg 853w, https:\/\/www.nextmultimedio.com\/wp-content\/uploads\/2025\/03\/482395062_18318053536200781_4317031672481144357_n-4-300x200.jpg 300w, https:\/\/www.nextmultimedio.com\/wp-content\/uploads\/2025\/03\/482395062_18318053536200781_4317031672481144357_n-4-768x511.jpg 768w\" sizes=\"auto, (max-width: 853px) 100vw, 853px\" \/><\/figure>\n\n\n\n<p>En el marco de la reasunci\u00f3n por parte del Municipio del Servicio Integral de Cloacas el pr\u00f3ximo 31 de marzo, el Departamento Ejecutivo gir\u00f3 al Concejo de Representantes una nueva ordenanza en la que se establece la adecuaci\u00f3n del esquema tarifario, destinado a recuperar la operatividad del Servicio.<\/p>\n\n\n\n<p>Hoy la inversi\u00f3n m\u00ednima necesaria por parte del Municipio ser\u00eda de 1500 millones de pesos.<\/p>\n\n\n\n<p>En este sentido se informa a los vecinos que el primer cedul\u00f3n municipal llegar\u00e1 en junio con un ahorro superior al 33% (consumo a partir del 1\u00b0 de abril) con un total aproximado de $17.086,23 (si continuara la Coopi la misma tarifa ser\u00eda de $25.683,05). El Cedulon Municipal desde Junio incluir\u00e1 los Servicios de Agua y Cloacas.<\/p>\n\n\n\n<p>Cabe recordar que el Municipio ampli\u00f3 la denuncia penal y declar\u00f3 la emergencia ambiental, ya que es realmente grave el deterioro actual de la infraestructura y la operatividad del Sistema Integral de Cloacas, representando un potencial da\u00f1o ambiental y de salud para la ciudad.<\/p>\n\n\n\n<p>El cobro de la Cooperativa Integral en TARIFA y CAPITALIZACI\u00d3N en los \u00faltimos diez a\u00f1os fue de 46 mil millones de pesos (periodo 2014 &#8211; 2025), montos que no se ven reflejados en la inversi\u00f3n del sistema y que empobrecieron a la familia carlospacense.<\/p>\n\n\n\n<p><a href=\"https:\/\/www.facebook.com\/photo\/?fbid=1201980078599833&amp;set=pcb.1201980098599831&amp;__cft__[0]=AZWIIGkkl7U2ZsLUqJKrA7PAiSZACMcD7F3Lb6BcRmPMXp1EgfS5p2c6cwv5PoutsB57JvvpxWDxJHYZNjRSxCfsmPdZT8hxiK5-r5YcLGPMemoRiLXaGhQrBrSbg1U43BVcEFWvzURPJCnBm9peg1Dg9L_MLBuimBYblrBqQw3AKpAEYWgkCnsvAZB8k61cr5o&amp;__tn__=*bH-R\"><\/a><\/p>\n\n\n\n<figure class=\"wp-block-image\"><a href=\"https:\/\/www.facebook.com\/photo\/?fbid=1201980078599833&amp;set=pcb.1201980098599831&amp;__cft__[0]=AZWIIGkkl7U2ZsLUqJKrA7PAiSZACMcD7F3Lb6BcRmPMXp1EgfS5p2c6cwv5PoutsB57JvvpxWDxJHYZNjRSxCfsmPdZT8hxiK5-r5YcLGPMemoRiLXaGhQrBrSbg1U43BVcEFWvzURPJCnBm9peg1Dg9L_MLBuimBYblrBqQw3AKpAEYWgkCnsvAZB8k61cr5o&amp;__tn__=*bH-R\"><img decoding=\"async\" src=\"https:\/\/scontent.fcor10-3.fna.fbcdn.net\/v\/t51.75761-15\/483736314_18292069543243999_8422832746563633954_n.jpg?stp=dst-jpg_s600x600_tt6&amp;_nc_cat=102&amp;ccb=1-7&amp;_nc_sid=127cfc&amp;_nc_eui2=AeG-i3mRMq2D-7KWdkK1gZbhvrqd23vGeMe-up3be8Z4x_SCFr9HjcnYvTu97iYvcJU&amp;_nc_ohc=rjSQ2D0Lq9oQ7kNvgGePDJI&amp;_nc_oc=Adiz5sffJovTX1-Y3BFELkUrKRcOX3A1DbB56bgfpaZyCQk6HeMHF3iZkC8Zoom0neo&amp;_nc_zt=23&amp;_nc_ht=scontent.fcor10-3.fna&amp;_nc_gid=AZNP3qpzXCJFS3wfW4H96M8&amp;oh=00_AYHzLhh7uWYIwkMsZbImW2Y-9jnnxaGw8QpSD609haBPIQ&amp;oe=67D905E8\" alt=\"\"\/><\/a><\/figure>\n\n\n\n<p><a href=\"https:\/\/www.facebook.com\/photo\/?fbid=1201980075266500&amp;set=pcb.1201980098599831&amp;__cft__[0]=AZWIIGkkl7U2ZsLUqJKrA7PAiSZACMcD7F3Lb6BcRmPMXp1EgfS5p2c6cwv5PoutsB57JvvpxWDxJHYZNjRSxCfsmPdZT8hxiK5-r5YcLGPMemoRiLXaGhQrBrSbg1U43BVcEFWvzURPJCnBm9peg1Dg9L_MLBuimBYblrBqQw3AKpAEYWgkCnsvAZB8k61cr5o&amp;__tn__=*bH-R\"><\/a><\/p>\n\n\n\n<figure class=\"wp-block-image\"><a href=\"https:\/\/www.facebook.com\/photo\/?fbid=1201980075266500&amp;set=pcb.1201980098599831&amp;__cft__[0]=AZWIIGkkl7U2ZsLUqJKrA7PAiSZACMcD7F3Lb6BcRmPMXp1EgfS5p2c6cwv5PoutsB57JvvpxWDxJHYZNjRSxCfsmPdZT8hxiK5-r5YcLGPMemoRiLXaGhQrBrSbg1U43BVcEFWvzURPJCnBm9peg1Dg9L_MLBuimBYblrBqQw3AKpAEYWgkCnsvAZB8k61cr5o&amp;__tn__=*bH-R\"><img decoding=\"async\" src=\"https:\/\/scontent.fcor10-4.fna.fbcdn.net\/v\/t51.75761-15\/484086334_18292069552243999_5506390541445649706_n.jpg?stp=dst-jpg_s600x600_tt6&amp;_nc_cat=110&amp;ccb=1-7&amp;_nc_sid=127cfc&amp;_nc_eui2=AeGwxpl1uG87oG8nJAD4XE72ol6d9Kq5ez6iXp30qrl7PpV86vBR2r924UEOP4_Qhvk&amp;_nc_ohc=0rtZ-Z6fntsQ7kNvgGgvW2f&amp;_nc_oc=Adi5bAS-olS5SUIowJiGskPa3mgkKFOhvrlElAdIPpWjweuFwzVPvTkrf3VDyfRziTU&amp;_nc_zt=23&amp;_nc_ht=scontent.fcor10-4.fna&amp;_nc_gid=AZNP3qpzXCJFS3wfW4H96M8&amp;oh=00_AYFOQMXUEn0iCQQ0qijHkKGbaiKPNHd0BdeFxonimeCpqg&amp;oe=67D91AAD\" alt=\"\"\/><\/a><\/figure>\n\n\n\n<p><a href=\"https:\/\/www.facebook.com\/photo\/?fbid=1201980081933166&amp;set=pcb.1201980098599831&amp;__cft__[0]=AZWIIGkkl7U2ZsLUqJKrA7PAiSZACMcD7F3Lb6BcRmPMXp1EgfS5p2c6cwv5PoutsB57JvvpxWDxJHYZNjRSxCfsmPdZT8hxiK5-r5YcLGPMemoRiLXaGhQrBrSbg1U43BVcEFWvzURPJCnBm9peg1Dg9L_MLBuimBYblrBqQw3AKpAEYWgkCnsvAZB8k61cr5o&amp;__tn__=*bH-R\"><\/a><\/p>\n\n\n\n<figure class=\"wp-block-image\"><a href=\"https:\/\/www.facebook.com\/photo\/?fbid=1201980081933166&amp;set=pcb.1201980098599831&amp;__cft__[0]=AZWIIGkkl7U2ZsLUqJKrA7PAiSZACMcD7F3Lb6BcRmPMXp1EgfS5p2c6cwv5PoutsB57JvvpxWDxJHYZNjRSxCfsmPdZT8hxiK5-r5YcLGPMemoRiLXaGhQrBrSbg1U43BVcEFWvzURPJCnBm9peg1Dg9L_MLBuimBYblrBqQw3AKpAEYWgkCnsvAZB8k61cr5o&amp;__tn__=*bH-R\"><img decoding=\"async\" src=\"https:\/\/scontent.fcor10-4.fna.fbcdn.net\/v\/t51.75761-15\/483981125_18292069561243999_8784953437150252392_n.jpg?stp=dst-jpg_s600x600_tt6&amp;_nc_cat=111&amp;ccb=1-7&amp;_nc_sid=127cfc&amp;_nc_eui2=AeHHwFQgWiDn70dUGERzB3olO7JTeBAdLp47slN4EB0uni1Z6TrwjUOyHsGgSKPCkqM&amp;_nc_ohc=gJYP_QOEfyMQ7kNvgE5BUAm&amp;_nc_oc=AdjCCDOV87thFs_zies50a2vP7lt6qEKsbB_FNrfHaQYuF4T5JetSzqcFPQCUDIZfFY&amp;_nc_zt=23&amp;_nc_ht=scontent.fcor10-4.fna&amp;_nc_gid=AZNP3qpzXCJFS3wfW4H96M8&amp;oh=00_AYFav0aI5YwkDPaquAgXiZ24roF7UUJh_GMwpgqg3_GO1g&amp;oe=67D91C5A\" alt=\"\"\/><\/a><\/figure>\n\n\n\n<p><a href=\"https:\/\/www.facebook.com\/photo\/?fbid=1201980071933167&amp;set=pcb.1201980098599831&amp;__cft__[0]=AZWIIGkkl7U2ZsLUqJKrA7PAiSZACMcD7F3Lb6BcRmPMXp1EgfS5p2c6cwv5PoutsB57JvvpxWDxJHYZNjRSxCfsmPdZT8hxiK5-r5YcLGPMemoRiLXaGhQrBrSbg1U43BVcEFWvzURPJCnBm9peg1Dg9L_MLBuimBYblrBqQw3AKpAEYWgkCnsvAZB8k61cr5o&amp;__tn__=*bH-R\"><\/a><\/p>\n\n\n\n<figure class=\"wp-block-image\"><a href=\"https:\/\/www.facebook.com\/photo\/?fbid=1201980071933167&amp;set=pcb.1201980098599831&amp;__cft__[0]=AZWIIGkkl7U2ZsLUqJKrA7PAiSZACMcD7F3Lb6BcRmPMXp1EgfS5p2c6cwv5PoutsB57JvvpxWDxJHYZNjRSxCfsmPdZT8hxiK5-r5YcLGPMemoRiLXaGhQrBrSbg1U43BVcEFWvzURPJCnBm9peg1Dg9L_MLBuimBYblrBqQw3AKpAEYWgkCnsvAZB8k61cr5o&amp;__tn__=*bH-R\"><img decoding=\"async\" src=\"https:\/\/scontent.fcor10-4.fna.fbcdn.net\/v\/t51.75761-15\/484214541_18292069570243999_2855844951319069749_n.jpg?stp=dst-jpg_s600x600_tt6&amp;_nc_cat=103&amp;ccb=1-7&amp;_nc_sid=127cfc&amp;_nc_eui2=AeFdLChihaqMKpsDVD-PSRMErNbNB07daV-s1s0HTt1pXz8YMXt5yAXvdsVRktVuIxE&amp;_nc_ohc=ODVehlWRGKEQ7kNvgEraJOZ&amp;_nc_oc=AdhDEpr15lYYtXhBnw6iFPR-r3Bt4_Mrp0pml9-U3mMVFNEZ0NnFDJKl2c1bQCxmeEU&amp;_nc_zt=23&amp;_nc_ht=scontent.fcor10-4.fna&amp;_nc_gid=AZNP3qpzXCJFS3wfW4H96M8&amp;oh=00_AYHmrIlgOnd764h7-vvTJbPVHr5RrOBz0bJY0fSjH3QN5g&amp;oe=67D90D6D\" alt=\"\"\/><\/a><\/figure>\n","protected":false},"excerpt":{"rendered":"<p>En el marco de la reasunci\u00f3n por parte del Municipio del Servicio Integral de Cloacas el pr\u00f3ximo 31 de marzo, el Departamento Ejecutivo gir\u00f3 al Concejo de Representantes una nueva ordenanza en la que se establece la adecuaci\u00f3n del esquema tarifario, destinado a recuperar la operatividad del Servicio. Hoy la inversi\u00f3n m\u00ednima necesaria por parte [&hellip;]<\/p>\n","protected":false},"author":1,"featured_media":9646,"comment_status":"closed","ping_status":"closed","sticky":false,"template":"","format":"standard","meta":{"footnotes":""},"categories":[69],"tags":[345],"class_list":["post-9872","post","type-post","status-publish","format-standard","has-post-thumbnail","hentry","category-noticias","tag-destacar"],"_links":{"self":[{"href":"https:\/\/www.nextmultimedio.com\/index.php?rest_route=\/wp\/v2\/posts\/9872","targetHints":{"allow":["GET"]}}],"collection":[{"href":"https:\/\/www.nextmultimedio.com\/index.php?rest_route=\/wp\/v2\/posts"}],"about":[{"href":"https:\/\/www.nextmultimedio.com\/index.php?rest_route=\/wp\/v2\/types\/post"}],"author":[{"embeddable":true,"href":"https:\/\/www.nextmultimedio.com\/index.php?rest_route=\/wp\/v2\/users\/1"}],"replies":[{"embeddable":true,"href":"https:\/\/www.nextmultimedio.com\/index.php?rest_route=%2Fwp%2Fv2%2Fcomments&post=9872"}],"version-history":[{"count":1,"href":"https:\/\/www.nextmultimedio.com\/index.php?rest_route=\/wp\/v2\/posts\/9872\/revisions"}],"predecessor-version":[{"id":9874,"href":"https:\/\/www.nextmultimedio.com\/index.php?rest_route=\/wp\/v2\/posts\/9872\/revisions\/9874"}],"wp:featuredmedia":[{"embeddable":true,"href":"https:\/\/www.nextmultimedio.com\/index.php?rest_route=\/wp\/v2\/media\/9646"}],"wp:attachment":[{"href":"https:\/\/www.nextmultimedio.com\/index.php?rest_route=%2Fwp%2Fv2%2Fmedia&parent=9872"}],"wp:term":[{"taxonomy":"category","embeddable":true,"href":"https:\/\/www.nextmultimedio.com\/index.php?rest_route=%2Fwp%2Fv2%2Fcategories&post=9872"},{"taxonomy":"post_tag","embeddable":true,"href":"https:\/\/www.nextmultimedio.com\/index.php?rest_route=%2Fwp%2Fv2%2Ftags&post=9872"}],"curies":[{"name":"wp","href":"https:\/\/api.w.org\/{rel}","templated":true}]}}