{"id":9847,"date":"2025-03-10T17:51:02","date_gmt":"2025-03-10T20:51:02","guid":{"rendered":"https:\/\/www.nextmultimedio.com\/?p=9847"},"modified":"2025-03-10T17:51:03","modified_gmt":"2025-03-10T20:51:03","slug":"ya-esta-en-marcha-la-tradicional-cabalgata-brocheriana","status":"publish","type":"post","link":"https:\/\/www.nextmultimedio.com\/?p=9847","title":{"rendered":"YA EST\u00c1 EN MARCHA LA TRADICIONAL CABALGATA BROCHERIANA"},"content":{"rendered":"\n<figure class=\"wp-block-image size-full\"><img loading=\"lazy\" decoding=\"async\" width=\"720\" height=\"540\" src=\"https:\/\/www.nextmultimedio.com\/wp-content\/uploads\/2025\/03\/483335774_18291716962243999_3043433136123262520_n.jpg\" alt=\"\" class=\"wp-image-9848\" srcset=\"https:\/\/www.nextmultimedio.com\/wp-content\/uploads\/2025\/03\/483335774_18291716962243999_3043433136123262520_n.jpg 720w, https:\/\/www.nextmultimedio.com\/wp-content\/uploads\/2025\/03\/483335774_18291716962243999_3043433136123262520_n-300x225.jpg 300w\" sizes=\"auto, (max-width: 720px) 100vw, 720px\" \/><\/figure>\n\n\n\n<p>Parti\u00f3 desde la Catedral de C\u00f3rdoba y concluir\u00e1 el s\u00e1bado 15 de marzo en Villa Cura Brochero.<\/p>\n\n\n\n<p><a><\/a>Decenas de fieles realizan la peregrinaci\u00f3n a pie o a caballo para rendir homenaje a la vida y obra del \u201cCura Gaucho\u201d.<\/p>\n\n\n\n<p>Este lunes, con los primeros rayos de sol asomando, decenas de fieles recibieron la bendici\u00f3n en la Catedral de C\u00f3rdoba para dar comienzo as\u00ed a la ya tradicional Cabalgata Brocheriana.<\/p>\n\n\n\n<p>Hasta el 15 de marzo, la traves\u00eda seguir\u00e1 las huellas del Cura Brochero, recorriendo C\u00f3rdoba, Malague\u00f1o, Villa Parque Siquiman, Los Gigantes, San Jer\u00f3nimo y Ambul, hasta llegar a Villa Cura Brochero.<\/p>\n\n\n\n<p>La peregrinaci\u00f3n se lleva a cabo desde hace 28 a\u00f1os y rinde homenaje a la vida y obra del \u201cCura Gaucho\u201d. Se presenta como una manera de conectar su legado con las personas, uniendo espiritualidad con el impresionante paisaje de las sierras cordobesas.<\/p>\n\n\n\n<p>Durante los pr\u00f3ximos d\u00edas, los fieles recorrer\u00e1n los antiguos caminos que Brochero transitaba en el siglo XIX para evangelizar a la poblaci\u00f3n del oeste cordob\u00e9s.<\/p>\n\n\n\n<p>La traves\u00eda es realizada a caballo o a pie, evocando el esp\u00edritu de sacrificio y entrega de nuestro santo.<\/p>\n\n\n\n<p>Organizada por la Asociaci\u00f3n Civil Peregrinaci\u00f3n La Brocheriana, este evento representa un testimonio vivo del compromiso con la tradici\u00f3n y la espiritualidad en C\u00f3rdoba, consolid\u00e1ndose como una de las actividades m\u00e1s significativas del turismo religioso en la provincia.<\/p>\n\n\n\n<p><a href=\"https:\/\/www.facebook.com\/photo\/?fbid=1199119962219178&amp;set=a.356501556481027&amp;__cft__[0]=AZVTZIjOZ-METm90zK2HekBrLu71pm3BHQsTO6Ba_XkHIS6i29u7b3jIkalhloAdhPpCp73pNwWxTPufGIauznsD_ZeXjt7REsWtmSh_qrYEN3VJ9iY4b6l5GOA23RNmZWpFGFBV1uThYXRYXviJzvVShu4RAovO5CdETX-Tv8DBlhRP5fn0QCqPhoinp5WeLi0&amp;__tn__=EH-R\"><\/a><\/p>\n\n\n\n<figure class=\"wp-block-image\"><a href=\"https:\/\/www.facebook.com\/photo\/?fbid=1199119962219178&amp;set=a.356501556481027&amp;__cft__[0]=AZVTZIjOZ-METm90zK2HekBrLu71pm3BHQsTO6Ba_XkHIS6i29u7b3jIkalhloAdhPpCp73pNwWxTPufGIauznsD_ZeXjt7REsWtmSh_qrYEN3VJ9iY4b6l5GOA23RNmZWpFGFBV1uThYXRYXviJzvVShu4RAovO5CdETX-Tv8DBlhRP5fn0QCqPhoinp5WeLi0&amp;__tn__=EH-R\"><img decoding=\"async\" src=\"https:\/\/scontent.fcor10-3.fna.fbcdn.net\/v\/t51.75761-15\/483335774_18291716962243999_3043433136123262520_n.jpg?stp=dst-jpg_s720x720_tt6&amp;_nc_cat=107&amp;ccb=1-7&amp;_nc_sid=127cfc&amp;_nc_eui2=AeEnDaFPWZh93ZVPf1yaooiGEJywqNhBNl8QnLCo2EE2X7Bax7Tn9tyV7t5zZt6DyrE&amp;_nc_ohc=OitB9AgWOIcQ7kNvgEUpr-w&amp;_nc_oc=Adik-h0JmxTHyzhZUbv4XKzIkeFamOmKhGJ8x-NATo1fZyKCPSQEq86ovZvxsSIb6iI&amp;_nc_zt=23&amp;_nc_ht=scontent.fcor10-3.fna&amp;_nc_gid=A5VXP6IEqiX1ohDs7Hmc-tg&amp;oh=00_AYEP4kALgB0YsC39DDEAO67wf_CsMPVoUWE9A63sencb5w&amp;oe=67D531B3\" alt=\"Puede ser una imagen de 7 personas y caballo\"\/><\/a><\/figure>\n","protected":false},"excerpt":{"rendered":"<p>Parti\u00f3 desde la Catedral de C\u00f3rdoba y concluir\u00e1 el s\u00e1bado 15 de marzo en Villa Cura Brochero. Decenas de fieles realizan la peregrinaci\u00f3n a pie o a caballo para rendir homenaje a la vida y obra del \u201cCura Gaucho\u201d. Este lunes, con los primeros rayos de sol asomando, decenas de fieles recibieron la bendici\u00f3n en [&hellip;]<\/p>\n","protected":false},"author":1,"featured_media":9848,"comment_status":"closed","ping_status":"closed","sticky":false,"template":"","format":"standard","meta":{"footnotes":""},"categories":[69],"tags":[345],"class_list":["post-9847","post","type-post","status-publish","format-standard","has-post-thumbnail","hentry","category-noticias","tag-destacar"],"_links":{"self":[{"href":"https:\/\/www.nextmultimedio.com\/index.php?rest_route=\/wp\/v2\/posts\/9847","targetHints":{"allow":["GET"]}}],"collection":[{"href":"https:\/\/www.nextmultimedio.com\/index.php?rest_route=\/wp\/v2\/posts"}],"about":[{"href":"https:\/\/www.nextmultimedio.com\/index.php?rest_route=\/wp\/v2\/types\/post"}],"author":[{"embeddable":true,"href":"https:\/\/www.nextmultimedio.com\/index.php?rest_route=\/wp\/v2\/users\/1"}],"replies":[{"embeddable":true,"href":"https:\/\/www.nextmultimedio.com\/index.php?rest_route=%2Fwp%2Fv2%2Fcomments&post=9847"}],"version-history":[{"count":1,"href":"https:\/\/www.nextmultimedio.com\/index.php?rest_route=\/wp\/v2\/posts\/9847\/revisions"}],"predecessor-version":[{"id":9849,"href":"https:\/\/www.nextmultimedio.com\/index.php?rest_route=\/wp\/v2\/posts\/9847\/revisions\/9849"}],"wp:featuredmedia":[{"embeddable":true,"href":"https:\/\/www.nextmultimedio.com\/index.php?rest_route=\/wp\/v2\/media\/9848"}],"wp:attachment":[{"href":"https:\/\/www.nextmultimedio.com\/index.php?rest_route=%2Fwp%2Fv2%2Fmedia&parent=9847"}],"wp:term":[{"taxonomy":"category","embeddable":true,"href":"https:\/\/www.nextmultimedio.com\/index.php?rest_route=%2Fwp%2Fv2%2Fcategories&post=9847"},{"taxonomy":"post_tag","embeddable":true,"href":"https:\/\/www.nextmultimedio.com\/index.php?rest_route=%2Fwp%2Fv2%2Ftags&post=9847"}],"curies":[{"name":"wp","href":"https:\/\/api.w.org\/{rel}","templated":true}]}}