{"id":9817,"date":"2025-03-07T20:27:29","date_gmt":"2025-03-07T23:27:29","guid":{"rendered":"https:\/\/www.nextmultimedio.com\/?p=9817"},"modified":"2025-03-07T20:27:30","modified_gmt":"2025-03-07T23:27:30","slug":"temporal-historico-en-bahia-blanca","status":"publish","type":"post","link":"https:\/\/www.nextmultimedio.com\/?p=9817","title":{"rendered":"TEMPORAL HIST\u00d3RICO EN BAH\u00cdA BLANCA"},"content":{"rendered":"\n<figure class=\"wp-block-image size-large\"><img loading=\"lazy\" decoding=\"async\" width=\"1024\" height=\"1024\" src=\"https:\/\/www.nextmultimedio.com\/wp-content\/uploads\/2025\/03\/482739613_18291353713243999_5513174150461547940_n-1024x1024.jpg\" alt=\"\" class=\"wp-image-9818\" srcset=\"https:\/\/www.nextmultimedio.com\/wp-content\/uploads\/2025\/03\/482739613_18291353713243999_5513174150461547940_n-1024x1024.jpg 1024w, https:\/\/www.nextmultimedio.com\/wp-content\/uploads\/2025\/03\/482739613_18291353713243999_5513174150461547940_n-300x300.jpg 300w, https:\/\/www.nextmultimedio.com\/wp-content\/uploads\/2025\/03\/482739613_18291353713243999_5513174150461547940_n-768x768.jpg 768w, https:\/\/www.nextmultimedio.com\/wp-content\/uploads\/2025\/03\/482739613_18291353713243999_5513174150461547940_n.jpg 1440w\" sizes=\"auto, (max-width: 1024px) 100vw, 1024px\" \/><\/figure>\n\n\n\n<p>Bah\u00eda Blanca atraviesa una emergencia clim\u00e1tica sin precedentes tras el violento temporal que azota la ciudad desde la madrugada de este viernes.<\/p>\n\n\n\n<p><a><\/a>Con un acumulado de m\u00e1s de 260 mm de lluvia y la previsi\u00f3n de que supere los 300 mm, las autoridades han decretado alerta roja y dispusieron el cese absoluto de actividades comerciales, educativas y de transporte hasta nuevo aviso.<\/p>\n\n\n\n<p>Emergencia y evacuaciones:<\/p>\n\n\n\n<p>Defensa Civil inform\u00f3 que hasta el momento se han recibido 31 llamados de emergencia y se contabilizan m\u00e1s de 40 familias evacuadas. El intendente Federico Susbielles asumi\u00f3 la coordinaci\u00f3n de la crisis desde el Centro \u00danico de Monitoreo, movilizando equipos de Defensa Civil, Delegaciones, Sapem Ambiental y Tr\u00e1nsito.<\/p>\n\n\n\n<p>Colapso del Hospital Penna:<\/p>\n\n\n\n<p>Uno de los puntos m\u00e1s cr\u00edticos de la emergencia es el Hospital Interzonal Dr. Jos\u00e9 Penna, donde el subsuelo qued\u00f3 completamente inundado, afectando el funcionamiento del centro de salud. Videos e im\u00e1genes viralizadas en redes sociales muestran el agua ingresando a la guardia, las salas de atenci\u00f3n y la cochera, donde ambulancias y veh\u00edculos quedaron anegados. Ante esta situaci\u00f3n, se reorganiz\u00f3 la operatividad del hospital y se realiz\u00f3 la evacuaci\u00f3n de beb\u00e9s internados.<\/p>\n\n\n\n<p>Operativos de emergencia y fuerzas en acci\u00f3n<\/p>\n\n\n\n<p>El Sistema Nacional para la Gesti\u00f3n Integral del Riesgo (SINAGIR) despleg\u00f3 la brigada de la Polic\u00eda Federal Argentina en la provincia para colaborar con los operativos locales. Adem\u00e1s, Prefectura Naval y Gendarmer\u00eda trabajan en la zona, y el Ej\u00e9rcito Argentino est\u00e1 preparado para asistir con alojamiento y evacuaciones en caso de ser necesario.<\/p>\n\n\n\n<p>Informaci\u00f3n:<a href=\"https:\/\/l.facebook.com\/l.php?u=https%3A%2F%2Fwww.instagram.com%2F_u%2Festacionfm%3Ffbclid%3DIwZXh0bgNhZW0CMTAAAR1rJKM0XmGbiORRxVReNouQ2c9rCpT1bLwUYEUKAKdp3MpPYGFlHVDyHGk_aem__1ROxNZF5i6VY0PWpSKzHg&amp;h=AT3v3qAFDL9xj22kZUBt4UY-4uSAIjC0jgLeETO6GK2wHAzWNkQuxEuJu_E6O66LR5UyxvJPUxLJCbi8DPE0enR_D-K1Tmmu4k-5G1adQGnceSxhHnF1rnXzUVTziMJgHg&amp;__tn__=-UK-R&amp;c[0]=AT0C9Z5qKZnbIYDeAgxWGQyy6xF-QkLyEPgzHyKvXIftyxFCwQtdSuELCeIji5TW5IRKS-nSG4NSnShK6CB-M8BWeoi1NeKsQ7U6tRFIAKZzqU5BM4AIapRlnZdKcT2GUw2YkWoOy87oxyhCrnd0ZLt70xI9cDYQXrWO-G4gzKvN4YmNDnL8ZyL88BOCNFsb7YHBbh_YTPf6e62b-qsmCm2oIiM\" rel=\"noreferrer noopener\" target=\"_blank\">@estacionfm<\/a><\/p>\n\n\n\n<p><a href=\"https:\/\/www.facebook.com\/photo\/?fbid=1196536969144144&amp;set=a.356501556481027&amp;__cft__[0]=AZVx3MeO4XxX44zITJ5GkrcZXRc9mRkfuHAMI402mrD3k1Xz3JgrcAU6TO-FZdzPeTQ7fnDP8VDpmEtx2ojudfRZitR41HEY1bEhO3aw9PFAxcel-Xz769uNgwbTfxun7pRz0EBkA9WJSC06sf8YmqX1zoWkDh1Iyp6Q3HH7DLXughW2FHCwDLTPJRHr-80LqIQ&amp;__tn__=EH-R\"><\/a><\/p>\n\n\n\n<figure class=\"wp-block-image\"><a href=\"https:\/\/www.facebook.com\/photo\/?fbid=1196536969144144&amp;set=a.356501556481027&amp;__cft__[0]=AZVx3MeO4XxX44zITJ5GkrcZXRc9mRkfuHAMI402mrD3k1Xz3JgrcAU6TO-FZdzPeTQ7fnDP8VDpmEtx2ojudfRZitR41HEY1bEhO3aw9PFAxcel-Xz769uNgwbTfxun7pRz0EBkA9WJSC06sf8YmqX1zoWkDh1Iyp6Q3HH7DLXughW2FHCwDLTPJRHr-80LqIQ&amp;__tn__=EH-R\"><img decoding=\"async\" src=\"https:\/\/scontent.fcor10-3.fna.fbcdn.net\/v\/t51.75761-15\/482739613_18291353713243999_5513174150461547940_n.jpg?stp=dst-jpg_p526x296_tt6&amp;_nc_cat=104&amp;ccb=1-7&amp;_nc_sid=127cfc&amp;_nc_eui2=AeG_i2LD8sDW_yNT62EPh7Sg_BL_kdO0rWj8Ev-R07StaLS60zG8fbTVuoF2J5o47Vo&amp;_nc_ohc=CY9NjhiOMK4Q7kNvgHLA4ah&amp;_nc_oc=Adh0JUXB3q9j7ZAFkvls6Yn_HeN7ywF5VyVkjoRV1LNUyYcbUah7a8sY5XIi8SU9MeA&amp;_nc_zt=23&amp;_nc_ht=scontent.fcor10-3.fna&amp;_nc_gid=AC5TcHCwhM_NE0mv9-Juc_-&amp;oh=00_AYHRhpgz0r5oYBR6ruU_v_lq47cuvQ_YHzijo6ThzzAo-g&amp;oe=67D1482F\" alt=\"Puede ser una imagen de autom\u00f3vil\"\/><\/a><\/figure>\n","protected":false},"excerpt":{"rendered":"<p>Bah\u00eda Blanca atraviesa una emergencia clim\u00e1tica sin precedentes tras el violento temporal que azota la ciudad desde la madrugada de este viernes. Con un acumulado de m\u00e1s de 260 mm de lluvia y la previsi\u00f3n de que supere los 300 mm, las autoridades han decretado alerta roja y dispusieron el cese absoluto de actividades comerciales, [&hellip;]<\/p>\n","protected":false},"author":1,"featured_media":9818,"comment_status":"closed","ping_status":"closed","sticky":false,"template":"","format":"standard","meta":{"footnotes":""},"categories":[69],"tags":[345],"class_list":["post-9817","post","type-post","status-publish","format-standard","has-post-thumbnail","hentry","category-noticias","tag-destacar"],"_links":{"self":[{"href":"https:\/\/www.nextmultimedio.com\/index.php?rest_route=\/wp\/v2\/posts\/9817","targetHints":{"allow":["GET"]}}],"collection":[{"href":"https:\/\/www.nextmultimedio.com\/index.php?rest_route=\/wp\/v2\/posts"}],"about":[{"href":"https:\/\/www.nextmultimedio.com\/index.php?rest_route=\/wp\/v2\/types\/post"}],"author":[{"embeddable":true,"href":"https:\/\/www.nextmultimedio.com\/index.php?rest_route=\/wp\/v2\/users\/1"}],"replies":[{"embeddable":true,"href":"https:\/\/www.nextmultimedio.com\/index.php?rest_route=%2Fwp%2Fv2%2Fcomments&post=9817"}],"version-history":[{"count":1,"href":"https:\/\/www.nextmultimedio.com\/index.php?rest_route=\/wp\/v2\/posts\/9817\/revisions"}],"predecessor-version":[{"id":9819,"href":"https:\/\/www.nextmultimedio.com\/index.php?rest_route=\/wp\/v2\/posts\/9817\/revisions\/9819"}],"wp:featuredmedia":[{"embeddable":true,"href":"https:\/\/www.nextmultimedio.com\/index.php?rest_route=\/wp\/v2\/media\/9818"}],"wp:attachment":[{"href":"https:\/\/www.nextmultimedio.com\/index.php?rest_route=%2Fwp%2Fv2%2Fmedia&parent=9817"}],"wp:term":[{"taxonomy":"category","embeddable":true,"href":"https:\/\/www.nextmultimedio.com\/index.php?rest_route=%2Fwp%2Fv2%2Fcategories&post=9817"},{"taxonomy":"post_tag","embeddable":true,"href":"https:\/\/www.nextmultimedio.com\/index.php?rest_route=%2Fwp%2Fv2%2Ftags&post=9817"}],"curies":[{"name":"wp","href":"https:\/\/api.w.org\/{rel}","templated":true}]}}