{"id":9776,"date":"2025-03-02T20:51:25","date_gmt":"2025-03-02T23:51:25","guid":{"rendered":"https:\/\/www.nextmultimedio.com\/?p=9776"},"modified":"2025-03-02T20:51:25","modified_gmt":"2025-03-02T23:51:25","slug":"joven-de-21-anos-con-pedido-de-detencion-por-lesiones-calificadas-y-robo-es-capturado-y-trasladado-a-la-comisaria","status":"publish","type":"post","link":"https:\/\/www.nextmultimedio.com\/?p=9776","title":{"rendered":"JOVEN DE 21 A\u00d1OS CON PEDIDO DE DETENCI\u00d3N POR LESIONES CALIFICADAS Y ROBO, ES CAPTURADO Y TRASLADADO A LA COMISAR\u00cdA"},"content":{"rendered":"\n<figure class=\"wp-block-image size-full\"><img loading=\"lazy\" decoding=\"async\" width=\"512\" height=\"640\" src=\"https:\/\/www.nextmultimedio.com\/wp-content\/uploads\/2025\/03\/482258717_18290791936243999_3637192316747410785_n.jpg\" alt=\"\" class=\"wp-image-9777\" srcset=\"https:\/\/www.nextmultimedio.com\/wp-content\/uploads\/2025\/03\/482258717_18290791936243999_3637192316747410785_n.jpg 512w, https:\/\/www.nextmultimedio.com\/wp-content\/uploads\/2025\/03\/482258717_18290791936243999_3637192316747410785_n-240x300.jpg 240w\" sizes=\"auto, (max-width: 512px) 100vw, 512px\" \/><\/figure>\n\n\n\n<p>Pje. Fulton, B\u00b0 Miguel Mu\u00f1oz \u201cB\u201d &#8211; Carlos Paz<\/p>\n\n\n\n<p><a><\/a>Personal Policial del Comando de Acci\u00f3n Preventiva mientras realizaba patrullaje en el sector, procedi\u00f3 al control de un veh\u00edculo Fiat Cronos que se encontraba estacionado en la v\u00eda p\u00fablica, el cual al ser chequeado por sistema policial arroj\u00f3 como sustra\u00eddo.<\/p>\n\n\n\n<p>Posteriormente en el lugar se hace presente un joven de 21 a\u00f1os de edad, manifestando ser el propietario, qui\u00e9n al ser identificado, personal del Departamento de Investigaciones Criminales informa que posee DETENCI\u00d3N VIGENTE por lesiones leves doblemente calificadas y robo, procediendo a su aprehensi\u00f3n y traslado a la Alcald\u00eda local, como as\u00ed tambi\u00e9n al secuestro del rodado, quedando a disposici\u00f3n de la Justicia.<\/p>\n\n\n\n<p><a href=\"https:\/\/www.facebook.com\/photo\/?fbid=1192313456233162&amp;set=a.356501556481027&amp;__cft__[0]=AZW1tLq0c4Q54ao4WvHsOfZijzr276Vl_Z5EhhADGUnWb3eUOIESyxZaWoedMBM0TYO-o3aC0B04INm-cD_z70B2mUjfO6yPA3P66xpLJserhGhCy-F8SutA3qY_OluApJWPUP-hvDaxkqsZF9GaZ83kvFed_7kG_trlM7SWeuGmcPWnW0ePSqePoiSBPtslb00&amp;__tn__=EH-R\"><\/a><\/p>\n\n\n\n<figure class=\"wp-block-image\"><a href=\"https:\/\/www.facebook.com\/photo\/?fbid=1192313456233162&amp;set=a.356501556481027&amp;__cft__[0]=AZW1tLq0c4Q54ao4WvHsOfZijzr276Vl_Z5EhhADGUnWb3eUOIESyxZaWoedMBM0TYO-o3aC0B04INm-cD_z70B2mUjfO6yPA3P66xpLJserhGhCy-F8SutA3qY_OluApJWPUP-hvDaxkqsZF9GaZ83kvFed_7kG_trlM7SWeuGmcPWnW0ePSqePoiSBPtslb00&amp;__tn__=EH-R\"><img decoding=\"async\" src=\"https:\/\/scontent.fcor10-4.fna.fbcdn.net\/v\/t51.75761-15\/482258717_18290791936243999_3637192316747410785_n.jpg?stp=dst-jpg_s640x640_tt6&amp;_nc_cat=103&amp;ccb=1-7&amp;_nc_sid=127cfc&amp;_nc_eui2=AeEHTTlnsCWw37H0poc6CFY-dGGIlP0gN790YYiU_SA3v0eyLw2H9fX5A2ptozncwNY&amp;_nc_ohc=VIIfHhSCLqsQ7kNvgFXBRoI&amp;_nc_oc=AdgW7XCtaMlhMFBOo-h0G4v3dhnIgIhD_j0GAoseOIUB1uiAVvX1GE5kZ8mhbsOys9A&amp;_nc_zt=23&amp;_nc_ht=scontent.fcor10-4.fna&amp;_nc_gid=AXTRCGNBxE1prVA8MSGD6O-&amp;oh=00_AYBt9t0YyMNYtJ143MzbQnIDxm-UqxBOozRkC76v5eLD3A&amp;oe=67CAAD0C\" alt=\"Puede ser una imagen de autom\u00f3vil\"\/><\/a><\/figure>\n","protected":false},"excerpt":{"rendered":"<p>Pje. Fulton, B\u00b0 Miguel Mu\u00f1oz \u201cB\u201d &#8211; Carlos Paz Personal Policial del Comando de Acci\u00f3n Preventiva mientras realizaba patrullaje en el sector, procedi\u00f3 al control de un veh\u00edculo Fiat Cronos que se encontraba estacionado en la v\u00eda p\u00fablica, el cual al ser chequeado por sistema policial arroj\u00f3 como sustra\u00eddo. Posteriormente en el lugar se hace [&hellip;]<\/p>\n","protected":false},"author":1,"featured_media":9777,"comment_status":"closed","ping_status":"closed","sticky":false,"template":"","format":"standard","meta":{"footnotes":""},"categories":[69],"tags":[345],"class_list":["post-9776","post","type-post","status-publish","format-standard","has-post-thumbnail","hentry","category-noticias","tag-destacar"],"_links":{"self":[{"href":"https:\/\/www.nextmultimedio.com\/index.php?rest_route=\/wp\/v2\/posts\/9776","targetHints":{"allow":["GET"]}}],"collection":[{"href":"https:\/\/www.nextmultimedio.com\/index.php?rest_route=\/wp\/v2\/posts"}],"about":[{"href":"https:\/\/www.nextmultimedio.com\/index.php?rest_route=\/wp\/v2\/types\/post"}],"author":[{"embeddable":true,"href":"https:\/\/www.nextmultimedio.com\/index.php?rest_route=\/wp\/v2\/users\/1"}],"replies":[{"embeddable":true,"href":"https:\/\/www.nextmultimedio.com\/index.php?rest_route=%2Fwp%2Fv2%2Fcomments&post=9776"}],"version-history":[{"count":1,"href":"https:\/\/www.nextmultimedio.com\/index.php?rest_route=\/wp\/v2\/posts\/9776\/revisions"}],"predecessor-version":[{"id":9778,"href":"https:\/\/www.nextmultimedio.com\/index.php?rest_route=\/wp\/v2\/posts\/9776\/revisions\/9778"}],"wp:featuredmedia":[{"embeddable":true,"href":"https:\/\/www.nextmultimedio.com\/index.php?rest_route=\/wp\/v2\/media\/9777"}],"wp:attachment":[{"href":"https:\/\/www.nextmultimedio.com\/index.php?rest_route=%2Fwp%2Fv2%2Fmedia&parent=9776"}],"wp:term":[{"taxonomy":"category","embeddable":true,"href":"https:\/\/www.nextmultimedio.com\/index.php?rest_route=%2Fwp%2Fv2%2Fcategories&post=9776"},{"taxonomy":"post_tag","embeddable":true,"href":"https:\/\/www.nextmultimedio.com\/index.php?rest_route=%2Fwp%2Fv2%2Ftags&post=9776"}],"curies":[{"name":"wp","href":"https:\/\/api.w.org\/{rel}","templated":true}]}}