{"id":9760,"date":"2025-02-28T21:53:42","date_gmt":"2025-03-01T00:53:42","guid":{"rendered":"https:\/\/www.nextmultimedio.com\/?p=9760"},"modified":"2025-02-28T21:53:43","modified_gmt":"2025-03-01T00:53:43","slug":"carnaval-toda-la-vida-la-ciudad-ya-esta-viviendo-el-ultimo-fin-de-semana-de-la-temporada-de-verano","status":"publish","type":"post","link":"https:\/\/www.nextmultimedio.com\/?p=9760","title":{"rendered":"CARNAVAL TODA LA VIDA&#8230; LA CIUDAD YA EST\u00c1 VIVIENDO EL \u00daLTIMO FIN DE SEMANA DE LA TEMPORADA DE VERANO"},"content":{"rendered":"\n<figure class=\"wp-block-image size-large\"><img loading=\"lazy\" decoding=\"async\" width=\"819\" height=\"1024\" src=\"https:\/\/www.nextmultimedio.com\/wp-content\/uploads\/2025\/02\/482248910_18290568139243999_7947956404913019842_n-819x1024.jpg\" alt=\"\" class=\"wp-image-9761\" srcset=\"https:\/\/www.nextmultimedio.com\/wp-content\/uploads\/2025\/02\/482248910_18290568139243999_7947956404913019842_n-819x1024.jpg 819w, https:\/\/www.nextmultimedio.com\/wp-content\/uploads\/2025\/02\/482248910_18290568139243999_7947956404913019842_n-240x300.jpg 240w, https:\/\/www.nextmultimedio.com\/wp-content\/uploads\/2025\/02\/482248910_18290568139243999_7947956404913019842_n-768x960.jpg 768w, https:\/\/www.nextmultimedio.com\/wp-content\/uploads\/2025\/02\/482248910_18290568139243999_7947956404913019842_n-1229x1536.jpg 1229w, https:\/\/www.nextmultimedio.com\/wp-content\/uploads\/2025\/02\/482248910_18290568139243999_7947956404913019842_n.jpg 1440w\" sizes=\"auto, (max-width: 819px) 100vw, 819px\" \/><\/figure>\n\n\n\n<p>Villa Carlos Paz se prepara para recibir un Carnaval Internacional con diversidad de actividades para todos los gustos.<\/p>\n\n\n\n<p>En <a><\/a>tal sentido, la ciudad ofrecer\u00e1 una grilla de actividades y eventos gratuitos para toda la familia, asegurando que tanto los residentes como los turistas puedan disfrutar de una experiencia completa y enriquecedora durante este fin de semana XXL.<\/p>\n\n\n\n<p>\u201cVamos a tener un fin de semana largo de carnaval hist\u00f3rico con reservas que ya est\u00e1n en un 80% en categor\u00edas hoteleras de una y dos estrellas y que superan el 90% en hoteles de 3 y 4 estrellas. Creo que vamos a tener unos d\u00edas a todo color con una ocupaci\u00f3n plena y una grilla de eventos tambi\u00e9n muy importante Hist\u00f3ricamente es uno de los mejores fines de semana de la temporada por lo que tendremos una ciudad repleta de turistas\u201d expres\u00f3 Sebasti\u00e1n Boldrini, Secretario de Turismo e Innovaci\u00f3n, Cultura y Deportes.<\/p>\n\n\n\n<p><a href=\"https:\/\/www.facebook.com\/photo\/?fbid=1190817466382761&amp;set=pcb.1190817509716090&amp;__cft__[0]=AZVEJmxSwdX0L2e3O4t_utSfc6wMXCkDyYWzIGkeZO4y2wn1tP827vXTXNkk7CfwOebyV-Zsn4QLVHiqubMERJQyDYuo4lvjr6kQoet65jDFCc6KaYSfM26V1eafkxIUDo4Das0ce64Ku6bixJqOPtsj_i5txARrMJXmQpV3Xc46WutkwHgtG60GiPIvlZW1wLGWGGKYEvl5RQF3RpvirGpBK_qpz1fUtwfabnXBsCOiJA&amp;__tn__=*bH-R\"><\/a><\/p>\n\n\n\n<figure class=\"wp-block-image\"><a href=\"https:\/\/www.facebook.com\/photo\/?fbid=1190817466382761&amp;set=pcb.1190817509716090&amp;__cft__[0]=AZVEJmxSwdX0L2e3O4t_utSfc6wMXCkDyYWzIGkeZO4y2wn1tP827vXTXNkk7CfwOebyV-Zsn4QLVHiqubMERJQyDYuo4lvjr6kQoet65jDFCc6KaYSfM26V1eafkxIUDo4Das0ce64Ku6bixJqOPtsj_i5txARrMJXmQpV3Xc46WutkwHgtG60GiPIvlZW1wLGWGGKYEvl5RQF3RpvirGpBK_qpz1fUtwfabnXBsCOiJA&amp;__tn__=*bH-R\"><img decoding=\"async\" src=\"https:\/\/scontent.fcor10-3.fna.fbcdn.net\/v\/t51.75761-15\/482248910_18290568139243999_7947956404913019842_n.jpg?stp=dst-jpg_s600x600_tt6&amp;_nc_cat=105&amp;ccb=1-7&amp;_nc_sid=127cfc&amp;_nc_eui2=AeHFwrDF6KMmzvz2wtgPABoyX1A0EIZto0ZfUDQQhm2jRuTm1KN94WbgUhwcFl23RWk&amp;_nc_ohc=wIicLGciIuIQ7kNvgGBGvRA&amp;_nc_oc=AdjuFS_ZLoYTTWZ3Z76oqQVf0Jav1MK1d4g_lYduk8WoCCv0R9XBB-uDPZde5iUImA4&amp;_nc_zt=23&amp;_nc_ht=scontent.fcor10-3.fna&amp;_nc_gid=AkElWfCaQoGHt8v77ci8Hhr&amp;oh=00_AYCANPtA5dGOcTGYDGWfrfgRyW-27qiuSQRqBrDP-jeJEw&amp;oe=67C810DE\" alt=\"\"\/><\/a><\/figure>\n\n\n\n<p><a href=\"https:\/\/www.facebook.com\/photo\/?fbid=1190817456382762&amp;set=pcb.1190817509716090&amp;__cft__[0]=AZVEJmxSwdX0L2e3O4t_utSfc6wMXCkDyYWzIGkeZO4y2wn1tP827vXTXNkk7CfwOebyV-Zsn4QLVHiqubMERJQyDYuo4lvjr6kQoet65jDFCc6KaYSfM26V1eafkxIUDo4Das0ce64Ku6bixJqOPtsj_i5txARrMJXmQpV3Xc46WutkwHgtG60GiPIvlZW1wLGWGGKYEvl5RQF3RpvirGpBK_qpz1fUtwfabnXBsCOiJA&amp;__tn__=*bH-R\"><\/a><\/p>\n\n\n\n<figure class=\"wp-block-image\"><a href=\"https:\/\/www.facebook.com\/photo\/?fbid=1190817456382762&amp;set=pcb.1190817509716090&amp;__cft__[0]=AZVEJmxSwdX0L2e3O4t_utSfc6wMXCkDyYWzIGkeZO4y2wn1tP827vXTXNkk7CfwOebyV-Zsn4QLVHiqubMERJQyDYuo4lvjr6kQoet65jDFCc6KaYSfM26V1eafkxIUDo4Das0ce64Ku6bixJqOPtsj_i5txARrMJXmQpV3Xc46WutkwHgtG60GiPIvlZW1wLGWGGKYEvl5RQF3RpvirGpBK_qpz1fUtwfabnXBsCOiJA&amp;__tn__=*bH-R\"><img decoding=\"async\" src=\"https:\/\/scontent.fcor10-4.fna.fbcdn.net\/v\/t51.75761-15\/482666275_18290568148243999_5213913811583253656_n.jpg?stp=dst-jpg_s600x600_tt6&amp;_nc_cat=103&amp;ccb=1-7&amp;_nc_sid=127cfc&amp;_nc_eui2=AeGjPaWOza7a1SwTbMhf-Jxn6xCnM_CRHJrrEKcz8JEcmgRpE6AJc6x7begk5FYSKuE&amp;_nc_ohc=RZIixuwW99YQ7kNvgGEn3dO&amp;_nc_oc=Adi2H7n6-FqKi1_uL3azrPu5HLPon3tJg0P4bKVOUkW3oCchjHg0unUOjTe2WR0umiI&amp;_nc_zt=23&amp;_nc_ht=scontent.fcor10-4.fna&amp;_nc_gid=AkElWfCaQoGHt8v77ci8Hhr&amp;oh=00_AYAcSztkdh5ZOuOu3crnw5SRyWWGMmlLHsezbH_TAyz3Ww&amp;oe=67C8382C\" alt=\"\"\/><\/a><\/figure>\n\n\n\n<p><a href=\"https:\/\/www.facebook.com\/photo\/?fbid=1190817459716095&amp;set=pcb.1190817509716090&amp;__cft__[0]=AZVEJmxSwdX0L2e3O4t_utSfc6wMXCkDyYWzIGkeZO4y2wn1tP827vXTXNkk7CfwOebyV-Zsn4QLVHiqubMERJQyDYuo4lvjr6kQoet65jDFCc6KaYSfM26V1eafkxIUDo4Das0ce64Ku6bixJqOPtsj_i5txARrMJXmQpV3Xc46WutkwHgtG60GiPIvlZW1wLGWGGKYEvl5RQF3RpvirGpBK_qpz1fUtwfabnXBsCOiJA&amp;__tn__=*bH-R\"><\/a><\/p>\n\n\n\n<figure class=\"wp-block-image\"><a href=\"https:\/\/www.facebook.com\/photo\/?fbid=1190817459716095&amp;set=pcb.1190817509716090&amp;__cft__[0]=AZVEJmxSwdX0L2e3O4t_utSfc6wMXCkDyYWzIGkeZO4y2wn1tP827vXTXNkk7CfwOebyV-Zsn4QLVHiqubMERJQyDYuo4lvjr6kQoet65jDFCc6KaYSfM26V1eafkxIUDo4Das0ce64Ku6bixJqOPtsj_i5txARrMJXmQpV3Xc46WutkwHgtG60GiPIvlZW1wLGWGGKYEvl5RQF3RpvirGpBK_qpz1fUtwfabnXBsCOiJA&amp;__tn__=*bH-R\"><img decoding=\"async\" src=\"https:\/\/scontent.fcor10-3.fna.fbcdn.net\/v\/t51.75761-15\/482504427_18290568157243999_1395487106957721727_n.jpg?stp=dst-jpg_s600x600_tt6&amp;_nc_cat=101&amp;ccb=1-7&amp;_nc_sid=127cfc&amp;_nc_eui2=AeEcK1X4AJNZppN2H5YAczYGi8DvhMTPd6SLwO-ExM93pBKDaWhGwLhkZJq8q9BESNs&amp;_nc_ohc=AX2zPhzdcHQQ7kNvgFRD9aB&amp;_nc_oc=Adg8vPBG4wWrDgxdm9vaWwODYn5Elj4apMfKtdV5UhekUS1gxCGioBMjDH2WdruJx5A&amp;_nc_zt=23&amp;_nc_ht=scontent.fcor10-3.fna&amp;_nc_gid=AkElWfCaQoGHt8v77ci8Hhr&amp;oh=00_AYCJlv0VWkDsddcVXJa9qgD_y3jh2iVbiEx7kI2KO1CGWg&amp;oe=67C8488B\" alt=\"\"\/><\/a><\/figure>\n\n\n\n<p><a href=\"https:\/\/www.facebook.com\/photo\/?fbid=1190817469716094&amp;set=pcb.1190817509716090&amp;__cft__[0]=AZVEJmxSwdX0L2e3O4t_utSfc6wMXCkDyYWzIGkeZO4y2wn1tP827vXTXNkk7CfwOebyV-Zsn4QLVHiqubMERJQyDYuo4lvjr6kQoet65jDFCc6KaYSfM26V1eafkxIUDo4Das0ce64Ku6bixJqOPtsj_i5txARrMJXmQpV3Xc46WutkwHgtG60GiPIvlZW1wLGWGGKYEvl5RQF3RpvirGpBK_qpz1fUtwfabnXBsCOiJA&amp;__tn__=*bH-R\"><\/a><\/p>\n\n\n\n<figure class=\"wp-block-image\"><a href=\"https:\/\/www.facebook.com\/photo\/?fbid=1190817469716094&amp;set=pcb.1190817509716090&amp;__cft__[0]=AZVEJmxSwdX0L2e3O4t_utSfc6wMXCkDyYWzIGkeZO4y2wn1tP827vXTXNkk7CfwOebyV-Zsn4QLVHiqubMERJQyDYuo4lvjr6kQoet65jDFCc6KaYSfM26V1eafkxIUDo4Das0ce64Ku6bixJqOPtsj_i5txARrMJXmQpV3Xc46WutkwHgtG60GiPIvlZW1wLGWGGKYEvl5RQF3RpvirGpBK_qpz1fUtwfabnXBsCOiJA&amp;__tn__=*bH-R\"><img decoding=\"async\" src=\"https:\/\/scontent.fcor10-4.fna.fbcdn.net\/v\/t51.75761-15\/482143838_18290568166243999_70850929358289849_n.jpg?stp=dst-jpg_s600x600_tt6&amp;_nc_cat=111&amp;ccb=1-7&amp;_nc_sid=127cfc&amp;_nc_eui2=AeEBSeSBU2RwXIIGcxPME43SUALCTUIGqlFQAsJNQgaqUfWRJ1ra3jPK9FLzKIKvruQ&amp;_nc_ohc=mHYbnZ4KU4kQ7kNvgHpzWMw&amp;_nc_oc=Adg5iyo37c2njosMrST_py4OXAu7jlRRtXAMYS0bXox2RWzw5pvtLlmeBXFzvvyvYRs&amp;_nc_zt=23&amp;_nc_ht=scontent.fcor10-4.fna&amp;_nc_gid=AkElWfCaQoGHt8v77ci8Hhr&amp;oh=00_AYDOH9RWLKhWClwJTz_VvsdnIP2O1gA8TWGzGnLIL8H0mg&amp;oe=67C81E2F\" alt=\"\"\/><\/a><\/figure>\n\n\n\n<p><a href=\"https:\/\/www.facebook.com\/photo\/?fbid=1190817463049428&amp;set=pcb.1190817509716090&amp;__cft__[0]=AZVEJmxSwdX0L2e3O4t_utSfc6wMXCkDyYWzIGkeZO4y2wn1tP827vXTXNkk7CfwOebyV-Zsn4QLVHiqubMERJQyDYuo4lvjr6kQoet65jDFCc6KaYSfM26V1eafkxIUDo4Das0ce64Ku6bixJqOPtsj_i5txARrMJXmQpV3Xc46WutkwHgtG60GiPIvlZW1wLGWGGKYEvl5RQF3RpvirGpBK_qpz1fUtwfabnXBsCOiJA&amp;__tn__=*bH-R\"><\/a><\/p>\n\n\n\n<figure class=\"wp-block-image\"><a href=\"https:\/\/www.facebook.com\/photo\/?fbid=1190817463049428&amp;set=pcb.1190817509716090&amp;__cft__[0]=AZVEJmxSwdX0L2e3O4t_utSfc6wMXCkDyYWzIGkeZO4y2wn1tP827vXTXNkk7CfwOebyV-Zsn4QLVHiqubMERJQyDYuo4lvjr6kQoet65jDFCc6KaYSfM26V1eafkxIUDo4Das0ce64Ku6bixJqOPtsj_i5txARrMJXmQpV3Xc46WutkwHgtG60GiPIvlZW1wLGWGGKYEvl5RQF3RpvirGpBK_qpz1fUtwfabnXBsCOiJA&amp;__tn__=*bH-R\"><img decoding=\"async\" src=\"https:\/\/scontent.fcor10-3.fna.fbcdn.net\/v\/t51.75761-15\/482086007_18290568175243999_8864485419236369475_n.jpg?stp=dst-jpg_s600x600_tt6&amp;_nc_cat=104&amp;ccb=1-7&amp;_nc_sid=127cfc&amp;_nc_eui2=AeEj4mmvyD8q7KxARqm9BPZR8eIUxzAgw_bx4hTHMCDD9uuzTynZGPASbCs2NlFtoag&amp;_nc_ohc=5Asbn2NJeycQ7kNvgH9JiCD&amp;_nc_oc=AdhiUpQ57q_uvpZd5-vk0m6X352P1g4IdXaLT2P_RoA1olGelvnq_s52RgI-bNfYV7Q&amp;_nc_zt=23&amp;_nc_ht=scontent.fcor10-3.fna&amp;_nc_gid=AkElWfCaQoGHt8v77ci8Hhr&amp;oh=00_AYC8lgAcCxIvRReCEcNvXCsobbsnfhHDjLDFOHJ6AqvUGg&amp;oe=67C81A68\" alt=\"\"\/><\/a><\/figure>\n","protected":false},"excerpt":{"rendered":"<p>Villa Carlos Paz se prepara para recibir un Carnaval Internacional con diversidad de actividades para todos los gustos. En tal sentido, la ciudad ofrecer\u00e1 una grilla de actividades y eventos gratuitos para toda la familia, asegurando que tanto los residentes como los turistas puedan disfrutar de una experiencia completa y enriquecedora durante este fin de [&hellip;]<\/p>\n","protected":false},"author":1,"featured_media":9761,"comment_status":"closed","ping_status":"closed","sticky":false,"template":"","format":"standard","meta":{"footnotes":""},"categories":[69],"tags":[345],"class_list":["post-9760","post","type-post","status-publish","format-standard","has-post-thumbnail","hentry","category-noticias","tag-destacar"],"_links":{"self":[{"href":"https:\/\/www.nextmultimedio.com\/index.php?rest_route=\/wp\/v2\/posts\/9760","targetHints":{"allow":["GET"]}}],"collection":[{"href":"https:\/\/www.nextmultimedio.com\/index.php?rest_route=\/wp\/v2\/posts"}],"about":[{"href":"https:\/\/www.nextmultimedio.com\/index.php?rest_route=\/wp\/v2\/types\/post"}],"author":[{"embeddable":true,"href":"https:\/\/www.nextmultimedio.com\/index.php?rest_route=\/wp\/v2\/users\/1"}],"replies":[{"embeddable":true,"href":"https:\/\/www.nextmultimedio.com\/index.php?rest_route=%2Fwp%2Fv2%2Fcomments&post=9760"}],"version-history":[{"count":1,"href":"https:\/\/www.nextmultimedio.com\/index.php?rest_route=\/wp\/v2\/posts\/9760\/revisions"}],"predecessor-version":[{"id":9762,"href":"https:\/\/www.nextmultimedio.com\/index.php?rest_route=\/wp\/v2\/posts\/9760\/revisions\/9762"}],"wp:featuredmedia":[{"embeddable":true,"href":"https:\/\/www.nextmultimedio.com\/index.php?rest_route=\/wp\/v2\/media\/9761"}],"wp:attachment":[{"href":"https:\/\/www.nextmultimedio.com\/index.php?rest_route=%2Fwp%2Fv2%2Fmedia&parent=9760"}],"wp:term":[{"taxonomy":"category","embeddable":true,"href":"https:\/\/www.nextmultimedio.com\/index.php?rest_route=%2Fwp%2Fv2%2Fcategories&post=9760"},{"taxonomy":"post_tag","embeddable":true,"href":"https:\/\/www.nextmultimedio.com\/index.php?rest_route=%2Fwp%2Fv2%2Ftags&post=9760"}],"curies":[{"name":"wp","href":"https:\/\/api.w.org\/{rel}","templated":true}]}}