{"id":9757,"date":"2025-02-27T22:57:23","date_gmt":"2025-02-28T01:57:23","guid":{"rendered":"https:\/\/www.nextmultimedio.com\/?p=9757"},"modified":"2025-02-27T22:57:24","modified_gmt":"2025-02-28T01:57:24","slug":"los-pumas-y-los-all-blacks-jugaran-en-el-kempes","status":"publish","type":"post","link":"https:\/\/www.nextmultimedio.com\/?p=9757","title":{"rendered":"LOS PUMAS Y LOS ALL BLACKS JUGAR\u00c1N EN EL KEMPES"},"content":{"rendered":"\n<figure class=\"wp-block-image size-full\"><img loading=\"lazy\" decoding=\"async\" width=\"960\" height=\"539\" src=\"https:\/\/www.nextmultimedio.com\/wp-content\/uploads\/2025\/02\/481691100_18290433145243999_2428875658211316264_n.jpg\" alt=\"\" class=\"wp-image-9758\" srcset=\"https:\/\/www.nextmultimedio.com\/wp-content\/uploads\/2025\/02\/481691100_18290433145243999_2428875658211316264_n.jpg 960w, https:\/\/www.nextmultimedio.com\/wp-content\/uploads\/2025\/02\/481691100_18290433145243999_2428875658211316264_n-300x168.jpg 300w, https:\/\/www.nextmultimedio.com\/wp-content\/uploads\/2025\/02\/481691100_18290433145243999_2428875658211316264_n-768x431.jpg 768w\" sizes=\"auto, (max-width: 960px) 100vw, 960px\" \/><\/figure>\n\n\n\n<p>Este jueves por la ma\u00f1ana, en el Centro C\u00edvico del Gobierno Provincial, se realiz\u00f3 el anuncio oficial de un evento hist\u00f3rico para el deporte cordob\u00e9s: el s\u00e1bado 16 de agosto, Los Pumas y los All Blacks se enfrentar\u00e1n en el estadio Mario Alberto Kempes, en el marco de la primera fecha del Rugby Championship 2025.<\/p>\n\n\n\n<p>Previo a la presentaci\u00f3n, el gobernador Mart\u00edn Llaryora junto al intendente de la ciudad, Daniel Passerini, el ministro de Gobierno, Manuel Calvo, y el presidente de la Agencia C\u00f3rdoba Deportes, Agust\u00edn Calleri, recibieron a las autoridades de la Uni\u00f3n Argentina de Rugby, de la Uni\u00f3n Cordobesa de Rugby y miembros de la organizaci\u00f3n.<\/p>\n\n\n\n<p>En la ocasi\u00f3n, Llaryora destac\u00f3:&nbsp;\u201cC\u00f3rdoba es sede y destino estrat\u00e9gico para los grandes eventos deportivos. El estadio Kempes ser\u00e1 escenario del rugby mundial en un encuentro hist\u00f3rico y sin precedentes\u201d,&nbsp;y agreg\u00f3:&nbsp;\u201cAcompa\u00f1amos estos eventos masivos porque son motores que dinamizan nuestra econom\u00eda, la industria del turismo, generan empleo y m\u00e1s oportunidades de desarrollo para los cordobeses\u201d.<\/p>\n\n\n\n<p>Luego, en conferencia de prensa se present\u00f3 oficialmente el evento, donde se destac\u00f3 la importancia de este partido para el crecimiento del rugby en la provincia y el impacto econ\u00f3mico y tur\u00edstico que generar\u00e1 para la ciudad.<\/p>\n\n\n\n<p>Al respecto, Calvo expres\u00f3: \u201cEste evento de nivel mundial, que ser\u00e1 visto por m\u00e1s de 50 millones de personas, posiciona a C\u00f3rdoba en el centro de la escena internacional\u201d.&nbsp;Adem\u00e1s, agreg\u00f3: \u201cApostamos a la econom\u00eda naranja como motor de crecimiento, porque estos eventos no solo generan recursos y empleo, sino que tambi\u00e9n fortalecen la identidad y el desarrollo de nuestra provincia\u201d.<\/p>\n\n\n\n<p><a href=\"https:\/\/www.facebook.com\/photo\/?fbid=1189772483153926&amp;set=a.356501556481027&amp;__cft__[0]=AZVVcbLHFUILP-nzxSxLAuaYtKLKmk8120PbYfd4JQrNz2D7MRQXIdVxaWk0HCcyAXdjS0YpAHhH1mXk3swAXwt_F20jqf0qzTVW8X8oUyWSUWbR2gP80DiMnooyRTjzVJCGmYatd9DWKerTS0bonQMZ3jepmpu6fwXfQWQraLYPyPaFGoXTJbsZBCM-QRuU5UQ&amp;__tn__=EH-R\"><\/a><\/p>\n\n\n\n<figure class=\"wp-block-image\"><a href=\"https:\/\/www.facebook.com\/photo\/?fbid=1189772483153926&amp;set=a.356501556481027&amp;__cft__[0]=AZVVcbLHFUILP-nzxSxLAuaYtKLKmk8120PbYfd4JQrNz2D7MRQXIdVxaWk0HCcyAXdjS0YpAHhH1mXk3swAXwt_F20jqf0qzTVW8X8oUyWSUWbR2gP80DiMnooyRTjzVJCGmYatd9DWKerTS0bonQMZ3jepmpu6fwXfQWQraLYPyPaFGoXTJbsZBCM-QRuU5UQ&amp;__tn__=EH-R\"><img decoding=\"async\" src=\"https:\/\/scontent.fcor10-4.fna.fbcdn.net\/v\/t51.75761-15\/481691100_18290433145243999_2428875658211316264_n.jpg?stp=dst-jpg_s960x960_tt6&amp;_nc_cat=103&amp;ccb=1-7&amp;_nc_sid=127cfc&amp;_nc_eui2=AeH2lF3JVB99E-MRdFP2zN3BoAGvcryBxnugAa9yvIHGe7yBc6iDeyAH1XMhFuPOC6I&amp;_nc_ohc=WobhvkJfnl0Q7kNvgF0UF9q&amp;_nc_oc=AdjUwyqcc68tB1eX0mKG-oeeKCzjqC6UVriLn3EQAQ1rd9eRjkV4y-z7cdzr9x6_g10&amp;_nc_zt=23&amp;_nc_ht=scontent.fcor10-4.fna&amp;_nc_gid=A-KUhzQiBZ39zAQHwqtCeY2&amp;oh=00_AYCaCUegZiL4EIujk20330wsiqOKIAbFU7oACIVs3qSGjg&amp;oe=67C6D40A\" alt=\"Puede ser una imagen de 9 personas, personas jugando al f\u00fatbol, personas jugando al f\u00fatbol y texto que dice &quot;VISA VISA&quot;\"\/><\/a><\/figure>\n","protected":false},"excerpt":{"rendered":"<p>Este jueves por la ma\u00f1ana, en el Centro C\u00edvico del Gobierno Provincial, se realiz\u00f3 el anuncio oficial de un evento hist\u00f3rico para el deporte cordob\u00e9s: el s\u00e1bado 16 de agosto, Los Pumas y los All Blacks se enfrentar\u00e1n en el estadio Mario Alberto Kempes, en el marco de la primera fecha del Rugby Championship 2025. [&hellip;]<\/p>\n","protected":false},"author":1,"featured_media":9758,"comment_status":"closed","ping_status":"closed","sticky":false,"template":"","format":"standard","meta":{"footnotes":""},"categories":[69],"tags":[345],"class_list":["post-9757","post","type-post","status-publish","format-standard","has-post-thumbnail","hentry","category-noticias","tag-destacar"],"_links":{"self":[{"href":"https:\/\/www.nextmultimedio.com\/index.php?rest_route=\/wp\/v2\/posts\/9757","targetHints":{"allow":["GET"]}}],"collection":[{"href":"https:\/\/www.nextmultimedio.com\/index.php?rest_route=\/wp\/v2\/posts"}],"about":[{"href":"https:\/\/www.nextmultimedio.com\/index.php?rest_route=\/wp\/v2\/types\/post"}],"author":[{"embeddable":true,"href":"https:\/\/www.nextmultimedio.com\/index.php?rest_route=\/wp\/v2\/users\/1"}],"replies":[{"embeddable":true,"href":"https:\/\/www.nextmultimedio.com\/index.php?rest_route=%2Fwp%2Fv2%2Fcomments&post=9757"}],"version-history":[{"count":1,"href":"https:\/\/www.nextmultimedio.com\/index.php?rest_route=\/wp\/v2\/posts\/9757\/revisions"}],"predecessor-version":[{"id":9759,"href":"https:\/\/www.nextmultimedio.com\/index.php?rest_route=\/wp\/v2\/posts\/9757\/revisions\/9759"}],"wp:featuredmedia":[{"embeddable":true,"href":"https:\/\/www.nextmultimedio.com\/index.php?rest_route=\/wp\/v2\/media\/9758"}],"wp:attachment":[{"href":"https:\/\/www.nextmultimedio.com\/index.php?rest_route=%2Fwp%2Fv2%2Fmedia&parent=9757"}],"wp:term":[{"taxonomy":"category","embeddable":true,"href":"https:\/\/www.nextmultimedio.com\/index.php?rest_route=%2Fwp%2Fv2%2Fcategories&post=9757"},{"taxonomy":"post_tag","embeddable":true,"href":"https:\/\/www.nextmultimedio.com\/index.php?rest_route=%2Fwp%2Fv2%2Ftags&post=9757"}],"curies":[{"name":"wp","href":"https:\/\/api.w.org\/{rel}","templated":true}]}}