{"id":9751,"date":"2025-02-27T22:53:44","date_gmt":"2025-02-28T01:53:44","guid":{"rendered":"https:\/\/www.nextmultimedio.com\/?p=9751"},"modified":"2025-02-27T22:53:45","modified_gmt":"2025-02-28T01:53:45","slug":"los-gremios-docentes-de-la-cgt-suspendieron-el-paro-ctera-solo-hara-movilizaciones-el-13-de-marzo","status":"publish","type":"post","link":"https:\/\/www.nextmultimedio.com\/?p=9751","title":{"rendered":"LOS GREMIOS DOCENTES DE LA CGT SUSPENDIERON EL PARO.CTERA S\u00d3LO HAR\u00c1 MOVILIZACIONES EL 13 DE MARZO"},"content":{"rendered":"<div class=\"wp-block-image\">\n<figure class=\"aligncenter size-full\"><img loading=\"lazy\" decoding=\"async\" width=\"526\" height=\"526\" src=\"https:\/\/www.nextmultimedio.com\/wp-content\/uploads\/2025\/02\/481511584_18290436091243999_5589480743533507140_n.jpg\" alt=\"\" class=\"wp-image-9752\" srcset=\"https:\/\/www.nextmultimedio.com\/wp-content\/uploads\/2025\/02\/481511584_18290436091243999_5589480743533507140_n.jpg 526w, https:\/\/www.nextmultimedio.com\/wp-content\/uploads\/2025\/02\/481511584_18290436091243999_5589480743533507140_n-300x300.jpg 300w\" sizes=\"auto, (max-width: 526px) 100vw, 526px\" \/><\/figure>\n<\/div>\n\n\n<p>La medida de fuerza iba a ser el 5 de marzo. La decisi\u00f3n se debe a que se produjo \u201cun acercamiento\u201d de los sindicatos y el Gobierno para tratar distintos <a><\/a>reclamos del sector. La confederaci\u00f3n de maestros decidi\u00f3 no hacer huelgas y s\u00ed una jornada de protesta<\/p>\n\n\n\n<p>Los sindicatos docentes de la CGT suspendieron el paro del 5 de marzo que iba a complicar el inicio de las clases en 8 provincias, mientras, por separado, el congreso nacional de la Confederaci\u00f3n de Trabajadores de la Educaci\u00f3n de la Rep\u00fablica Argentina (CTERA), que deliber\u00f3 este mediod\u00eda, tampoco defini\u00f3 una nueva huelga y, en cambio, anunci\u00f3 una \u201cjornada de protesta\u201d para el 13 de marzo, con movilizaciones callejeras en todo el pa\u00eds.<\/p>\n\n\n\n<p><a href=\"https:\/\/www.facebook.com\/photo\/?fbid=1189797616484746&amp;set=a.356501556481027&amp;__cft__[0]=AZU7uHzHM0qzJUCL4jybfAYfieEsDWZ-Ve5OBvqu0bcQH1L-OrizvNvGO3ujZvx64iDRwRzXgbEAAS0Ixj47e7TzAeXCi3Cm-k642TN0PXwOBj5Bo7lkQMsAAf1fd1Nx0_tr7TRMKKBeza5eWr3e8l_zpXqdXDpkLhho-O99dmWNgOlKCBVn84TDyHYSNWTb3DM&amp;__tn__=EH-R\"><\/a><\/p>\n\n\n\n<figure class=\"wp-block-image\"><a href=\"https:\/\/www.facebook.com\/photo\/?fbid=1189797616484746&amp;set=a.356501556481027&amp;__cft__[0]=AZU7uHzHM0qzJUCL4jybfAYfieEsDWZ-Ve5OBvqu0bcQH1L-OrizvNvGO3ujZvx64iDRwRzXgbEAAS0Ixj47e7TzAeXCi3Cm-k642TN0PXwOBj5Bo7lkQMsAAf1fd1Nx0_tr7TRMKKBeza5eWr3e8l_zpXqdXDpkLhho-O99dmWNgOlKCBVn84TDyHYSNWTb3DM&amp;__tn__=EH-R\"><img decoding=\"async\" src=\"https:\/\/scontent.fcor10-3.fna.fbcdn.net\/v\/t51.75761-15\/481511584_18290436091243999_5589480743533507140_n.jpg?stp=dst-jpg_p526x296_tt6&amp;_nc_cat=109&amp;ccb=1-7&amp;_nc_sid=127cfc&amp;_nc_eui2=AeE3r1ax6vRIN-NLrbEleKfD08FIMalWQXbTwUgxqVZBdp29mdXQMPIG04oxTTpkouw&amp;_nc_ohc=DHFrGIt0rEMQ7kNvgE0xHGY&amp;_nc_oc=Adh_rBKI5_ls3ZSImUScn44RIW0bGhm_soe993T435-atq-cqwO2VFb1pWhoY9JFBFI&amp;_nc_zt=23&amp;_nc_ht=scontent.fcor10-3.fna&amp;_nc_gid=Azd8d5OSq3fZbO6OY8nqxaG&amp;oh=00_AYDcdq6N-qBa7Xp1IunashJGOMGYbTNNXLnK52d0BsMK7Q&amp;oe=67C6EC21\" alt=\"Puede ser una imagen de 9 personas y texto\"\/><\/a><\/figure>\n","protected":false},"excerpt":{"rendered":"<p>La medida de fuerza iba a ser el 5 de marzo. La decisi\u00f3n se debe a que se produjo \u201cun acercamiento\u201d de los sindicatos y el Gobierno para tratar distintos reclamos del sector. La confederaci\u00f3n de maestros decidi\u00f3 no hacer huelgas y s\u00ed una jornada de protesta Los sindicatos docentes de la CGT suspendieron el [&hellip;]<\/p>\n","protected":false},"author":1,"featured_media":9752,"comment_status":"closed","ping_status":"closed","sticky":false,"template":"","format":"standard","meta":{"footnotes":""},"categories":[69],"tags":[345],"class_list":["post-9751","post","type-post","status-publish","format-standard","has-post-thumbnail","hentry","category-noticias","tag-destacar"],"_links":{"self":[{"href":"https:\/\/www.nextmultimedio.com\/index.php?rest_route=\/wp\/v2\/posts\/9751","targetHints":{"allow":["GET"]}}],"collection":[{"href":"https:\/\/www.nextmultimedio.com\/index.php?rest_route=\/wp\/v2\/posts"}],"about":[{"href":"https:\/\/www.nextmultimedio.com\/index.php?rest_route=\/wp\/v2\/types\/post"}],"author":[{"embeddable":true,"href":"https:\/\/www.nextmultimedio.com\/index.php?rest_route=\/wp\/v2\/users\/1"}],"replies":[{"embeddable":true,"href":"https:\/\/www.nextmultimedio.com\/index.php?rest_route=%2Fwp%2Fv2%2Fcomments&post=9751"}],"version-history":[{"count":1,"href":"https:\/\/www.nextmultimedio.com\/index.php?rest_route=\/wp\/v2\/posts\/9751\/revisions"}],"predecessor-version":[{"id":9753,"href":"https:\/\/www.nextmultimedio.com\/index.php?rest_route=\/wp\/v2\/posts\/9751\/revisions\/9753"}],"wp:featuredmedia":[{"embeddable":true,"href":"https:\/\/www.nextmultimedio.com\/index.php?rest_route=\/wp\/v2\/media\/9752"}],"wp:attachment":[{"href":"https:\/\/www.nextmultimedio.com\/index.php?rest_route=%2Fwp%2Fv2%2Fmedia&parent=9751"}],"wp:term":[{"taxonomy":"category","embeddable":true,"href":"https:\/\/www.nextmultimedio.com\/index.php?rest_route=%2Fwp%2Fv2%2Fcategories&post=9751"},{"taxonomy":"post_tag","embeddable":true,"href":"https:\/\/www.nextmultimedio.com\/index.php?rest_route=%2Fwp%2Fv2%2Ftags&post=9751"}],"curies":[{"name":"wp","href":"https:\/\/api.w.org\/{rel}","templated":true}]}}