{"id":9742,"date":"2025-02-26T19:45:52","date_gmt":"2025-02-26T22:45:52","guid":{"rendered":"https:\/\/www.nextmultimedio.com\/?p=9742"},"modified":"2025-02-26T19:45:52","modified_gmt":"2025-02-26T22:45:52","slug":"la-provincia-licito-la-repavimentacion-de-la-ruta-provincial-15","status":"publish","type":"post","link":"https:\/\/www.nextmultimedio.com\/?p=9742","title":{"rendered":"LA PROVINCIA LICIT\u00d3 LA REPAVIMENTACI\u00d3N DE LA RUTA PROVINCIAL 15"},"content":{"rendered":"\n<figure class=\"wp-block-image size-large\"><img loading=\"lazy\" decoding=\"async\" width=\"1024\" height=\"1024\" src=\"https:\/\/www.nextmultimedio.com\/wp-content\/uploads\/2025\/02\/481980347_18290286784243999_1849292749815957101_n-1024x1024.jpg\" alt=\"\" class=\"wp-image-9743\" srcset=\"https:\/\/www.nextmultimedio.com\/wp-content\/uploads\/2025\/02\/481980347_18290286784243999_1849292749815957101_n-1024x1024.jpg 1024w, https:\/\/www.nextmultimedio.com\/wp-content\/uploads\/2025\/02\/481980347_18290286784243999_1849292749815957101_n-300x300.jpg 300w, https:\/\/www.nextmultimedio.com\/wp-content\/uploads\/2025\/02\/481980347_18290286784243999_1849292749815957101_n-768x768.jpg 768w, https:\/\/www.nextmultimedio.com\/wp-content\/uploads\/2025\/02\/481980347_18290286784243999_1849292749815957101_n.jpg 1440w\" sizes=\"auto, (max-width: 1024px) 100vw, 1024px\" \/><\/figure>\n\n\n\n<p>El Gobierno de C\u00f3rdoba, a trav\u00e9s del Ministerio de Infraestructura y Servicios P\u00fablicos, licit\u00f3 la rehabilitaci\u00f3n integral de la Ruta Provincial 15, entre La Higuera y San Carlos Minas, y la <a><\/a>conservaci\u00f3n de rutas aleda\u00f1as del departamento Minas.<\/p>\n\n\n\n<p>La obra se extiende en una longitud de 20 km y cuenta con un presupuesto oficial de 17.801.658.000 pesos.<\/p>\n\n\n\n<p>El acto licitatorio estuvo encabezado por el director de Vialidad Provincial, Mart\u00edn Guti\u00e9rrez.<\/p>\n\n\n\n<p>Presentaron ofertas las empresas AFEMA S.A. y APE S.A.<\/p>\n\n\n\n<p>M\u00e1s obras viales en la zona<\/p>\n\n\n\n<p>Actualmente la Provincia avanza con la pavimentaci\u00f3n de la Ruta S-400, entre La Higuera (departamento Cruz del Eje) y Rumi Huasi (departamento Minas). Las tareas se desarrollan en 14.7 km, con un 75 % de obra ejecutada.<\/p>\n\n\n\n<p>Adem\u00e1s, en la repavimentaci\u00f3n de la RP 15 en los 12.5 km comprendidos entre La Higuera y Tres \u00c1rboles (departamento Cruz del Eje). Los trabajos tienen un 98 % de avance.<\/p>\n\n\n\n<p>Por la RP 15 y la Ruta S-400 circulan veh\u00edculos livianos, turistas que visitan la provincia y camiones de gran porte por ser una zona de canteras de granito. Las obras de pavimentaci\u00f3n y rehabilitaci\u00f3n integral de la v\u00eda, permitir\u00e1n un mayor desarrollo del turismo de la zona y m\u00e1s seguridad vial para lugare\u00f1os y visitantes a la provincia.<\/p>\n\n\n\n<p><a href=\"https:\/\/www.facebook.com\/photo\/?fbid=1188675729930268&amp;set=pcb.1188675773263597&amp;__cft__[0]=AZWaTutAosmdQWBY77q1Nz0KbXHDh-3XSOgno7NKESljPCc-51EhxwGoliXcTorKEjb_FfEDzY1e1w_OztXu_GlPadEC_rbwXN5OhGUGJxn7dIIBuc619DkvJaoRWjIrz7c7yv2y5Qacvw3CzXqvgGUZ8LVMSpn0UJhYtJ1kkDiUKikipNEbCvbjkgFLMQ06yCI&amp;__tn__=*bH-R\"><\/a><\/p>\n\n\n\n<figure class=\"wp-block-image\"><a href=\"https:\/\/www.facebook.com\/photo\/?fbid=1188675729930268&amp;set=pcb.1188675773263597&amp;__cft__[0]=AZWaTutAosmdQWBY77q1Nz0KbXHDh-3XSOgno7NKESljPCc-51EhxwGoliXcTorKEjb_FfEDzY1e1w_OztXu_GlPadEC_rbwXN5OhGUGJxn7dIIBuc619DkvJaoRWjIrz7c7yv2y5Qacvw3CzXqvgGUZ8LVMSpn0UJhYtJ1kkDiUKikipNEbCvbjkgFLMQ06yCI&amp;__tn__=*bH-R\"><img decoding=\"async\" src=\"https:\/\/scontent.fcor10-3.fna.fbcdn.net\/v\/t51.75761-15\/481980347_18290286784243999_1849292749815957101_n.jpg?stp=dst-jpg_s600x600_tt6&amp;_nc_cat=104&amp;ccb=1-7&amp;_nc_sid=127cfc&amp;_nc_eui2=AeFM3fFONeJEgoWnRUyPt-h5vifhKzHz0Pu-J-ErMfPQ-0q6XCwW8yxxuEqpE0Mh5JA&amp;_nc_ohc=IhdKtLxPLfgQ7kNvgHkMnXL&amp;_nc_oc=AdgVMjqG0GJwS6WAWgeTzslVnGTTrpp0m7HPNS-hRpOnGvcV9pHa7GOlqrrNIsEU1jI&amp;_nc_zt=23&amp;_nc_ht=scontent.fcor10-3.fna&amp;_nc_gid=A4-8oAhVdjbh8H6CJRq8dZv&amp;oh=00_AYDrLzQ9VtNUyhWmGBoWGO9_vluNKJGaoV_SkjzGby0WPg&amp;oe=67C56AA4\" alt=\"\"\/><\/a><\/figure>\n\n\n\n<p><a href=\"https:\/\/www.facebook.com\/photo\/?fbid=1188675726596935&amp;set=pcb.1188675773263597&amp;__cft__[0]=AZWaTutAosmdQWBY77q1Nz0KbXHDh-3XSOgno7NKESljPCc-51EhxwGoliXcTorKEjb_FfEDzY1e1w_OztXu_GlPadEC_rbwXN5OhGUGJxn7dIIBuc619DkvJaoRWjIrz7c7yv2y5Qacvw3CzXqvgGUZ8LVMSpn0UJhYtJ1kkDiUKikipNEbCvbjkgFLMQ06yCI&amp;__tn__=*bH-R\"><\/a><\/p>\n\n\n\n<figure class=\"wp-block-image\"><a href=\"https:\/\/www.facebook.com\/photo\/?fbid=1188675726596935&amp;set=pcb.1188675773263597&amp;__cft__[0]=AZWaTutAosmdQWBY77q1Nz0KbXHDh-3XSOgno7NKESljPCc-51EhxwGoliXcTorKEjb_FfEDzY1e1w_OztXu_GlPadEC_rbwXN5OhGUGJxn7dIIBuc619DkvJaoRWjIrz7c7yv2y5Qacvw3CzXqvgGUZ8LVMSpn0UJhYtJ1kkDiUKikipNEbCvbjkgFLMQ06yCI&amp;__tn__=*bH-R\"><img decoding=\"async\" src=\"https:\/\/scontent.fcor10-3.fna.fbcdn.net\/v\/t51.75761-15\/482123590_18290286793243999_1085966664009917216_n.jpg?stp=dst-jpg_s600x600_tt6&amp;_nc_cat=107&amp;ccb=1-7&amp;_nc_sid=127cfc&amp;_nc_eui2=AeGevJs-MUKkLluIcoo-dTkZrozal1UF5hiujNqXVQXmGHeXqbm0YXMgktJImgeH3FE&amp;_nc_ohc=FBCkegGl12UQ7kNvgFgO0Ik&amp;_nc_oc=AdiDfQmCrmQi8pJNYO6VN2-AtGTTLxmTkAtATFrJaDPJvi-eT4CbUq_oMJjNFbJGY0Q&amp;_nc_zt=23&amp;_nc_ht=scontent.fcor10-3.fna&amp;_nc_gid=A4-8oAhVdjbh8H6CJRq8dZv&amp;oh=00_AYBWk3963OypIHP2UK500Q_RmvYo1FFwNI5Vsjbk882BPg&amp;oe=67C56CEA\" alt=\"\"\/><\/a><\/figure>\n\n\n\n<p><a href=\"https:\/\/www.facebook.com\/photo\/?fbid=1188675723263602&amp;set=pcb.1188675773263597&amp;__cft__[0]=AZWaTutAosmdQWBY77q1Nz0KbXHDh-3XSOgno7NKESljPCc-51EhxwGoliXcTorKEjb_FfEDzY1e1w_OztXu_GlPadEC_rbwXN5OhGUGJxn7dIIBuc619DkvJaoRWjIrz7c7yv2y5Qacvw3CzXqvgGUZ8LVMSpn0UJhYtJ1kkDiUKikipNEbCvbjkgFLMQ06yCI&amp;__tn__=*bH-R\"><\/a><\/p>\n\n\n\n<figure class=\"wp-block-image\"><a href=\"https:\/\/www.facebook.com\/photo\/?fbid=1188675723263602&amp;set=pcb.1188675773263597&amp;__cft__[0]=AZWaTutAosmdQWBY77q1Nz0KbXHDh-3XSOgno7NKESljPCc-51EhxwGoliXcTorKEjb_FfEDzY1e1w_OztXu_GlPadEC_rbwXN5OhGUGJxn7dIIBuc619DkvJaoRWjIrz7c7yv2y5Qacvw3CzXqvgGUZ8LVMSpn0UJhYtJ1kkDiUKikipNEbCvbjkgFLMQ06yCI&amp;__tn__=*bH-R\"><img decoding=\"async\" src=\"https:\/\/scontent.fcor10-4.fna.fbcdn.net\/v\/t51.75761-15\/481749542_18290286802243999_4952029932827471180_n.jpg?stp=dst-jpg_s600x600_tt6&amp;_nc_cat=111&amp;ccb=1-7&amp;_nc_sid=127cfc&amp;_nc_eui2=AeHUP6a1skTw0SQntWcTcNox8dri4Fn32Kzx2uLgWffYrOv9pEaCD-6CIEjI37A1CeQ&amp;_nc_ohc=8vW0wX6Hz2gQ7kNvgGVCH_m&amp;_nc_oc=AdiKP27cLppoS-CzYgOnpjZk0D9WPpCHM_3ciF_uhlNT4g4vc_SD43-Hg8P9Usls7lo&amp;_nc_zt=23&amp;_nc_ht=scontent.fcor10-4.fna&amp;_nc_gid=A4-8oAhVdjbh8H6CJRq8dZv&amp;oh=00_AYDCj2RsFsdG3d_2K5aE0RLE-9QyUgCpPMlmfmx1dLQ85g&amp;oe=67C57A0A\" alt=\"\"\/><\/a><\/figure>\n\n\n\n<p><a href=\"https:\/\/www.facebook.com\/photo\/?fbid=1188675733263601&amp;set=pcb.1188675773263597&amp;__cft__[0]=AZWaTutAosmdQWBY77q1Nz0KbXHDh-3XSOgno7NKESljPCc-51EhxwGoliXcTorKEjb_FfEDzY1e1w_OztXu_GlPadEC_rbwXN5OhGUGJxn7dIIBuc619DkvJaoRWjIrz7c7yv2y5Qacvw3CzXqvgGUZ8LVMSpn0UJhYtJ1kkDiUKikipNEbCvbjkgFLMQ06yCI&amp;__tn__=*bH-R\"><\/a><\/p>\n\n\n\n<figure class=\"wp-block-image\"><a href=\"https:\/\/www.facebook.com\/photo\/?fbid=1188675733263601&amp;set=pcb.1188675773263597&amp;__cft__[0]=AZWaTutAosmdQWBY77q1Nz0KbXHDh-3XSOgno7NKESljPCc-51EhxwGoliXcTorKEjb_FfEDzY1e1w_OztXu_GlPadEC_rbwXN5OhGUGJxn7dIIBuc619DkvJaoRWjIrz7c7yv2y5Qacvw3CzXqvgGUZ8LVMSpn0UJhYtJ1kkDiUKikipNEbCvbjkgFLMQ06yCI&amp;__tn__=*bH-R\"><img decoding=\"async\" src=\"https:\/\/scontent.fcor10-3.fna.fbcdn.net\/v\/t51.75761-15\/481980569_18290286811243999_4477324140716088340_n.jpg?stp=dst-jpg_s600x600_tt6&amp;_nc_cat=109&amp;ccb=1-7&amp;_nc_sid=127cfc&amp;_nc_eui2=AeEZ-_rd7kMMVUvjgmuG7nsOKjUHsAaRMGwqNQewBpEwbLe6xHItwlxXsB0dYmEsZ-8&amp;_nc_ohc=5uYWpMCC0S0Q7kNvgHpBJdD&amp;_nc_oc=AdiT7jlhQneNOHk3X3P86MsF5XGrjAjSu2LiFodn4UZqMFFMipAzwPgJtPfL4GGNHXM&amp;_nc_zt=23&amp;_nc_ht=scontent.fcor10-3.fna&amp;_nc_gid=A4-8oAhVdjbh8H6CJRq8dZv&amp;oh=00_AYB71FezmJqrewQonzMG0zy4WqKX1Rs0lg7zK_v310asig&amp;oe=67C55917\" alt=\"\"\/><\/a><\/figure>\n","protected":false},"excerpt":{"rendered":"<p>El Gobierno de C\u00f3rdoba, a trav\u00e9s del Ministerio de Infraestructura y Servicios P\u00fablicos, licit\u00f3 la rehabilitaci\u00f3n integral de la Ruta Provincial 15, entre La Higuera y San Carlos Minas, y la conservaci\u00f3n de rutas aleda\u00f1as del departamento Minas. La obra se extiende en una longitud de 20 km y cuenta con un presupuesto oficial de [&hellip;]<\/p>\n","protected":false},"author":1,"featured_media":9743,"comment_status":"closed","ping_status":"closed","sticky":false,"template":"","format":"standard","meta":{"footnotes":""},"categories":[69],"tags":[345],"class_list":["post-9742","post","type-post","status-publish","format-standard","has-post-thumbnail","hentry","category-noticias","tag-destacar"],"_links":{"self":[{"href":"https:\/\/www.nextmultimedio.com\/index.php?rest_route=\/wp\/v2\/posts\/9742","targetHints":{"allow":["GET"]}}],"collection":[{"href":"https:\/\/www.nextmultimedio.com\/index.php?rest_route=\/wp\/v2\/posts"}],"about":[{"href":"https:\/\/www.nextmultimedio.com\/index.php?rest_route=\/wp\/v2\/types\/post"}],"author":[{"embeddable":true,"href":"https:\/\/www.nextmultimedio.com\/index.php?rest_route=\/wp\/v2\/users\/1"}],"replies":[{"embeddable":true,"href":"https:\/\/www.nextmultimedio.com\/index.php?rest_route=%2Fwp%2Fv2%2Fcomments&post=9742"}],"version-history":[{"count":1,"href":"https:\/\/www.nextmultimedio.com\/index.php?rest_route=\/wp\/v2\/posts\/9742\/revisions"}],"predecessor-version":[{"id":9744,"href":"https:\/\/www.nextmultimedio.com\/index.php?rest_route=\/wp\/v2\/posts\/9742\/revisions\/9744"}],"wp:featuredmedia":[{"embeddable":true,"href":"https:\/\/www.nextmultimedio.com\/index.php?rest_route=\/wp\/v2\/media\/9743"}],"wp:attachment":[{"href":"https:\/\/www.nextmultimedio.com\/index.php?rest_route=%2Fwp%2Fv2%2Fmedia&parent=9742"}],"wp:term":[{"taxonomy":"category","embeddable":true,"href":"https:\/\/www.nextmultimedio.com\/index.php?rest_route=%2Fwp%2Fv2%2Fcategories&post=9742"},{"taxonomy":"post_tag","embeddable":true,"href":"https:\/\/www.nextmultimedio.com\/index.php?rest_route=%2Fwp%2Fv2%2Ftags&post=9742"}],"curies":[{"name":"wp","href":"https:\/\/api.w.org\/{rel}","templated":true}]}}