{"id":9739,"date":"2025-02-26T19:43:49","date_gmt":"2025-02-26T22:43:49","guid":{"rendered":"https:\/\/www.nextmultimedio.com\/?p=9739"},"modified":"2025-02-26T19:43:50","modified_gmt":"2025-02-26T22:43:50","slug":"campeonato-mundial-de-motocross-2025llega-el-fan-fest-a-carlos-paz","status":"publish","type":"post","link":"https:\/\/www.nextmultimedio.com\/?p=9739","title":{"rendered":"CAMPEONATO MUNDIAL DE MOTOCROSS 2025:LLEGA EL FAN FEST A CARLOS PAZ"},"content":{"rendered":"\n<figure class=\"wp-block-image size-large\"><img loading=\"lazy\" decoding=\"async\" width=\"819\" height=\"1024\" src=\"https:\/\/www.nextmultimedio.com\/wp-content\/uploads\/2025\/02\/481781050_18290298715243999_1328454883806983678_n-819x1024.jpg\" alt=\"\" class=\"wp-image-9740\" srcset=\"https:\/\/www.nextmultimedio.com\/wp-content\/uploads\/2025\/02\/481781050_18290298715243999_1328454883806983678_n-819x1024.jpg 819w, https:\/\/www.nextmultimedio.com\/wp-content\/uploads\/2025\/02\/481781050_18290298715243999_1328454883806983678_n-240x300.jpg 240w, https:\/\/www.nextmultimedio.com\/wp-content\/uploads\/2025\/02\/481781050_18290298715243999_1328454883806983678_n-768x960.jpg 768w, https:\/\/www.nextmultimedio.com\/wp-content\/uploads\/2025\/02\/481781050_18290298715243999_1328454883806983678_n-1229x1536.jpg 1229w, https:\/\/www.nextmultimedio.com\/wp-content\/uploads\/2025\/02\/481781050_18290298715243999_1328454883806983678_n.jpg 1440w\" sizes=\"auto, (max-width: 819px) 100vw, 819px\" \/><\/figure>\n\n\n\n<p>Villa Carlos Paz se prepara para recibir el MXGP Fan Fest 2025, un evento que complementa la realizaci\u00f3n del Campeonato Mundial de Motocross (MXGP) en C\u00f3rdoba.<\/p>\n\n\n\n<p>El <a><\/a>mismo se desarrollar\u00e1 desde el viernes 28 de febrero hasta el lunes 3 de marzo, en el Parque de Asistencia del Rally Mundial.<\/p>\n\n\n\n<p>El MXGP Fan Fest ofrecer\u00e1 una variedad de actividades gratuitas a partir de las 20:00 horas:como DJs en vivo, m\u00fasica en directo, stands comerciales, propuestas gastron\u00f3micas , sorteos, demostraciones de acrobacias en moto entre otras.<\/p>\n\n\n\n<p>Este festival se enmarca en la celebraci\u00f3n de la primera fecha del Campeonato Mundial de Motocross 2025, que por primera vez se disputar\u00e1 en la ciudad de C\u00f3rdoba los d\u00edas 1 y 2 de marzo en el nuevo Infinito Race Track. La pista, ubicada en el complejo Infinito Open sobre la autopista Ruta 9 y Circunvalaci\u00f3n, albergar\u00e1 a 80 pilotos de \u00e9lite que competir\u00e1n en las categor\u00edas MXGP y MX2.<\/p>\n\n\n\n<p>La entrada es libre y gratuita.<\/p>\n\n\n\n<p><a href=\"https:\/\/www.facebook.com\/photo\/?fbid=1188755033255671&amp;set=pcb.1188755056589002&amp;__cft__[0]=AZWGIyeOMLItdadzAWeUQIQ8p1qqt_V4XWzkswi97T1zyt5De6t4mAH43vsOmOFIsjWLYLgScxt6366si-Bp_jYtLms6mVmzssOpHBYL9jVNvYowCB95N4Qs9vhlvZrI0hZVdzHdkMBIYSZuY772g_g6GcoBGAb8z7YuflTE1wCVKhdPnNrpJVGXgdBJ2zdP3P8&amp;__tn__=*bH-R\"><\/a><\/p>\n\n\n\n<figure class=\"wp-block-image\"><a href=\"https:\/\/www.facebook.com\/photo\/?fbid=1188755033255671&amp;set=pcb.1188755056589002&amp;__cft__[0]=AZWGIyeOMLItdadzAWeUQIQ8p1qqt_V4XWzkswi97T1zyt5De6t4mAH43vsOmOFIsjWLYLgScxt6366si-Bp_jYtLms6mVmzssOpHBYL9jVNvYowCB95N4Qs9vhlvZrI0hZVdzHdkMBIYSZuY772g_g6GcoBGAb8z7YuflTE1wCVKhdPnNrpJVGXgdBJ2zdP3P8&amp;__tn__=*bH-R\"><img decoding=\"async\" src=\"https:\/\/scontent.fcor10-3.fna.fbcdn.net\/v\/t51.75761-15\/481781050_18290298715243999_1328454883806983678_n.jpg?stp=dst-jpg_s600x600_tt6&amp;_nc_cat=108&amp;ccb=1-7&amp;_nc_sid=127cfc&amp;_nc_eui2=AeHeyrrU-mlWb8o_V7-ULoo-fnp3awwvt_l-endrDC-3-UuN8ZGFaGdwbxFTLZrsJ_c&amp;_nc_ohc=-vCcdddwrSsQ7kNvgEkr-J1&amp;_nc_oc=AdjZfvfVWQhIFTiTHqwttp1o2CkXWWJW1RvXFmvBSn1VsphnxUH1KyzGVih-nF1lMs4&amp;_nc_zt=23&amp;_nc_ht=scontent.fcor10-3.fna&amp;_nc_gid=AJ9N4EWSPc2PJ3RZ9Y03UiX&amp;oh=00_AYDv1EzOWNvZ-03Eiw_AQwXJBgoB1Wuyx_8ALm9YvceGDA&amp;oe=67C56F38\" alt=\"\"\/><\/a><\/figure>\n\n\n\n<p><a href=\"https:\/\/www.facebook.com\/photo\/?fbid=1188755036589004&amp;set=pcb.1188755056589002&amp;__cft__[0]=AZWGIyeOMLItdadzAWeUQIQ8p1qqt_V4XWzkswi97T1zyt5De6t4mAH43vsOmOFIsjWLYLgScxt6366si-Bp_jYtLms6mVmzssOpHBYL9jVNvYowCB95N4Qs9vhlvZrI0hZVdzHdkMBIYSZuY772g_g6GcoBGAb8z7YuflTE1wCVKhdPnNrpJVGXgdBJ2zdP3P8&amp;__tn__=*bH-R\"><\/a><\/p>\n\n\n\n<figure class=\"wp-block-image\"><a href=\"https:\/\/www.facebook.com\/photo\/?fbid=1188755036589004&amp;set=pcb.1188755056589002&amp;__cft__[0]=AZWGIyeOMLItdadzAWeUQIQ8p1qqt_V4XWzkswi97T1zyt5De6t4mAH43vsOmOFIsjWLYLgScxt6366si-Bp_jYtLms6mVmzssOpHBYL9jVNvYowCB95N4Qs9vhlvZrI0hZVdzHdkMBIYSZuY772g_g6GcoBGAb8z7YuflTE1wCVKhdPnNrpJVGXgdBJ2zdP3P8&amp;__tn__=*bH-R\"><img decoding=\"async\" src=\"https:\/\/scontent.fcor10-3.fna.fbcdn.net\/v\/t51.75761-15\/481915704_18290298724243999_2662617942271728776_n.jpg?stp=dst-jpg_s600x600_tt6&amp;_nc_cat=107&amp;ccb=1-7&amp;_nc_sid=127cfc&amp;_nc_eui2=AeFTOZKBUN0SwM-fkQPklc6ym9RFGZaV4hCb1EUZlpXiECIH4_CG3B-Oz4uvADu1k2c&amp;_nc_ohc=nnqLGLQkvs0Q7kNvgG2d0g1&amp;_nc_oc=Adhnn20IQtjIp_u05ZDGpJ1bZCz5QVZbCP9tzY2QuXC_As8L9eCUdh592b0yUG-A7bU&amp;_nc_zt=23&amp;_nc_ht=scontent.fcor10-3.fna&amp;_nc_gid=AJ9N4EWSPc2PJ3RZ9Y03UiX&amp;oh=00_AYCsG3-aHqTrfW6oFWVsVCDfK_bFs8N9YibkqQ9uPX0Vow&amp;oe=67C56CB8\" alt=\"\"\/><\/a><\/figure>\n\n\n\n<p><a href=\"https:\/\/www.facebook.com\/photo\/?fbid=1188755029922338&amp;set=pcb.1188755056589002&amp;__cft__[0]=AZWGIyeOMLItdadzAWeUQIQ8p1qqt_V4XWzkswi97T1zyt5De6t4mAH43vsOmOFIsjWLYLgScxt6366si-Bp_jYtLms6mVmzssOpHBYL9jVNvYowCB95N4Qs9vhlvZrI0hZVdzHdkMBIYSZuY772g_g6GcoBGAb8z7YuflTE1wCVKhdPnNrpJVGXgdBJ2zdP3P8&amp;__tn__=*bH-R\"><\/a><\/p>\n\n\n\n<figure class=\"wp-block-image\"><a href=\"https:\/\/www.facebook.com\/photo\/?fbid=1188755029922338&amp;set=pcb.1188755056589002&amp;__cft__[0]=AZWGIyeOMLItdadzAWeUQIQ8p1qqt_V4XWzkswi97T1zyt5De6t4mAH43vsOmOFIsjWLYLgScxt6366si-Bp_jYtLms6mVmzssOpHBYL9jVNvYowCB95N4Qs9vhlvZrI0hZVdzHdkMBIYSZuY772g_g6GcoBGAb8z7YuflTE1wCVKhdPnNrpJVGXgdBJ2zdP3P8&amp;__tn__=*bH-R\"><img decoding=\"async\" src=\"https:\/\/scontent.fcor10-3.fna.fbcdn.net\/v\/t51.75761-15\/481572070_18290298733243999_433628288699395087_n.jpg?stp=dst-jpg_s600x600_tt6&amp;_nc_cat=109&amp;ccb=1-7&amp;_nc_sid=127cfc&amp;_nc_eui2=AeG0jMe_GUpYwCNrgB8dgevl4u8Yw14Iek7i7xjDXgh6TkhI6_0O9AowbtsUxk_uRNU&amp;_nc_ohc=n3RLDL9zH18Q7kNvgH2vNks&amp;_nc_oc=Adj2-RMFYBAFM1Pu2woIwsTTiEvtT2dfi5jFdG_VWGqOhPhjZojMfNY_86bu6RkqRIc&amp;_nc_zt=23&amp;_nc_ht=scontent.fcor10-3.fna&amp;_nc_gid=AJ9N4EWSPc2PJ3RZ9Y03UiX&amp;oh=00_AYD5WoTvMG2Vk5hWGPn99dBidOtCGiqh3z5GO2HrjM-ilg&amp;oe=67C584F5\" alt=\"\"\/><\/a><\/figure>\n","protected":false},"excerpt":{"rendered":"<p>Villa Carlos Paz se prepara para recibir el MXGP Fan Fest 2025, un evento que complementa la realizaci\u00f3n del Campeonato Mundial de Motocross (MXGP) en C\u00f3rdoba. El mismo se desarrollar\u00e1 desde el viernes 28 de febrero hasta el lunes 3 de marzo, en el Parque de Asistencia del Rally Mundial. El MXGP Fan Fest ofrecer\u00e1 [&hellip;]<\/p>\n","protected":false},"author":1,"featured_media":9740,"comment_status":"closed","ping_status":"closed","sticky":false,"template":"","format":"standard","meta":{"footnotes":""},"categories":[69],"tags":[345],"class_list":["post-9739","post","type-post","status-publish","format-standard","has-post-thumbnail","hentry","category-noticias","tag-destacar"],"_links":{"self":[{"href":"https:\/\/www.nextmultimedio.com\/index.php?rest_route=\/wp\/v2\/posts\/9739","targetHints":{"allow":["GET"]}}],"collection":[{"href":"https:\/\/www.nextmultimedio.com\/index.php?rest_route=\/wp\/v2\/posts"}],"about":[{"href":"https:\/\/www.nextmultimedio.com\/index.php?rest_route=\/wp\/v2\/types\/post"}],"author":[{"embeddable":true,"href":"https:\/\/www.nextmultimedio.com\/index.php?rest_route=\/wp\/v2\/users\/1"}],"replies":[{"embeddable":true,"href":"https:\/\/www.nextmultimedio.com\/index.php?rest_route=%2Fwp%2Fv2%2Fcomments&post=9739"}],"version-history":[{"count":1,"href":"https:\/\/www.nextmultimedio.com\/index.php?rest_route=\/wp\/v2\/posts\/9739\/revisions"}],"predecessor-version":[{"id":9741,"href":"https:\/\/www.nextmultimedio.com\/index.php?rest_route=\/wp\/v2\/posts\/9739\/revisions\/9741"}],"wp:featuredmedia":[{"embeddable":true,"href":"https:\/\/www.nextmultimedio.com\/index.php?rest_route=\/wp\/v2\/media\/9740"}],"wp:attachment":[{"href":"https:\/\/www.nextmultimedio.com\/index.php?rest_route=%2Fwp%2Fv2%2Fmedia&parent=9739"}],"wp:term":[{"taxonomy":"category","embeddable":true,"href":"https:\/\/www.nextmultimedio.com\/index.php?rest_route=%2Fwp%2Fv2%2Fcategories&post=9739"},{"taxonomy":"post_tag","embeddable":true,"href":"https:\/\/www.nextmultimedio.com\/index.php?rest_route=%2Fwp%2Fv2%2Ftags&post=9739"}],"curies":[{"name":"wp","href":"https:\/\/api.w.org\/{rel}","templated":true}]}}