{"id":9736,"date":"2025-02-26T19:42:02","date_gmt":"2025-02-26T22:42:02","guid":{"rendered":"https:\/\/www.nextmultimedio.com\/?p=9736"},"modified":"2025-02-26T19:42:03","modified_gmt":"2025-02-26T22:42:03","slug":"en-abril-carlos-paz-sera-sede-de-una-nueva-edicion-de-automoto-festival-expo-fest-aventura","status":"publish","type":"post","link":"https:\/\/www.nextmultimedio.com\/?p=9736","title":{"rendered":"EN ABRIL CARLOS PAZ SER\u00c1 SEDE DE UNA NUEVA EDICI\u00d3N DE &#8220;AUTOMOTO FESTIVAL EXPO FEST AVENTURA&#8221;"},"content":{"rendered":"<div class=\"wp-block-image\">\n<figure class=\"aligncenter size-full\"><img loading=\"lazy\" decoding=\"async\" width=\"700\" height=\"430\" src=\"https:\/\/www.nextmultimedio.com\/wp-content\/uploads\/2025\/02\/fotos-ganadora-700x430-1.jpg\" alt=\"\" class=\"wp-image-9737\" srcset=\"https:\/\/www.nextmultimedio.com\/wp-content\/uploads\/2025\/02\/fotos-ganadora-700x430-1.jpg 700w, https:\/\/www.nextmultimedio.com\/wp-content\/uploads\/2025\/02\/fotos-ganadora-700x430-1-300x184.jpg 300w\" sizes=\"auto, (max-width: 700px) 100vw, 700px\" \/><\/figure>\n<\/div>\n\n\n<p>El evento , en su tercera edici\u00f3n, que re\u00fane motorhomes, autos y motos de todos los tiempos , de todo el pa\u00eds y de pa\u00edses vecinos, desembarcar\u00e1 en nuestra ciudad <a><\/a>del viernes 4 al domingo 6 de abril en la Costanera entre Gob.Ferreyra y Gutemberg.<\/p>\n\n\n\n<p>Con entradas libres y gratuita.Una oportunidad para disfrutar en familia de las joyas rodantes , sus historias, sus viajes y sus recorridos.<\/p>\n\n\n\n<p><a href=\"https:\/\/www.facebook.com\/photo\/?fbid=1188760966588411&amp;set=a.356501556481027&amp;__cft__[0]=AZVANTPwm7Ig83z4_XJUD3w9M6io6f4PtOekshvU7p8bETrHTo8cskffR2U0LDGd8UKvGMh4b1jYFCg4jOArzJTg2Hi1amsFj9ldAAijde2ZmyZf12DkfNpMQKnDqC3KenQIp5Vxthu5sYsrLKm1R5Lg0JkpWTx_OSh-vNnl-3MjeeI1G1g9PgQ5vr7Dmot9FPg&amp;__tn__=EH-R\"><\/a><\/p>\n\n\n\n<figure class=\"wp-block-image\"><a href=\"https:\/\/www.facebook.com\/photo\/?fbid=1188760966588411&amp;set=a.356501556481027&amp;__cft__[0]=AZVANTPwm7Ig83z4_XJUD3w9M6io6f4PtOekshvU7p8bETrHTo8cskffR2U0LDGd8UKvGMh4b1jYFCg4jOArzJTg2Hi1amsFj9ldAAijde2ZmyZf12DkfNpMQKnDqC3KenQIp5Vxthu5sYsrLKm1R5Lg0JkpWTx_OSh-vNnl-3MjeeI1G1g9PgQ5vr7Dmot9FPg&amp;__tn__=EH-R\"><img decoding=\"async\" src=\"https:\/\/scontent.fcor10-3.fna.fbcdn.net\/v\/t51.75761-15\/482331009_18290299348243999_6703341785809739009_n.jpg?stp=dst-jpg_s640x640_tt6&amp;_nc_cat=100&amp;ccb=1-7&amp;_nc_sid=127cfc&amp;_nc_eui2=AeFAwrNIH8OIFYlK6mrIsf21HgCu1-ZpjRoeAK7X5mmNGkGz-fF21P0Aja2cGwTM19E&amp;_nc_ohc=RfUNk_QBRSQQ7kNvgH7Us88&amp;_nc_oc=Adg3dhFGQugaloLXy0JpLaBa28xS4vIkBH_QoBsnadHwHuxnaY8iipZRiJKtAd2Csv8&amp;_nc_zt=23&amp;_nc_ht=scontent.fcor10-3.fna&amp;_nc_gid=AJ9N4EWSPc2PJ3RZ9Y03UiX&amp;oh=00_AYB3zFaj0DVI0R8roPGKhK6U_Hjufn7cyk0-CMKE_71R4A&amp;oe=67C55394\" alt=\"Puede ser una imagen de texto que dice &quot;3541 621217 4,5Y6DE 5 DE ABRIL ABRILDEL2025 DEL 2025 TERCERA P DE MOTORHOMES, AUTOS Y MOTOS CL\u00c1SICOS AUTOMOTO FESTIVAL EXPO EXPOFESTAVENTURA FEST AVENTURA \u4e2d&quot;\"\/><\/a><\/figure>\n","protected":false},"excerpt":{"rendered":"<p>El evento , en su tercera edici\u00f3n, que re\u00fane motorhomes, autos y motos de todos los tiempos , de todo el pa\u00eds y de pa\u00edses vecinos, desembarcar\u00e1 en nuestra ciudad del viernes 4 al domingo 6 de abril en la Costanera entre Gob.Ferreyra y Gutemberg. Con entradas libres y gratuita.Una oportunidad para disfrutar en familia [&hellip;]<\/p>\n","protected":false},"author":1,"featured_media":9737,"comment_status":"closed","ping_status":"closed","sticky":false,"template":"","format":"standard","meta":{"footnotes":""},"categories":[69],"tags":[345],"class_list":["post-9736","post","type-post","status-publish","format-standard","has-post-thumbnail","hentry","category-noticias","tag-destacar"],"_links":{"self":[{"href":"https:\/\/www.nextmultimedio.com\/index.php?rest_route=\/wp\/v2\/posts\/9736","targetHints":{"allow":["GET"]}}],"collection":[{"href":"https:\/\/www.nextmultimedio.com\/index.php?rest_route=\/wp\/v2\/posts"}],"about":[{"href":"https:\/\/www.nextmultimedio.com\/index.php?rest_route=\/wp\/v2\/types\/post"}],"author":[{"embeddable":true,"href":"https:\/\/www.nextmultimedio.com\/index.php?rest_route=\/wp\/v2\/users\/1"}],"replies":[{"embeddable":true,"href":"https:\/\/www.nextmultimedio.com\/index.php?rest_route=%2Fwp%2Fv2%2Fcomments&post=9736"}],"version-history":[{"count":1,"href":"https:\/\/www.nextmultimedio.com\/index.php?rest_route=\/wp\/v2\/posts\/9736\/revisions"}],"predecessor-version":[{"id":9738,"href":"https:\/\/www.nextmultimedio.com\/index.php?rest_route=\/wp\/v2\/posts\/9736\/revisions\/9738"}],"wp:featuredmedia":[{"embeddable":true,"href":"https:\/\/www.nextmultimedio.com\/index.php?rest_route=\/wp\/v2\/media\/9737"}],"wp:attachment":[{"href":"https:\/\/www.nextmultimedio.com\/index.php?rest_route=%2Fwp%2Fv2%2Fmedia&parent=9736"}],"wp:term":[{"taxonomy":"category","embeddable":true,"href":"https:\/\/www.nextmultimedio.com\/index.php?rest_route=%2Fwp%2Fv2%2Fcategories&post=9736"},{"taxonomy":"post_tag","embeddable":true,"href":"https:\/\/www.nextmultimedio.com\/index.php?rest_route=%2Fwp%2Fv2%2Ftags&post=9736"}],"curies":[{"name":"wp","href":"https:\/\/api.w.org\/{rel}","templated":true}]}}