{"id":9733,"date":"2025-02-25T21:49:37","date_gmt":"2025-02-26T00:49:37","guid":{"rendered":"https:\/\/www.nextmultimedio.com\/?p=9733"},"modified":"2025-02-25T21:49:38","modified_gmt":"2025-02-26T00:49:38","slug":"llegan-los-carnavales-con-caporales-morenadas-y-comparsas-a-carlos-paz","status":"publish","type":"post","link":"https:\/\/www.nextmultimedio.com\/?p=9733","title":{"rendered":"LLEGAN LOS CARNAVALES CON CAPORALES, MORENADAS Y COMPARSAS A CARLOS PAZ"},"content":{"rendered":"\n<p><strong>Comenzar\u00e1n en el Cu-C\u00fa, con m\u00fasica y la identificaci\u00f3n del origen de cada una<\/strong>.<\/p>\n\n\n\n<figure class=\"wp-block-image size-large\"><img loading=\"lazy\" decoding=\"async\" width=\"1024\" height=\"683\" src=\"https:\/\/www.nextmultimedio.com\/wp-content\/uploads\/2025\/02\/carlos-paz-1170x780-1-1024x683.jpg\" alt=\"\" class=\"wp-image-9734\" srcset=\"https:\/\/www.nextmultimedio.com\/wp-content\/uploads\/2025\/02\/carlos-paz-1170x780-1-1024x683.jpg 1024w, https:\/\/www.nextmultimedio.com\/wp-content\/uploads\/2025\/02\/carlos-paz-1170x780-1-300x200.jpg 300w, https:\/\/www.nextmultimedio.com\/wp-content\/uploads\/2025\/02\/carlos-paz-1170x780-1-768x512.jpg 768w, https:\/\/www.nextmultimedio.com\/wp-content\/uploads\/2025\/02\/carlos-paz-1170x780-1.jpg 1170w\" sizes=\"auto, (max-width: 1024px) 100vw, 1024px\" \/><\/figure>\n\n\n\n<p>La fiesta popular se llevar\u00e1 a cabo el pr\u00f3ximo viernes a las 20hs, e incluir\u00e1 un espectacular desfile internacional de comparsas, con m\u00e1s de 300 artistas y agrupaciones de Argentina, Brasil, Bolivia y Per\u00fa, que partir\u00e1 desde el Reloj Cucu hacia la zona c\u00e9ntrica.<\/p>\n\n\n\n<p>Se realizar\u00e1 una gran puesta en escena con un gran despliegue t\u00e9cnico.<\/p>\n\n\n\n<p>&#8220;La idea es que Carlos Paz de a poco se apropie de este festejo  de carnaval que es tan lindo, vamos a tener caporales, batucadas, morenadas, comparasas,  de todo para pasarla muy bien  &#8221; dijo fernando Barrera director de Cultura del municipio.<\/p>\n","protected":false},"excerpt":{"rendered":"<p>Comenzar\u00e1n en el Cu-C\u00fa, con m\u00fasica y la identificaci\u00f3n del origen de cada una. La fiesta popular se llevar\u00e1 a cabo el pr\u00f3ximo viernes a las 20hs, e incluir\u00e1 un espectacular desfile internacional de comparsas, con m\u00e1s de 300 artistas y agrupaciones de Argentina, Brasil, Bolivia y Per\u00fa, que partir\u00e1 desde el Reloj Cucu hacia [&hellip;]<\/p>\n","protected":false},"author":1,"featured_media":9734,"comment_status":"closed","ping_status":"closed","sticky":false,"template":"","format":"standard","meta":{"footnotes":""},"categories":[69],"tags":[345],"class_list":["post-9733","post","type-post","status-publish","format-standard","has-post-thumbnail","hentry","category-noticias","tag-destacar"],"_links":{"self":[{"href":"https:\/\/www.nextmultimedio.com\/index.php?rest_route=\/wp\/v2\/posts\/9733","targetHints":{"allow":["GET"]}}],"collection":[{"href":"https:\/\/www.nextmultimedio.com\/index.php?rest_route=\/wp\/v2\/posts"}],"about":[{"href":"https:\/\/www.nextmultimedio.com\/index.php?rest_route=\/wp\/v2\/types\/post"}],"author":[{"embeddable":true,"href":"https:\/\/www.nextmultimedio.com\/index.php?rest_route=\/wp\/v2\/users\/1"}],"replies":[{"embeddable":true,"href":"https:\/\/www.nextmultimedio.com\/index.php?rest_route=%2Fwp%2Fv2%2Fcomments&post=9733"}],"version-history":[{"count":1,"href":"https:\/\/www.nextmultimedio.com\/index.php?rest_route=\/wp\/v2\/posts\/9733\/revisions"}],"predecessor-version":[{"id":9735,"href":"https:\/\/www.nextmultimedio.com\/index.php?rest_route=\/wp\/v2\/posts\/9733\/revisions\/9735"}],"wp:featuredmedia":[{"embeddable":true,"href":"https:\/\/www.nextmultimedio.com\/index.php?rest_route=\/wp\/v2\/media\/9734"}],"wp:attachment":[{"href":"https:\/\/www.nextmultimedio.com\/index.php?rest_route=%2Fwp%2Fv2%2Fmedia&parent=9733"}],"wp:term":[{"taxonomy":"category","embeddable":true,"href":"https:\/\/www.nextmultimedio.com\/index.php?rest_route=%2Fwp%2Fv2%2Fcategories&post=9733"},{"taxonomy":"post_tag","embeddable":true,"href":"https:\/\/www.nextmultimedio.com\/index.php?rest_route=%2Fwp%2Fv2%2Ftags&post=9733"}],"curies":[{"name":"wp","href":"https:\/\/api.w.org\/{rel}","templated":true}]}}