{"id":9712,"date":"2025-02-23T22:10:31","date_gmt":"2025-02-24T01:10:31","guid":{"rendered":"https:\/\/www.nextmultimedio.com\/?p=9712"},"modified":"2025-02-23T22:10:32","modified_gmt":"2025-02-24T01:10:32","slug":"villa-carlos-paz-disfruto-del-mejor-rally-del-verano-el-desafio-verano-01-rallysprint-latam-2025","status":"publish","type":"post","link":"https:\/\/www.nextmultimedio.com\/?p=9712","title":{"rendered":"VILLA CARLOS PAZ DISFRUT\u00d3 DEL MEJOR RALLY DEL VERANO: EL DESAF\u00cdO VERANO #01 RALLYSPRINT LATAM 2025"},"content":{"rendered":"\n<figure class=\"wp-block-image size-large\"><img loading=\"lazy\" decoding=\"async\" width=\"1024\" height=\"682\" src=\"https:\/\/www.nextmultimedio.com\/wp-content\/uploads\/2025\/02\/c70348ce-b1da-4b20-b154-6ad8b7468363-1024x682.jpg\" alt=\"\" class=\"wp-image-9713\" srcset=\"https:\/\/www.nextmultimedio.com\/wp-content\/uploads\/2025\/02\/c70348ce-b1da-4b20-b154-6ad8b7468363-1024x682.jpg 1024w, https:\/\/www.nextmultimedio.com\/wp-content\/uploads\/2025\/02\/c70348ce-b1da-4b20-b154-6ad8b7468363-300x200.jpg 300w, https:\/\/www.nextmultimedio.com\/wp-content\/uploads\/2025\/02\/c70348ce-b1da-4b20-b154-6ad8b7468363-768x512.jpg 768w, https:\/\/www.nextmultimedio.com\/wp-content\/uploads\/2025\/02\/c70348ce-b1da-4b20-b154-6ad8b7468363.jpg 1280w\" sizes=\"auto, (max-width: 1024px) 100vw, 1024px\" \/><\/figure>\n\n\n\n<p>Con un marco imponente de m\u00e1s de 15 mil personas solo el s\u00e1bado y miles de familias, turistas y vecinos disfrutando del Parque de Asistencia y el Parque Tem\u00e1tico durante todo el fin de semana, Villa Carlos Paz se convirti\u00f3 en el epicentro del automovilismo latinoamericano con la realizaci\u00f3n del Desaf\u00edo Verano #01 by RSL, la mejor competencia motor del pa\u00eds en esta temporada estival.<\/p>\n\n\n\n<p>Durante tres d\u00edas de adrenalina pura, los mejores pilotos del continente desafiaron los circuitos con un espect\u00e1culo vibrante, en una ciudad que siente el rugir de los motores como parte de su identidad. Desde el impactante S\u00faper Especial Nocturno en la Costa del Lago, que ilumin\u00f3 la ciudad con emoci\u00f3n y velocidad, hasta los desafiantes tramos en el Parque Tem\u00e1tico, la competencia ofreci\u00f3 momentos inolvidables.<\/p>\n\n\n\n<p>La fusi\u00f3n perfecta entre deporte, turismo y entretenimiento convirti\u00f3 a este evento en una experiencia \u00fanica, en la que visitantes de todo el pa\u00eds y del exterior descubrieron el encanto natural, de Villa Carlos Paz, junto a su hospitalidad y su inigualable pasi\u00f3n por el automovilismo.<\/p>\n\n\n\n<p>GANADORES DEL DESAF\u00cdO VERANO #01<br>Clasificaci\u00f3n General<br>Nicol\u00e1s Madero \u2013 Juli\u00e1n Quevedo<\/p>\n\n\n\n<p>Categor\u00eda A1<br>Jos\u00e9 Fisogni \u2013 Maximiliano Fisogni<\/p>\n\n\n\n<p>Categor\u00eda A6<br>Claudio Astegiano \u2013 Javier Romero<\/p>\n\n\n\n<p>Categor\u00eda N3<br>Claudio Del Vecchio \u2013 Marcos Lapenta<\/p>\n\n\n\n<p>Categor\u00eda RC2<br>Nicol\u00e1s Madero \u2013 Juli\u00e1n Quevedo<\/p>\n\n\n\n<p>Categor\u00eda RC5<br>Nicol\u00e1s Armesto \u2013 Gustavo Carciotto<\/p>\n\n\n\n<p>Categor\u00eda RC3<br>Ricardo Martinoglio \u2013 Claudio Muciachio<\/p>\n\n\n\n<p>La entrega de premios, realizada en el Parque de Asistencia del Rally, fue el broche de oro para un fin de semana inolvidable, con la presencia de autoridades locales, organizadores y un p\u00fablico que vibr\u00f3 con cada momento de la competencia.<\/p>\n\n\n\n<p>Para quienes no pudieron asistir, el evento fue transmitido en vivo por TV P\u00fablica, DeporTV y MotorPlayTV, llevando la emoci\u00f3n del rally a cada rinc\u00f3n del pa\u00eds.<\/p>\n\n\n\n<p>Villa Carlos Paz sigue demostrando por qu\u00e9 es la capital del rally en Argentina y Latinoam\u00e9rica. Con eventos de primer nivel y una pasi\u00f3n inquebrantable por el automovilismo, la ciudad ya se prepara para seguir escribiendo su historia en el mundo del deporte motor.<\/p>\n\n\n\n<figure class=\"wp-block-image size-large\"><img loading=\"lazy\" decoding=\"async\" width=\"1024\" height=\"682\" src=\"https:\/\/www.nextmultimedio.com\/wp-content\/uploads\/2025\/02\/ca5227d1-99b7-4c7b-ac2e-9d924eb9952f-1024x682.jpg\" alt=\"\" class=\"wp-image-9714\" srcset=\"https:\/\/www.nextmultimedio.com\/wp-content\/uploads\/2025\/02\/ca5227d1-99b7-4c7b-ac2e-9d924eb9952f-1024x682.jpg 1024w, https:\/\/www.nextmultimedio.com\/wp-content\/uploads\/2025\/02\/ca5227d1-99b7-4c7b-ac2e-9d924eb9952f-300x200.jpg 300w, https:\/\/www.nextmultimedio.com\/wp-content\/uploads\/2025\/02\/ca5227d1-99b7-4c7b-ac2e-9d924eb9952f-768x512.jpg 768w, https:\/\/www.nextmultimedio.com\/wp-content\/uploads\/2025\/02\/ca5227d1-99b7-4c7b-ac2e-9d924eb9952f.jpg 1280w\" sizes=\"auto, (max-width: 1024px) 100vw, 1024px\" \/><\/figure>\n","protected":false},"excerpt":{"rendered":"<p>Con un marco imponente de m\u00e1s de 15 mil personas solo el s\u00e1bado y miles de familias, turistas y vecinos disfrutando del Parque de Asistencia y el Parque Tem\u00e1tico durante todo el fin de semana, Villa Carlos Paz se convirti\u00f3 en el epicentro del automovilismo latinoamericano con la realizaci\u00f3n del Desaf\u00edo Verano #01 by RSL, [&hellip;]<\/p>\n","protected":false},"author":1,"featured_media":9713,"comment_status":"closed","ping_status":"closed","sticky":false,"template":"","format":"standard","meta":{"footnotes":""},"categories":[69],"tags":[345],"class_list":["post-9712","post","type-post","status-publish","format-standard","has-post-thumbnail","hentry","category-noticias","tag-destacar"],"_links":{"self":[{"href":"https:\/\/www.nextmultimedio.com\/index.php?rest_route=\/wp\/v2\/posts\/9712","targetHints":{"allow":["GET"]}}],"collection":[{"href":"https:\/\/www.nextmultimedio.com\/index.php?rest_route=\/wp\/v2\/posts"}],"about":[{"href":"https:\/\/www.nextmultimedio.com\/index.php?rest_route=\/wp\/v2\/types\/post"}],"author":[{"embeddable":true,"href":"https:\/\/www.nextmultimedio.com\/index.php?rest_route=\/wp\/v2\/users\/1"}],"replies":[{"embeddable":true,"href":"https:\/\/www.nextmultimedio.com\/index.php?rest_route=%2Fwp%2Fv2%2Fcomments&post=9712"}],"version-history":[{"count":1,"href":"https:\/\/www.nextmultimedio.com\/index.php?rest_route=\/wp\/v2\/posts\/9712\/revisions"}],"predecessor-version":[{"id":9715,"href":"https:\/\/www.nextmultimedio.com\/index.php?rest_route=\/wp\/v2\/posts\/9712\/revisions\/9715"}],"wp:featuredmedia":[{"embeddable":true,"href":"https:\/\/www.nextmultimedio.com\/index.php?rest_route=\/wp\/v2\/media\/9713"}],"wp:attachment":[{"href":"https:\/\/www.nextmultimedio.com\/index.php?rest_route=%2Fwp%2Fv2%2Fmedia&parent=9712"}],"wp:term":[{"taxonomy":"category","embeddable":true,"href":"https:\/\/www.nextmultimedio.com\/index.php?rest_route=%2Fwp%2Fv2%2Fcategories&post=9712"},{"taxonomy":"post_tag","embeddable":true,"href":"https:\/\/www.nextmultimedio.com\/index.php?rest_route=%2Fwp%2Fv2%2Ftags&post=9712"}],"curies":[{"name":"wp","href":"https:\/\/api.w.org\/{rel}","templated":true}]}}