{"id":9709,"date":"2025-02-23T22:02:12","date_gmt":"2025-02-24T01:02:12","guid":{"rendered":"https:\/\/www.nextmultimedio.com\/?p=9709"},"modified":"2025-02-23T22:02:13","modified_gmt":"2025-02-24T01:02:13","slug":"dos-detenidos-por-robo-2","status":"publish","type":"post","link":"https:\/\/www.nextmultimedio.com\/?p=9709","title":{"rendered":"DOS DETENIDOS POR ROBO"},"content":{"rendered":"\n<figure class=\"wp-block-image size-large\"><img loading=\"lazy\" decoding=\"async\" width=\"1024\" height=\"1024\" src=\"https:\/\/www.nextmultimedio.com\/wp-content\/uploads\/2025\/02\/481247492_18289842937243999_1899150346564618904_n-1024x1024.jpg\" alt=\"\" class=\"wp-image-9710\" srcset=\"https:\/\/www.nextmultimedio.com\/wp-content\/uploads\/2025\/02\/481247492_18289842937243999_1899150346564618904_n-1024x1024.jpg 1024w, https:\/\/www.nextmultimedio.com\/wp-content\/uploads\/2025\/02\/481247492_18289842937243999_1899150346564618904_n-300x300.jpg 300w, https:\/\/www.nextmultimedio.com\/wp-content\/uploads\/2025\/02\/481247492_18289842937243999_1899150346564618904_n-768x768.jpg 768w, https:\/\/www.nextmultimedio.com\/wp-content\/uploads\/2025\/02\/481247492_18289842937243999_1899150346564618904_n.jpg 1440w\" sizes=\"auto, (max-width: 1024px) 100vw, 1024px\" \/><\/figure>\n\n\n\n<p>Personal del CAP Zona 1, mientras realizaba patrullaje preventivo por el sector designado, fue comisionado por la central, a la calle Gutemberg y Cabrera , donde constituidos entrevistan a una mujer de 32 a\u00f1os de edad, quien se <a><\/a>domicilia en calle Jer\u00f3nimo Luis de Cabrera, manifestando que dos sujetos a bordo de un Fiat Palio color gris, le da\u00f1an el vidrio del acompa\u00f1ante del veh\u00edculo marca Peugeot 208 color blanco, sustrayendole una ri\u00f1onera negra en su interior un auricular IPOD de color blanco con funda negra, y que el detalle del palio es que humea y que circulaban DOS personas.<\/p>\n\n\n\n<p>A posterior se realiza un operativo cerrojo con los moviles de la jurisdicci\u00f3n, lograndondar con el veh\u00edculo en cuesti\u00f3n en calle Punilla y Pje. Ferre, con dos ocupantes a bordo.<\/p>\n\n\n\n<p>Se procedi\u00f3 al control de los mismos, donde se los identifica, uno oriundo de la cuidad de Buenos Aires y de la localidad de Tanti.<\/p>\n\n\n\n<p>Al momento del cacheo se observa que en el bolsillo de uno de ellos delantero derech unos IPOD con las mismas caracter\u00edsticas a los sustraidos.<\/p>\n\n\n\n<p>Por lo que se procede a la aprehensi\u00f3n de los hombres de 26 y 43 a\u00f1os de edad, al secuestro de los auriculares, un cuchillo y un veh\u00edculo marca Fiat Palio de color Gris y al trasladando de ambos masculinos a la Alcald\u00eda local, quedando a disposici\u00f3n del Magistrado Interviniente.<\/p>\n\n\n\n<p><a href=\"https:\/\/www.facebook.com\/photo\/?fbid=1185457460252095&amp;set=pcb.1185457486918759&amp;__cft__[0]=AZUN3oRz0Pqn5mu_c1PA281WWxBnpD7WGQUcWB9UP1kI3ZRz9IGKVJHbbB90FLAeXrt8TovNqfvPHwlew0zcD8Y4njU4ohiJRHob2biX4NJcXQ3pJa_pOlY9rY7aPU26Iuzt3iB6HuHzadnUJCZM69yTK8GzOAcx4WVGiSS9FJxRMT9sBEP2rP7DwARD8K4QZPo&amp;__tn__=*bH-R\"><\/a><\/p>\n\n\n\n<figure class=\"wp-block-image\"><a href=\"https:\/\/www.facebook.com\/photo\/?fbid=1185457460252095&amp;set=pcb.1185457486918759&amp;__cft__[0]=AZUN3oRz0Pqn5mu_c1PA281WWxBnpD7WGQUcWB9UP1kI3ZRz9IGKVJHbbB90FLAeXrt8TovNqfvPHwlew0zcD8Y4njU4ohiJRHob2biX4NJcXQ3pJa_pOlY9rY7aPU26Iuzt3iB6HuHzadnUJCZM69yTK8GzOAcx4WVGiSS9FJxRMT9sBEP2rP7DwARD8K4QZPo&amp;__tn__=*bH-R\"><img decoding=\"async\" src=\"https:\/\/scontent.fcor10-4.fna.fbcdn.net\/v\/t51.75761-15\/481247492_18289842937243999_1899150346564618904_n.jpg?stp=dst-jpg_s600x600_tt6&amp;_nc_cat=103&amp;ccb=1-7&amp;_nc_sid=127cfc&amp;_nc_eui2=AeGoD4CxRtiJUTKlxhAzrzqV6AsYi3HdrtzoCxiLcd2u3AIzUf_Qo3IlXaGHqTNVBLk&amp;_nc_ohc=t0UFKHJFUw0Q7kNvgHNLRBz&amp;_nc_oc=AdiQNbDq2ngd_ipPcbdr_DsZIc11_7a6KQUgMwcp7g1j_yvpBlXRPweR0Ez5g2Y-zPo&amp;_nc_zt=23&amp;_nc_ht=scontent.fcor10-4.fna&amp;_nc_gid=A-tJACBMLpDCfxNTTfPh7-J&amp;oh=00_AYBC6OMhRy8Ckv0qTi97rTA2aeSsWiwrg13mWkLsv2Nqrg&amp;oe=67C19340\" alt=\"\"\/><\/a><\/figure>\n\n\n\n<p><a href=\"https:\/\/www.facebook.com\/photo\/?fbid=1185457463585428&amp;set=pcb.1185457486918759&amp;__cft__[0]=AZUN3oRz0Pqn5mu_c1PA281WWxBnpD7WGQUcWB9UP1kI3ZRz9IGKVJHbbB90FLAeXrt8TovNqfvPHwlew0zcD8Y4njU4ohiJRHob2biX4NJcXQ3pJa_pOlY9rY7aPU26Iuzt3iB6HuHzadnUJCZM69yTK8GzOAcx4WVGiSS9FJxRMT9sBEP2rP7DwARD8K4QZPo&amp;__tn__=*bH-R\"><\/a><\/p>\n\n\n\n<figure class=\"wp-block-image\"><a href=\"https:\/\/www.facebook.com\/photo\/?fbid=1185457463585428&amp;set=pcb.1185457486918759&amp;__cft__[0]=AZUN3oRz0Pqn5mu_c1PA281WWxBnpD7WGQUcWB9UP1kI3ZRz9IGKVJHbbB90FLAeXrt8TovNqfvPHwlew0zcD8Y4njU4ohiJRHob2biX4NJcXQ3pJa_pOlY9rY7aPU26Iuzt3iB6HuHzadnUJCZM69yTK8GzOAcx4WVGiSS9FJxRMT9sBEP2rP7DwARD8K4QZPo&amp;__tn__=*bH-R\"><img decoding=\"async\" src=\"https:\/\/scontent.fcor10-3.fna.fbcdn.net\/v\/t51.75761-15\/481504960_18289842946243999_2606903324204423918_n.jpg?stp=dst-jpg_s600x600_tt6&amp;_nc_cat=105&amp;ccb=1-7&amp;_nc_sid=127cfc&amp;_nc_eui2=AeE29yckYYnc4jNWmyxVL5vmOV2yr_VnvXc5XbKv9We9dwKZMXyxzJ1x75fZfmbFvV4&amp;_nc_ohc=tzas1CtpWFEQ7kNvgG-RpUV&amp;_nc_oc=AdhaoX0R3Kaga8rMlQ_znzW4b6whPUzw7a3wd9-_Yd77AGckq-VzNOPs3TChNr_wmtc&amp;_nc_zt=23&amp;_nc_ht=scontent.fcor10-3.fna&amp;_nc_gid=A-tJACBMLpDCfxNTTfPh7-J&amp;oh=00_AYDhFMrxF726rhsMt1u-5Gs0sNtwhTTLdWRqjO9FVwq1cA&amp;oe=67C1ACDB\" alt=\"\"\/><\/a><\/figure>\n","protected":false},"excerpt":{"rendered":"<p>Personal del CAP Zona 1, mientras realizaba patrullaje preventivo por el sector designado, fue comisionado por la central, a la calle Gutemberg y Cabrera , donde constituidos entrevistan a una mujer de 32 a\u00f1os de edad, quien se domicilia en calle Jer\u00f3nimo Luis de Cabrera, manifestando que dos sujetos a bordo de un Fiat Palio [&hellip;]<\/p>\n","protected":false},"author":1,"featured_media":9710,"comment_status":"closed","ping_status":"closed","sticky":false,"template":"","format":"standard","meta":{"footnotes":""},"categories":[69],"tags":[345],"class_list":["post-9709","post","type-post","status-publish","format-standard","has-post-thumbnail","hentry","category-noticias","tag-destacar"],"_links":{"self":[{"href":"https:\/\/www.nextmultimedio.com\/index.php?rest_route=\/wp\/v2\/posts\/9709","targetHints":{"allow":["GET"]}}],"collection":[{"href":"https:\/\/www.nextmultimedio.com\/index.php?rest_route=\/wp\/v2\/posts"}],"about":[{"href":"https:\/\/www.nextmultimedio.com\/index.php?rest_route=\/wp\/v2\/types\/post"}],"author":[{"embeddable":true,"href":"https:\/\/www.nextmultimedio.com\/index.php?rest_route=\/wp\/v2\/users\/1"}],"replies":[{"embeddable":true,"href":"https:\/\/www.nextmultimedio.com\/index.php?rest_route=%2Fwp%2Fv2%2Fcomments&post=9709"}],"version-history":[{"count":1,"href":"https:\/\/www.nextmultimedio.com\/index.php?rest_route=\/wp\/v2\/posts\/9709\/revisions"}],"predecessor-version":[{"id":9711,"href":"https:\/\/www.nextmultimedio.com\/index.php?rest_route=\/wp\/v2\/posts\/9709\/revisions\/9711"}],"wp:featuredmedia":[{"embeddable":true,"href":"https:\/\/www.nextmultimedio.com\/index.php?rest_route=\/wp\/v2\/media\/9710"}],"wp:attachment":[{"href":"https:\/\/www.nextmultimedio.com\/index.php?rest_route=%2Fwp%2Fv2%2Fmedia&parent=9709"}],"wp:term":[{"taxonomy":"category","embeddable":true,"href":"https:\/\/www.nextmultimedio.com\/index.php?rest_route=%2Fwp%2Fv2%2Fcategories&post=9709"},{"taxonomy":"post_tag","embeddable":true,"href":"https:\/\/www.nextmultimedio.com\/index.php?rest_route=%2Fwp%2Fv2%2Ftags&post=9709"}],"curies":[{"name":"wp","href":"https:\/\/api.w.org\/{rel}","templated":true}]}}