{"id":9706,"date":"2025-02-23T21:58:29","date_gmt":"2025-02-24T00:58:29","guid":{"rendered":"https:\/\/www.nextmultimedio.com\/?p=9706"},"modified":"2025-02-23T21:58:30","modified_gmt":"2025-02-24T00:58:30","slug":"record-historico-en-la-demanda-de-consumo-electrico","status":"publish","type":"post","link":"https:\/\/www.nextmultimedio.com\/?p=9706","title":{"rendered":"RECORD HIST\u00d3RICO EN LA DEMANDA DE CONSUMO EL\u00c9CTRICO"},"content":{"rendered":"<div class=\"wp-block-image\">\n<figure class=\"aligncenter size-full\"><img loading=\"lazy\" decoding=\"async\" width=\"526\" height=\"526\" src=\"https:\/\/www.nextmultimedio.com\/wp-content\/uploads\/2025\/02\/480944183_18289843270243999_4154166387155464213_n.jpg\" alt=\"\" class=\"wp-image-9707\" srcset=\"https:\/\/www.nextmultimedio.com\/wp-content\/uploads\/2025\/02\/480944183_18289843270243999_4154166387155464213_n.jpg 526w, https:\/\/www.nextmultimedio.com\/wp-content\/uploads\/2025\/02\/480944183_18289843270243999_4154166387155464213_n-300x300.jpg 300w\" sizes=\"auto, (max-width: 526px) 100vw, 526px\" \/><\/figure>\n<\/div>\n\n\n<p>COMUNICADO DE EPEC:<\/p>\n\n\n\n<p><a><\/a>Informamos que hoy, se rompi\u00f3 el r\u00e9cord hist\u00f3rico de consumo para un d\u00eda no h\u00e1bil tanto en la provincia como en la capital.<\/p>\n\n\n\n<p>En el Sistema Interconectado Provincial, alrededor de las 14:38 hs, se registraron 2142 MW de demanda superando los 2060 MW del 8 de febrero de este a\u00f1o. Mientras, en la Capital, la nueva marca trep\u00f3 a los 748 MW a las 14:57 hs, superando los 728 MW registrados el 15 de enero del 2022.<\/p>\n\n\n\n<p><a href=\"https:\/\/www.facebook.com\/photo\/?fbid=1185460063585168&amp;set=a.356501556481027&amp;__cft__[0]=AZVhjtBD5kEd1cpki7A9f7giV_fQmY_6D_Jt6L0jOXgPC8VanG7fMCe1929oqWdIYkhihGe-eGoVQ3Z15pmg60dvdOVqMu0U1vjo2h-8FS1x4gmHWbPg3rhAj-2xnJe737IZb9tangCwPTOcuejFtJRwafOVuYo2dKNe8RB3saLFxgI7Ddd3nbh0htr_onSTfCg&amp;__tn__=EH-R\"><\/a><\/p>\n\n\n\n<figure class=\"wp-block-image\"><a href=\"https:\/\/www.facebook.com\/photo\/?fbid=1185460063585168&amp;set=a.356501556481027&amp;__cft__[0]=AZVhjtBD5kEd1cpki7A9f7giV_fQmY_6D_Jt6L0jOXgPC8VanG7fMCe1929oqWdIYkhihGe-eGoVQ3Z15pmg60dvdOVqMu0U1vjo2h-8FS1x4gmHWbPg3rhAj-2xnJe737IZb9tangCwPTOcuejFtJRwafOVuYo2dKNe8RB3saLFxgI7Ddd3nbh0htr_onSTfCg&amp;__tn__=EH-R\"><img decoding=\"async\" src=\"https:\/\/scontent.fcor10-4.fna.fbcdn.net\/v\/t51.75761-15\/480944183_18289843270243999_4154166387155464213_n.jpg?stp=dst-jpg_p526x296_tt6&amp;_nc_cat=111&amp;ccb=1-7&amp;_nc_sid=127cfc&amp;_nc_eui2=AeFUhGFJo6_p5tMi_5O0uw5YmJpSauwPc_-YmlJq7A9z_8nqZqRzyhJiFZUTWN47EXs&amp;_nc_ohc=xLVNS5MTUSAQ7kNvgE3ppQq&amp;_nc_oc=AdhkcWG5XXn6a7bCHkGYcmjedtCsbWCTpdxr_eyAGqAvoWWliDGYJSZ8MWmBYap2DVg&amp;_nc_zt=23&amp;_nc_ht=scontent.fcor10-4.fna&amp;_nc_gid=AJbLpINBokTKtnUhJ_j6VYd&amp;oh=00_AYDgxBIfNqAGef2JH9j7TS-AA8Bx78j277W90m2mL1TDLQ&amp;oe=67C1A3D2\" alt=\"Puede ser una imagen de crep\u00fasculo\"\/><\/a><\/figure>\n","protected":false},"excerpt":{"rendered":"<p>COMUNICADO DE EPEC: Informamos que hoy, se rompi\u00f3 el r\u00e9cord hist\u00f3rico de consumo para un d\u00eda no h\u00e1bil tanto en la provincia como en la capital. En el Sistema Interconectado Provincial, alrededor de las 14:38 hs, se registraron 2142 MW de demanda superando los 2060 MW del 8 de febrero de este a\u00f1o. Mientras, en [&hellip;]<\/p>\n","protected":false},"author":1,"featured_media":9707,"comment_status":"closed","ping_status":"closed","sticky":false,"template":"","format":"standard","meta":{"footnotes":""},"categories":[69],"tags":[345],"class_list":["post-9706","post","type-post","status-publish","format-standard","has-post-thumbnail","hentry","category-noticias","tag-destacar"],"_links":{"self":[{"href":"https:\/\/www.nextmultimedio.com\/index.php?rest_route=\/wp\/v2\/posts\/9706","targetHints":{"allow":["GET"]}}],"collection":[{"href":"https:\/\/www.nextmultimedio.com\/index.php?rest_route=\/wp\/v2\/posts"}],"about":[{"href":"https:\/\/www.nextmultimedio.com\/index.php?rest_route=\/wp\/v2\/types\/post"}],"author":[{"embeddable":true,"href":"https:\/\/www.nextmultimedio.com\/index.php?rest_route=\/wp\/v2\/users\/1"}],"replies":[{"embeddable":true,"href":"https:\/\/www.nextmultimedio.com\/index.php?rest_route=%2Fwp%2Fv2%2Fcomments&post=9706"}],"version-history":[{"count":1,"href":"https:\/\/www.nextmultimedio.com\/index.php?rest_route=\/wp\/v2\/posts\/9706\/revisions"}],"predecessor-version":[{"id":9708,"href":"https:\/\/www.nextmultimedio.com\/index.php?rest_route=\/wp\/v2\/posts\/9706\/revisions\/9708"}],"wp:featuredmedia":[{"embeddable":true,"href":"https:\/\/www.nextmultimedio.com\/index.php?rest_route=\/wp\/v2\/media\/9707"}],"wp:attachment":[{"href":"https:\/\/www.nextmultimedio.com\/index.php?rest_route=%2Fwp%2Fv2%2Fmedia&parent=9706"}],"wp:term":[{"taxonomy":"category","embeddable":true,"href":"https:\/\/www.nextmultimedio.com\/index.php?rest_route=%2Fwp%2Fv2%2Fcategories&post=9706"},{"taxonomy":"post_tag","embeddable":true,"href":"https:\/\/www.nextmultimedio.com\/index.php?rest_route=%2Fwp%2Fv2%2Ftags&post=9706"}],"curies":[{"name":"wp","href":"https:\/\/api.w.org\/{rel}","templated":true}]}}