{"id":9703,"date":"2025-02-23T21:54:20","date_gmt":"2025-02-24T00:54:20","guid":{"rendered":"https:\/\/www.nextmultimedio.com\/?p=9703"},"modified":"2025-02-23T21:54:21","modified_gmt":"2025-02-24T00:54:21","slug":"un-auto-choco-a-una-moto-una-menor-fallecida-el-automovilista-conducia-con-1-13-de-alcohol-en-sangre","status":"publish","type":"post","link":"https:\/\/www.nextmultimedio.com\/?p=9703","title":{"rendered":"UN AUTO CHOC\u00d3 A UNA MOTO.UNA MENOR FALLECIDA.EL AUTOMOVILISTA CONDUC\u00cdA CON 1.13 DE ALCOHOL EN SANGRE"},"content":{"rendered":"<div class=\"wp-block-image\">\n<figure class=\"aligncenter size-full\"><img loading=\"lazy\" decoding=\"async\" width=\"526\" height=\"526\" src=\"https:\/\/www.nextmultimedio.com\/wp-content\/uploads\/2025\/02\/481753831_18289920928243999_4265918490434644826_n.jpg\" alt=\"\" class=\"wp-image-9704\" srcset=\"https:\/\/www.nextmultimedio.com\/wp-content\/uploads\/2025\/02\/481753831_18289920928243999_4265918490434644826_n.jpg 526w, https:\/\/www.nextmultimedio.com\/wp-content\/uploads\/2025\/02\/481753831_18289920928243999_4265918490434644826_n-300x300.jpg 300w\" sizes=\"auto, (max-width: 526px) 100vw, 526px\" \/><\/figure>\n<\/div>\n\n\n<p>Un accidente fatal tuvo lugar en el camino de las Altas Cumbres en la madrugada del s\u00e1bado, entre el C\u00f3ndor y Las Postas. La tragedia se produjo cuando un <a><\/a>veh\u00edculo Chevrolet Prisma colision\u00f3 con una motocicleta que era conducida por un hombre de 34 a\u00f1os, quien iba acompa\u00f1ado de una menor de 11 a\u00f1os.<\/p>\n\n\n\n<p>La joven fue trasladada al Hospital Municipal Sayago de Villa Carlos Paz, pero ingres\u00f3 sin signos vitales.&nbsp;<\/p>\n\n\n\n<p>Las autoridades realizaron un test de alcoholemia al conductor del autom\u00f3vil, el cual arroj\u00f3 un resultado positivo de 1.13 grados de alcohol en sangre, lo que podr\u00eda haber influido en el desenlace del accidente.<\/p>\n\n\n\n<p><a href=\"https:\/\/www.facebook.com\/photo\/?fbid=1185943680203473&amp;set=a.356501556481027&amp;__cft__[0]=AZWOJEN07boxA4Q6QuIkXCLvfKQGcn1cBL4XGTadV5kTwb1KwyvDsS_QcTZOMMRv7K8jDurWbRdZE-NbGXChvj2l2xBUC3aV9hj9mUuwBCPOwAg0IPPhk4LyfA-AWDAg91YCpzh1bToJmkCuGDtOpwrlSmqxlRLqZfrFeFyeV51l2eR2xttbA0f9L6i1aEILCOw&amp;__tn__=EH-R\"><\/a><\/p>\n\n\n\n<figure class=\"wp-block-image\"><a href=\"https:\/\/www.facebook.com\/photo\/?fbid=1185943680203473&amp;set=a.356501556481027&amp;__cft__[0]=AZWOJEN07boxA4Q6QuIkXCLvfKQGcn1cBL4XGTadV5kTwb1KwyvDsS_QcTZOMMRv7K8jDurWbRdZE-NbGXChvj2l2xBUC3aV9hj9mUuwBCPOwAg0IPPhk4LyfA-AWDAg91YCpzh1bToJmkCuGDtOpwrlSmqxlRLqZfrFeFyeV51l2eR2xttbA0f9L6i1aEILCOw&amp;__tn__=EH-R\"><img decoding=\"async\" src=\"https:\/\/scontent.fcor10-3.fna.fbcdn.net\/v\/t51.75761-15\/481753831_18289920928243999_4265918490434644826_n.jpg?stp=dst-jpg_p526x296_tt6&amp;_nc_cat=105&amp;ccb=1-7&amp;_nc_sid=127cfc&amp;_nc_eui2=AeEHlAUZPmSBiZx3WBnRxis2RO1ZvzvLBehE7Vm_O8sF6LknyifVScQJeGlCmr0Qr2g&amp;_nc_ohc=i47OPsputvEQ7kNvgFNBvLl&amp;_nc_oc=AdhTeA4qEVPDCA-6shHFSUULpwUlFKjrSFDrxGIJBIQQ2qge-vpTbWo9zGsglsPHVFY&amp;_nc_zt=23&amp;_nc_ht=scontent.fcor10-3.fna&amp;_nc_gid=AJbLpINBokTKtnUhJ_j6VYd&amp;oh=00_AYDDASEcM7AJrCdBbr9XoCOQkymxYUxdi6eNH_QuH7gS0g&amp;oe=67C178AA\" alt=\"Puede ser una imagen de 1 persona\"\/><\/a><\/figure>\n","protected":false},"excerpt":{"rendered":"<p>Un accidente fatal tuvo lugar en el camino de las Altas Cumbres en la madrugada del s\u00e1bado, entre el C\u00f3ndor y Las Postas. La tragedia se produjo cuando un veh\u00edculo Chevrolet Prisma colision\u00f3 con una motocicleta que era conducida por un hombre de 34 a\u00f1os, quien iba acompa\u00f1ado de una menor de 11 a\u00f1os. La [&hellip;]<\/p>\n","protected":false},"author":1,"featured_media":9704,"comment_status":"closed","ping_status":"closed","sticky":false,"template":"","format":"standard","meta":{"footnotes":""},"categories":[69],"tags":[345],"class_list":["post-9703","post","type-post","status-publish","format-standard","has-post-thumbnail","hentry","category-noticias","tag-destacar"],"_links":{"self":[{"href":"https:\/\/www.nextmultimedio.com\/index.php?rest_route=\/wp\/v2\/posts\/9703","targetHints":{"allow":["GET"]}}],"collection":[{"href":"https:\/\/www.nextmultimedio.com\/index.php?rest_route=\/wp\/v2\/posts"}],"about":[{"href":"https:\/\/www.nextmultimedio.com\/index.php?rest_route=\/wp\/v2\/types\/post"}],"author":[{"embeddable":true,"href":"https:\/\/www.nextmultimedio.com\/index.php?rest_route=\/wp\/v2\/users\/1"}],"replies":[{"embeddable":true,"href":"https:\/\/www.nextmultimedio.com\/index.php?rest_route=%2Fwp%2Fv2%2Fcomments&post=9703"}],"version-history":[{"count":1,"href":"https:\/\/www.nextmultimedio.com\/index.php?rest_route=\/wp\/v2\/posts\/9703\/revisions"}],"predecessor-version":[{"id":9705,"href":"https:\/\/www.nextmultimedio.com\/index.php?rest_route=\/wp\/v2\/posts\/9703\/revisions\/9705"}],"wp:featuredmedia":[{"embeddable":true,"href":"https:\/\/www.nextmultimedio.com\/index.php?rest_route=\/wp\/v2\/media\/9704"}],"wp:attachment":[{"href":"https:\/\/www.nextmultimedio.com\/index.php?rest_route=%2Fwp%2Fv2%2Fmedia&parent=9703"}],"wp:term":[{"taxonomy":"category","embeddable":true,"href":"https:\/\/www.nextmultimedio.com\/index.php?rest_route=%2Fwp%2Fv2%2Fcategories&post=9703"},{"taxonomy":"post_tag","embeddable":true,"href":"https:\/\/www.nextmultimedio.com\/index.php?rest_route=%2Fwp%2Fv2%2Ftags&post=9703"}],"curies":[{"name":"wp","href":"https:\/\/api.w.org\/{rel}","templated":true}]}}