{"id":9686,"date":"2025-02-20T23:15:28","date_gmt":"2025-02-21T02:15:28","guid":{"rendered":"https:\/\/www.nextmultimedio.com\/?p=9686"},"modified":"2025-02-20T23:15:29","modified_gmt":"2025-02-21T02:15:29","slug":"este-lunes-no-empiezan-las-clasesuepc-se-adhiere-al-paro","status":"publish","type":"post","link":"https:\/\/www.nextmultimedio.com\/?p=9686","title":{"rendered":"ESTE LUNES NO EMPIEZAN LAS CLASES:UEPC SE ADHIERE AL PARO"},"content":{"rendered":"<div class=\"wp-block-image\">\n<figure class=\"aligncenter size-full\"><img loading=\"lazy\" decoding=\"async\" width=\"526\" height=\"527\" src=\"https:\/\/www.nextmultimedio.com\/wp-content\/uploads\/2025\/02\/481222399_18289604677243999_5140921031403475267_n.jpg\" alt=\"\" class=\"wp-image-9687\" srcset=\"https:\/\/www.nextmultimedio.com\/wp-content\/uploads\/2025\/02\/481222399_18289604677243999_5140921031403475267_n.jpg 526w, https:\/\/www.nextmultimedio.com\/wp-content\/uploads\/2025\/02\/481222399_18289604677243999_5140921031403475267_n-300x300.jpg 300w\" sizes=\"auto, (max-width: 526px) 100vw, 526px\" \/><\/figure>\n<\/div>\n\n\n<p>Los docentes de la Uni\u00f3n de Educadores de la Provincia de C\u00f3rdoba (UEPC) confirmaron un paro nacional para el lunes 24 de febrero.<\/p>\n\n\n\n<p>La <a><\/a>decisi\u00f3n surge ante la falta de convocatoria a paritarias y se enmarca dentro de una jornada de protesta convocada por la Confederaci\u00f3n de Trabajadores de la Educaci\u00f3n de la Rep\u00fablica Argentina (CTERA).<\/p>\n\n\n\n<p>Roberto Cristali, titular de la UPC, afirm\u00f3: &#8220;Se ha resuelto por unanimidad una jornada de protesta para el d\u00eda lunes 24, un paro nacional con movilizaci\u00f3n a la ciudad de Buenos Aires y acciones en las provincias&#8221;.<\/p>\n\n\n\n<p>La medida busca visibilizar la falta de cumplimiento de la ley de financiamiento educativo y el env\u00edo de fondos para universidades, ciencia y t\u00e9cnica, infraestructura, capacitaci\u00f3n, conectividad y becas estudiantiles, recursos que actualmente se encuentran congelados.<\/p>\n\n\n\n<p>A pesar de contar con una paritaria provincial, la UEPC decidi\u00f3 adherir a la medida nacional. &#8220;UEPC, como entidad de base, va a marchar a la ciudad de Buenos Aires&#8221;, destac\u00f3 Cristali.<\/p>\n\n\n\n<p>La asamblea de delegados departamentales que estaba programada para el 24 se reprogramar\u00e1 para el martes 25, lo que implica que el lunes no habr\u00e1 clases en C\u00f3rdoba.<\/p>\n\n\n\n<p><a href=\"https:\/\/www.facebook.com\/photo\/?fbid=1183811780416663&amp;set=a.356501556481027&amp;__cft__[0]=AZWZLs9j6d9j0KyPdd7Si3qufPnKgJeBT6kvZpKX-kvsDTugtCTZc-JefuwzCtrv3ebmeMsDarsoR4AWflUgPkCOsDiU3QPT4FHAQ053IHSFimMJfwovL77gILt4J9CEFMHSQe9S9hse26BrU92CbPghhLtdsFWinaohixbgLxgSo0lAgTiawfT_yx2MpdtIqSA&amp;__tn__=EH-R\"><\/a><\/p>\n\n\n\n<figure class=\"wp-block-image\"><a href=\"https:\/\/www.facebook.com\/photo\/?fbid=1183811780416663&amp;set=a.356501556481027&amp;__cft__[0]=AZWZLs9j6d9j0KyPdd7Si3qufPnKgJeBT6kvZpKX-kvsDTugtCTZc-JefuwzCtrv3ebmeMsDarsoR4AWflUgPkCOsDiU3QPT4FHAQ053IHSFimMJfwovL77gILt4J9CEFMHSQe9S9hse26BrU92CbPghhLtdsFWinaohixbgLxgSo0lAgTiawfT_yx2MpdtIqSA&amp;__tn__=EH-R\"><img decoding=\"async\" src=\"https:\/\/scontent.fcor10-4.fna.fbcdn.net\/v\/t51.75761-15\/481222399_18289604677243999_5140921031403475267_n.jpg?stp=dst-jpg_p526x296_tt6&amp;_nc_cat=106&amp;ccb=1-7&amp;_nc_sid=127cfc&amp;_nc_eui2=AeGEXUEGYX-ai1dnp2wbitlNBvE-vSEX2poG8T69IRfamg2ieAaaBOQLSy55ZiS84wU&amp;_nc_ohc=itBpFqwrOD8Q7kNvgEyU9bz&amp;_nc_oc=AdjGYzlqJ_S6qAdek-NIJOoxJyPzc0dGElusPJOqmQlK_2I9ocdvJ4JqYg_B3Fmt3D8&amp;_nc_zt=23&amp;_nc_ht=scontent.fcor10-4.fna&amp;_nc_gid=A3Vrrhofyp31rXEfcGcJ8Qr&amp;oh=00_AYCFq5AvuO7c22XplSPjjxE6KoS-pacaIeK9he9eKBl8Bg&amp;oe=67BD99C2\" alt=\"Puede ser una imagen de juguete para ni\u00f1os\"\/><\/a><\/figure>\n","protected":false},"excerpt":{"rendered":"<p>Los docentes de la Uni\u00f3n de Educadores de la Provincia de C\u00f3rdoba (UEPC) confirmaron un paro nacional para el lunes 24 de febrero. La decisi\u00f3n surge ante la falta de convocatoria a paritarias y se enmarca dentro de una jornada de protesta convocada por la Confederaci\u00f3n de Trabajadores de la Educaci\u00f3n de la Rep\u00fablica Argentina [&hellip;]<\/p>\n","protected":false},"author":1,"featured_media":9687,"comment_status":"closed","ping_status":"closed","sticky":false,"template":"","format":"standard","meta":{"footnotes":""},"categories":[69],"tags":[345],"class_list":["post-9686","post","type-post","status-publish","format-standard","has-post-thumbnail","hentry","category-noticias","tag-destacar"],"_links":{"self":[{"href":"https:\/\/www.nextmultimedio.com\/index.php?rest_route=\/wp\/v2\/posts\/9686","targetHints":{"allow":["GET"]}}],"collection":[{"href":"https:\/\/www.nextmultimedio.com\/index.php?rest_route=\/wp\/v2\/posts"}],"about":[{"href":"https:\/\/www.nextmultimedio.com\/index.php?rest_route=\/wp\/v2\/types\/post"}],"author":[{"embeddable":true,"href":"https:\/\/www.nextmultimedio.com\/index.php?rest_route=\/wp\/v2\/users\/1"}],"replies":[{"embeddable":true,"href":"https:\/\/www.nextmultimedio.com\/index.php?rest_route=%2Fwp%2Fv2%2Fcomments&post=9686"}],"version-history":[{"count":1,"href":"https:\/\/www.nextmultimedio.com\/index.php?rest_route=\/wp\/v2\/posts\/9686\/revisions"}],"predecessor-version":[{"id":9688,"href":"https:\/\/www.nextmultimedio.com\/index.php?rest_route=\/wp\/v2\/posts\/9686\/revisions\/9688"}],"wp:featuredmedia":[{"embeddable":true,"href":"https:\/\/www.nextmultimedio.com\/index.php?rest_route=\/wp\/v2\/media\/9687"}],"wp:attachment":[{"href":"https:\/\/www.nextmultimedio.com\/index.php?rest_route=%2Fwp%2Fv2%2Fmedia&parent=9686"}],"wp:term":[{"taxonomy":"category","embeddable":true,"href":"https:\/\/www.nextmultimedio.com\/index.php?rest_route=%2Fwp%2Fv2%2Fcategories&post=9686"},{"taxonomy":"post_tag","embeddable":true,"href":"https:\/\/www.nextmultimedio.com\/index.php?rest_route=%2Fwp%2Fv2%2Ftags&post=9686"}],"curies":[{"name":"wp","href":"https:\/\/api.w.org\/{rel}","templated":true}]}}