{"id":9628,"date":"2025-02-14T21:17:52","date_gmt":"2025-02-15T00:17:52","guid":{"rendered":"https:\/\/www.nextmultimedio.com\/?p=9628"},"modified":"2025-02-14T21:17:53","modified_gmt":"2025-02-15T00:17:53","slug":"colectivo-sin-pasajeros-choco-con-una-camioneta","status":"publish","type":"post","link":"https:\/\/www.nextmultimedio.com\/?p=9628","title":{"rendered":"COLECTIVO SIN PASAJEROS CHOC\u00d3 CON UNA CAMIONETA"},"content":{"rendered":"<div class=\"wp-block-image\">\n<figure class=\"aligncenter size-full\"><img loading=\"lazy\" decoding=\"async\" width=\"526\" height=\"526\" src=\"https:\/\/www.nextmultimedio.com\/wp-content\/uploads\/2025\/02\/478458568_18288835861243999_2629202477566905113_n.jpg\" alt=\"\" class=\"wp-image-9629\" srcset=\"https:\/\/www.nextmultimedio.com\/wp-content\/uploads\/2025\/02\/478458568_18288835861243999_2629202477566905113_n.jpg 526w, https:\/\/www.nextmultimedio.com\/wp-content\/uploads\/2025\/02\/478458568_18288835861243999_2629202477566905113_n-300x300.jpg 300w\" sizes=\"auto, (max-width: 526px) 100vw, 526px\" \/><\/figure>\n<\/div>\n\n\n<p>Variante Costa Azul<\/p>\n\n\n\n<p><a><\/a>Personal Policial del CAP Zona I, es comisionado al lugar donde entrevista a un hombre de 34 a\u00f1os de edad, quien manifiesta ser el conductor de un colectivo de la Empresa Coop, La Calera, el cual se encontraba sin pasajeros, y que por causas a establecer, habr\u00eda colisionado con una camioneta Ford Ranger, conducida por un hombre de 29 a\u00f1os de edad.<\/p>\n\n\n\n<p>Se hace presente el servicio de emergencia m\u00e9dica, asistiendo a ambos conductores, a quien se les diagnostico lesiones de car\u00e1cter menor. Se pone en conocimiento a la Fiscal\u00eda de Instrucci\u00f3n de Turno.<\/p>\n\n\n\n<p><a href=\"https:\/\/www.facebook.com\/photo\/?fbid=1178256500972191&amp;set=a.356501556481027&amp;__cft__[0]=AZVcDf10wEgH1nacU_fhe4nw8RwCh4YRgTsUEZCCZ8UdPtmsHt8lPyQOfAJtDEzzFXKBvMxkYjBkkH031VCKTOR46pqFWBSPs3Ij0qnVA6DbR_uFIP_I9ZM2YsurzJ2hP7F2HEcW9bwQItb1WjKHOM0TDdDF0rB6wNAOs7OnIyrCeFCW1vSwdfX5wIwBDo4bx-Y&amp;__tn__=EH-R\"><\/a><\/p>\n\n\n\n<figure class=\"wp-block-image\"><a href=\"https:\/\/www.facebook.com\/photo\/?fbid=1178256500972191&amp;set=a.356501556481027&amp;__cft__[0]=AZVcDf10wEgH1nacU_fhe4nw8RwCh4YRgTsUEZCCZ8UdPtmsHt8lPyQOfAJtDEzzFXKBvMxkYjBkkH031VCKTOR46pqFWBSPs3Ij0qnVA6DbR_uFIP_I9ZM2YsurzJ2hP7F2HEcW9bwQItb1WjKHOM0TDdDF0rB6wNAOs7OnIyrCeFCW1vSwdfX5wIwBDo4bx-Y&amp;__tn__=EH-R\"><img decoding=\"async\" src=\"https:\/\/scontent.fcor10-3.fna.fbcdn.net\/v\/t51.75761-15\/478458568_18288835861243999_2629202477566905113_n.jpg?stp=dst-jpg_p526x296_tt6&amp;_nc_cat=1&amp;ccb=1-7&amp;_nc_sid=127cfc&amp;_nc_eui2=AeECm30n74bw4GR04g924CHOYSNiYgJypsphI2JiAnKmyiUSTI1BsJ19n8n8P8c_wFQ&amp;_nc_ohc=27Sys5Pwd1kQ7kNvgGvmwV_&amp;_nc_oc=Adg0EaoMRQ_O4fsCztuYSMILJo-JYqQwrnmCDkvZPOEmHl6bWp6lc863sVB2RkXrl7o&amp;_nc_zt=23&amp;_nc_ht=scontent.fcor10-3.fna&amp;_nc_gid=A9LPcxYhuJVySs4H2RZ-m60&amp;oh=00_AYCAqalsH3l93bW1pKrTymD_RzD8SA_QCRsAbc2SN-5lSw&amp;oe=67B59CCA\" alt=\"Puede ser una imagen de 4 personas, autom\u00f3vil y carretera\"\/><\/a><\/figure>\n","protected":false},"excerpt":{"rendered":"<p>Variante Costa Azul Personal Policial del CAP Zona I, es comisionado al lugar donde entrevista a un hombre de 34 a\u00f1os de edad, quien manifiesta ser el conductor de un colectivo de la Empresa Coop, La Calera, el cual se encontraba sin pasajeros, y que por causas a establecer, habr\u00eda colisionado con una camioneta Ford [&hellip;]<\/p>\n","protected":false},"author":1,"featured_media":9629,"comment_status":"closed","ping_status":"closed","sticky":false,"template":"","format":"standard","meta":{"footnotes":""},"categories":[69],"tags":[345],"class_list":["post-9628","post","type-post","status-publish","format-standard","has-post-thumbnail","hentry","category-noticias","tag-destacar"],"_links":{"self":[{"href":"https:\/\/www.nextmultimedio.com\/index.php?rest_route=\/wp\/v2\/posts\/9628","targetHints":{"allow":["GET"]}}],"collection":[{"href":"https:\/\/www.nextmultimedio.com\/index.php?rest_route=\/wp\/v2\/posts"}],"about":[{"href":"https:\/\/www.nextmultimedio.com\/index.php?rest_route=\/wp\/v2\/types\/post"}],"author":[{"embeddable":true,"href":"https:\/\/www.nextmultimedio.com\/index.php?rest_route=\/wp\/v2\/users\/1"}],"replies":[{"embeddable":true,"href":"https:\/\/www.nextmultimedio.com\/index.php?rest_route=%2Fwp%2Fv2%2Fcomments&post=9628"}],"version-history":[{"count":1,"href":"https:\/\/www.nextmultimedio.com\/index.php?rest_route=\/wp\/v2\/posts\/9628\/revisions"}],"predecessor-version":[{"id":9630,"href":"https:\/\/www.nextmultimedio.com\/index.php?rest_route=\/wp\/v2\/posts\/9628\/revisions\/9630"}],"wp:featuredmedia":[{"embeddable":true,"href":"https:\/\/www.nextmultimedio.com\/index.php?rest_route=\/wp\/v2\/media\/9629"}],"wp:attachment":[{"href":"https:\/\/www.nextmultimedio.com\/index.php?rest_route=%2Fwp%2Fv2%2Fmedia&parent=9628"}],"wp:term":[{"taxonomy":"category","embeddable":true,"href":"https:\/\/www.nextmultimedio.com\/index.php?rest_route=%2Fwp%2Fv2%2Fcategories&post=9628"},{"taxonomy":"post_tag","embeddable":true,"href":"https:\/\/www.nextmultimedio.com\/index.php?rest_route=%2Fwp%2Fv2%2Ftags&post=9628"}],"curies":[{"name":"wp","href":"https:\/\/api.w.org\/{rel}","templated":true}]}}