{"id":9569,"date":"2025-02-07T21:33:47","date_gmt":"2025-02-08T00:33:47","guid":{"rendered":"https:\/\/www.nextmultimedio.com\/?p=9569"},"modified":"2025-02-07T21:33:48","modified_gmt":"2025-02-08T00:33:48","slug":"la-provincia-suma-mas-bomberos-y-equipamiento-para-combatir-los-incendios-en-el-sur-del-pais","status":"publish","type":"post","link":"https:\/\/www.nextmultimedio.com\/?p=9569","title":{"rendered":"LA PROVINCIA SUMA M\u00c1S BOMBEROS Y EQUIPAMIENTO PARA COMBATIR LOS INCENDIOS EN EL SUR DEL PA\u00cdS"},"content":{"rendered":"\n<figure class=\"wp-block-image size-full\"><img loading=\"lazy\" decoding=\"async\" width=\"600\" height=\"600\" src=\"https:\/\/www.nextmultimedio.com\/wp-content\/uploads\/2025\/02\/476371866_18287755768243999_2497028951293536282_n-1.jpg\" alt=\"\" class=\"wp-image-9570\" srcset=\"https:\/\/www.nextmultimedio.com\/wp-content\/uploads\/2025\/02\/476371866_18287755768243999_2497028951293536282_n-1.jpg 600w, https:\/\/www.nextmultimedio.com\/wp-content\/uploads\/2025\/02\/476371866_18287755768243999_2497028951293536282_n-1-300x300.jpg 300w\" sizes=\"auto, (max-width: 600px) 100vw, 600px\" \/><\/figure>\n\n\n\n<p>Este jueves una delegaci\u00f3n de bomberos voluntarios de C\u00f3rdoba parti\u00f3 hacia R\u00edo Pico, provincia de Chubut, para combatir los incendios forestales que contin\u00faan activos.<\/p>\n\n\n\n<p>El personal, altamente capacitado, est\u00e1 formado por 40 bomberos voluntarios, 6 efectivos de la Secretar\u00eda de Gesti\u00f3n de Riesgo y personal del Manejo del Fuego de la provincia.<\/p>\n\n\n\n<p>Es la segunda delegaci\u00f3n que participa en los incendios activos en el sur del pa\u00eds; 20 efectivos pertenecen a la Federaci\u00f3n de Bomberos Voluntarios y 20 de la agrupaci\u00f3n serrana, junto al env\u00edo de m\u00e1s de 10 camionetas 4\u00d74.<\/p>\n\n\n\n<p>Se apostar\u00e1n a 500 km al sur de donde se encuentra el primer equipo de cordobeses que parti\u00f3 el pasado mi\u00e9rcoles 29 de enero.<\/p>\n\n\n\n<p>El ministro de Seguridad, Juan Pablo Quinteros, despidi\u00f3 a la delegaci\u00f3n y se\u00f1al\u00f3:&nbsp;&#8220;A nosotros nos llena de orgullo que nuestros bomberos voluntarios sean convocados a apagar incendios en lugares de alta monta\u00f1a en lugares de incendios forestales complicados, porque ya se habla de la consideraci\u00f3n que se tiene a nuestros bomberos a lo largo y a lo ancho de la Rep\u00fablica Argentina&#8221;.<\/p>\n\n\n\n<p><a href=\"https:\/\/www.facebook.com\/photo\/?fbid=1172924431505398&amp;set=a.356501556481027&amp;__cft__[0]=AZXriZ4XlA3bRO8Tb13B0qmxeZa7xv-SOa0FzmBFnTRvvwrsXBVK_Kuz-S__OB6t--q1xXi2TcFFwxtRLx0D1m4NlYxuepGU0e_FVPtXX0lHeAVTbgG1XAOFtm9fuRu9lbRcrtl-f-J4v9v_lJyg0P0cjUedwMTdaxRONKNmIIG1f-t61r9ADIfP5BGyJqBiWvg&amp;__tn__=EH-R\"><\/a><\/p>\n\n\n\n<figure class=\"wp-block-image\"><a href=\"https:\/\/www.facebook.com\/photo\/?fbid=1172924431505398&amp;set=a.356501556481027&amp;__cft__[0]=AZXriZ4XlA3bRO8Tb13B0qmxeZa7xv-SOa0FzmBFnTRvvwrsXBVK_Kuz-S__OB6t--q1xXi2TcFFwxtRLx0D1m4NlYxuepGU0e_FVPtXX0lHeAVTbgG1XAOFtm9fuRu9lbRcrtl-f-J4v9v_lJyg0P0cjUedwMTdaxRONKNmIIG1f-t61r9ADIfP5BGyJqBiWvg&amp;__tn__=EH-R\"><img decoding=\"async\" src=\"https:\/\/scontent.fcor10-3.fna.fbcdn.net\/v\/t51.75761-15\/476166052_18288062125243999_1888087593141613165_n.jpg?stp=dst-jpg_p526x296_tt6&amp;_nc_cat=107&amp;ccb=1-7&amp;_nc_sid=127cfc&amp;_nc_eui2=AeHePKdXMH9fIgzGE3NBynxBhuRueYevyumG5G55h6_K6Ya1shQI9pcJBAc0fNOwy_Y&amp;_nc_ohc=GC7-urPK7nUQ7kNvgG9MQAa&amp;_nc_oc=Adhdj6kOrCQZG2_XrWZt-dI1aqUQxGZrl-NPcnVQpuVZLl_TT3Jk3i8dfChQXiGzmHU&amp;_nc_zt=23&amp;_nc_ht=scontent.fcor10-3.fna&amp;_nc_gid=AvyCVpN-gOiYBP2X1DPswUt&amp;oh=00_AYCvc28E1o6m828ycvl310F6GvF0nKMRrtZ40tkX3HKyNQ&amp;oe=67AC5EE0\" alt=\"Puede ser una imagen de 3 personas\"\/><\/a><\/figure>\n","protected":false},"excerpt":{"rendered":"<p>Este jueves una delegaci\u00f3n de bomberos voluntarios de C\u00f3rdoba parti\u00f3 hacia R\u00edo Pico, provincia de Chubut, para combatir los incendios forestales que contin\u00faan activos. El personal, altamente capacitado, est\u00e1 formado por 40 bomberos voluntarios, 6 efectivos de la Secretar\u00eda de Gesti\u00f3n de Riesgo y personal del Manejo del Fuego de la provincia. Es la segunda [&hellip;]<\/p>\n","protected":false},"author":1,"featured_media":9570,"comment_status":"closed","ping_status":"closed","sticky":false,"template":"","format":"standard","meta":{"footnotes":""},"categories":[69],"tags":[345],"class_list":["post-9569","post","type-post","status-publish","format-standard","has-post-thumbnail","hentry","category-noticias","tag-destacar"],"_links":{"self":[{"href":"https:\/\/www.nextmultimedio.com\/index.php?rest_route=\/wp\/v2\/posts\/9569","targetHints":{"allow":["GET"]}}],"collection":[{"href":"https:\/\/www.nextmultimedio.com\/index.php?rest_route=\/wp\/v2\/posts"}],"about":[{"href":"https:\/\/www.nextmultimedio.com\/index.php?rest_route=\/wp\/v2\/types\/post"}],"author":[{"embeddable":true,"href":"https:\/\/www.nextmultimedio.com\/index.php?rest_route=\/wp\/v2\/users\/1"}],"replies":[{"embeddable":true,"href":"https:\/\/www.nextmultimedio.com\/index.php?rest_route=%2Fwp%2Fv2%2Fcomments&post=9569"}],"version-history":[{"count":1,"href":"https:\/\/www.nextmultimedio.com\/index.php?rest_route=\/wp\/v2\/posts\/9569\/revisions"}],"predecessor-version":[{"id":9571,"href":"https:\/\/www.nextmultimedio.com\/index.php?rest_route=\/wp\/v2\/posts\/9569\/revisions\/9571"}],"wp:featuredmedia":[{"embeddable":true,"href":"https:\/\/www.nextmultimedio.com\/index.php?rest_route=\/wp\/v2\/media\/9570"}],"wp:attachment":[{"href":"https:\/\/www.nextmultimedio.com\/index.php?rest_route=%2Fwp%2Fv2%2Fmedia&parent=9569"}],"wp:term":[{"taxonomy":"category","embeddable":true,"href":"https:\/\/www.nextmultimedio.com\/index.php?rest_route=%2Fwp%2Fv2%2Fcategories&post=9569"},{"taxonomy":"post_tag","embeddable":true,"href":"https:\/\/www.nextmultimedio.com\/index.php?rest_route=%2Fwp%2Fv2%2Ftags&post=9569"}],"curies":[{"name":"wp","href":"https:\/\/api.w.org\/{rel}","templated":true}]}}