{"id":9536,"date":"2025-02-04T11:21:27","date_gmt":"2025-02-04T14:21:27","guid":{"rendered":"https:\/\/www.nextmultimedio.com\/?p=9536"},"modified":"2025-02-04T11:22:01","modified_gmt":"2025-02-04T14:22:01","slug":"programa-primer-paso-comenzaron-su-primera-experiencia-laboral-mas-de-7500-jovenes","status":"publish","type":"post","link":"https:\/\/www.nextmultimedio.com\/?p=9536","title":{"rendered":"PROGRAMA PRIMER PASO: COMENZARON SU PRIMERA EXPERIENCIA LABORAL M\u00c1S DE 7500 J\u00d3VENES"},"content":{"rendered":"\n<figure class=\"wp-block-image size-full\"><img loading=\"lazy\" decoding=\"async\" width=\"1024\" height=\"684\" src=\"https:\/\/www.nextmultimedio.com\/wp-content\/uploads\/2025\/02\/ppp-1024x684-1.jpg\" alt=\"\" class=\"wp-image-9537\" srcset=\"https:\/\/www.nextmultimedio.com\/wp-content\/uploads\/2025\/02\/ppp-1024x684-1.jpg 1024w, https:\/\/www.nextmultimedio.com\/wp-content\/uploads\/2025\/02\/ppp-1024x684-1-300x200.jpg 300w, https:\/\/www.nextmultimedio.com\/wp-content\/uploads\/2025\/02\/ppp-1024x684-1-768x513.jpg 768w\" sizes=\"auto, (max-width: 1024px) 100vw, 1024px\" \/><\/figure>\n\n\n\n<p>Este lunes, 7523 j\u00f3venes iniciaron la primera experiencia laboral y de capacitaci\u00f3n a trav\u00e9s del Programa Primer Paso (PPP).<\/p>\n\n\n\n<p>Luego de cumplirse el periodo de evaluaci\u00f3n y cruce de datos de la nueva edici\u00f3n del Programa Primer Paso (PPP), todos aquellos j\u00f3venes que se inscribieron y cumplieron con los requisitos podr\u00e1n comenzar la pr\u00e1ctica laboral y capacitaci\u00f3n en las empresas.<\/p>\n\n\n\n<p>De esta manera, no s\u00f3lo acceder\u00e1n a su primera experiencia en el mundo del trabajo, si no que tendr\u00e1n la posibilidad de elevar su potencial, integrarse en el mercado profesional y desarrollarse personalmente.<\/p>\n\n\n\n<p>La decisi\u00f3n fue tomada por el Gobierno de C\u00f3rdoba para evitar que ninguna persona que se haya anotado quede afuera y todos tengan la posibilidad de crecer a trav\u00e9s de un empleo. Ratificando, asimismo, el compromiso de apoyar y seguir trabajando junto al sector privado, en esta oportunidad, en sinergia con las m\u00e1s de 3.800 empresas y empleadores que ya se sumaron al PPP.<\/p>\n\n\n\n<p>Cabe destacar que la modalidad pr\u00e1ctica laboral contempla un entrenamiento de 20 horas semanales, por seis meses. Quienes participan de esta experiencia contar\u00e1n con una asignaci\u00f3n est\u00edmulo equivalente a un Salario M\u00ednimo, Vital y M\u00f3vil (SMVM), cofinanciada entre la empresa y el Gobierno provincial, y al Boleto Obrero Social (BOS).<\/p>\n\n\n\n<h3 class=\"wp-block-heading\">C\u00f3mo saber si sos parte del PPP<\/h3>\n\n\n\n<p>Quienes se inscribieron y se vincularon con una empresa de manera exitosa y cumplieron todas las condiciones, fueron notificados a trav\u00e9s de CiDi.<\/p>\n\n\n\n<p>En ese mensaje reciben en detalle qu\u00e9 pasos deber\u00e1n seguir, mientras que las empresas\/empleadores tambi\u00e9n ser\u00e1n informados sobre c\u00f3mo verificar qui\u00e9nes resultaron beneficiarios y est\u00e1n en condiciones de iniciar sus entrenamientos, y cu\u00e1les son los tr\u00e1mites a completar antes de iniciar la pr\u00e1ctica.<\/p>\n\n\n\n<p>Por ejemplo, la presentaci\u00f3n de la planilla de horarios, etc.<\/p>\n\n\n\n<p>Adem\u00e1s, podr\u00e1n verificar su estado ingresando en&nbsp;<a href=\"https:\/\/desarrolloyempleo.cba.gov.ar\/\">https:\/\/desarrolloyempleo.cba.gov.ar\/<\/a>.<\/p>\n\n\n\n<h3 class=\"wp-block-heading\">Nuevos trabajadores formales<\/h3>\n\n\n\n<p>Hasta el momento, son 893 j\u00f3venes quienes se incorporaron de manera efectiva a las empresas\/empleadores a trav\u00e9s de la modalidad relaci\u00f3n de dependencia, cuyas postulaciones siguen abiertas en https:\/\/desarrolloyempleo.cba.gov.ar\/<\/p>\n\n\n\n<p>En este caso, la remuneraci\u00f3n es de acuerdo al convenio colectivo del rubro en el que se desempe\u00f1ar\u00e1 el trabajador. Mientras que la empresa recibe un aporte estatal de 1 salario m\u00ednimo vital y m\u00f3vil por 12 meses.<\/p>\n\n\n\n<p>Para los departamentos del Norte y Oeste cordob\u00e9s, Roque S\u00e1enz Pe\u00f1a y General Roca, el aporte alcanzar\u00e1 el 1.5 SMVM.<\/p>\n\n\n\n<p>A su vez, si el trabajador re\u00fane los requisitos podr\u00e1 contar con el Boleto Obrero Social (BOS).<\/p>\n\n\n\n<h3 class=\"wp-block-heading\">\u00bfC\u00f3mo postularse?<\/h3>\n\n\n\n<p>La inscripci\u00f3n est\u00e1 a cargo de la empresa.<\/p>\n\n\n\n<ol class=\"wp-block-list\">\n<li>Debe realizar la representaci\u00f3n legal en CiDi y adherirse al servicio \u00abProgramas de Empleo\u00bb<\/li>\n\n\n\n<li>Tambi\u00e9n tendr\u00e1 que completar el formulario en programasempleo.cba.gov.ar con los datos de la empresa.<\/li>\n\n\n\n<li>Y luego inscribir al trabajador cargando sus datos y dar el alta temprana.<\/li>\n<\/ol>\n\n\n\n<h3 class=\"wp-block-heading\">Regiones promovidas<\/h3>\n\n\n\n<p>Al igual que otras iniciativas provinciales de inclusi\u00f3n laboral, el PPP impulsa la generaci\u00f3n de nuevas oportunidades de desarrollo para j\u00f3venes desempleados que viven en el noroeste y en los departamentos General Roca y Roque S\u00e1enz Pe\u00f1a al contar con prioridad para ser parte del programa, ya sea entren\u00e1ndose en una empresa o incorpor\u00e1ndose con un trabajo registrado.<\/p>\n\n\n\n<p>Al respecto, se destac\u00f3 la inscripci\u00f3n de m\u00e1s de 1.240 j\u00f3venes que habitan en las regiones promovidas y que ingresan as\u00ed al mercado de trabajo.Navegaci\u00f3n de entradas<\/p>\n","protected":false},"excerpt":{"rendered":"<p>Este lunes, 7523 j\u00f3venes iniciaron la primera experiencia laboral y de capacitaci\u00f3n a trav\u00e9s del Programa Primer Paso (PPP). Luego de cumplirse el periodo de evaluaci\u00f3n y cruce de datos de la nueva edici\u00f3n del Programa Primer Paso (PPP), todos aquellos j\u00f3venes que se inscribieron y cumplieron con los requisitos podr\u00e1n comenzar la pr\u00e1ctica laboral [&hellip;]<\/p>\n","protected":false},"author":1,"featured_media":9537,"comment_status":"closed","ping_status":"closed","sticky":false,"template":"","format":"standard","meta":{"footnotes":""},"categories":[69],"tags":[345],"class_list":["post-9536","post","type-post","status-publish","format-standard","has-post-thumbnail","hentry","category-noticias","tag-destacar"],"_links":{"self":[{"href":"https:\/\/www.nextmultimedio.com\/index.php?rest_route=\/wp\/v2\/posts\/9536","targetHints":{"allow":["GET"]}}],"collection":[{"href":"https:\/\/www.nextmultimedio.com\/index.php?rest_route=\/wp\/v2\/posts"}],"about":[{"href":"https:\/\/www.nextmultimedio.com\/index.php?rest_route=\/wp\/v2\/types\/post"}],"author":[{"embeddable":true,"href":"https:\/\/www.nextmultimedio.com\/index.php?rest_route=\/wp\/v2\/users\/1"}],"replies":[{"embeddable":true,"href":"https:\/\/www.nextmultimedio.com\/index.php?rest_route=%2Fwp%2Fv2%2Fcomments&post=9536"}],"version-history":[{"count":2,"href":"https:\/\/www.nextmultimedio.com\/index.php?rest_route=\/wp\/v2\/posts\/9536\/revisions"}],"predecessor-version":[{"id":9540,"href":"https:\/\/www.nextmultimedio.com\/index.php?rest_route=\/wp\/v2\/posts\/9536\/revisions\/9540"}],"wp:featuredmedia":[{"embeddable":true,"href":"https:\/\/www.nextmultimedio.com\/index.php?rest_route=\/wp\/v2\/media\/9537"}],"wp:attachment":[{"href":"https:\/\/www.nextmultimedio.com\/index.php?rest_route=%2Fwp%2Fv2%2Fmedia&parent=9536"}],"wp:term":[{"taxonomy":"category","embeddable":true,"href":"https:\/\/www.nextmultimedio.com\/index.php?rest_route=%2Fwp%2Fv2%2Fcategories&post=9536"},{"taxonomy":"post_tag","embeddable":true,"href":"https:\/\/www.nextmultimedio.com\/index.php?rest_route=%2Fwp%2Fv2%2Ftags&post=9536"}],"curies":[{"name":"wp","href":"https:\/\/api.w.org\/{rel}","templated":true}]}}