{"id":9522,"date":"2025-02-02T10:37:44","date_gmt":"2025-02-02T13:37:44","guid":{"rendered":"https:\/\/www.nextmultimedio.com\/?p=9522"},"modified":"2025-02-02T10:37:45","modified_gmt":"2025-02-02T13:37:45","slug":"febrero-llego-con-maximas-que-podrian-llegar-hasta-los-36-grados","status":"publish","type":"post","link":"https:\/\/www.nextmultimedio.com\/?p=9522","title":{"rendered":"FEBRERO LLEG\u00d3 CON M\u00c1XIMAS QUE PODR\u00cdAN LLEGAR HASTA LOS 36 GRADOS"},"content":{"rendered":"<div class=\"wp-block-image\">\n<figure class=\"aligncenter size-full\"><img loading=\"lazy\" decoding=\"async\" width=\"526\" height=\"526\" src=\"https:\/\/www.nextmultimedio.com\/wp-content\/uploads\/2025\/02\/475838825_18287415349243999_7465412062660385652_n.jpg\" alt=\"\" class=\"wp-image-9523\" srcset=\"https:\/\/www.nextmultimedio.com\/wp-content\/uploads\/2025\/02\/475838825_18287415349243999_7465412062660385652_n.jpg 526w, https:\/\/www.nextmultimedio.com\/wp-content\/uploads\/2025\/02\/475838825_18287415349243999_7465412062660385652_n-300x300.jpg 300w\" sizes=\"auto, (max-width: 526px) 100vw, 526px\" \/><\/figure>\n<\/div>\n\n\n<p>De acuerdo al parte del Servicio Meteorol\u00f3gico Nacional,el calor continuar\u00e1 durante los primeros d\u00edas de febrero, con temperaturas m\u00e1ximas en ascenso y noches cada vez m\u00e1s c\u00e1lidas.<\/p>\n\n\n\n<p>El <a><\/a>lunes podr\u00eda registrarse una m\u00e1xima de 36\u00b0C, mientras que a partir del martes comenzar\u00e1 un leve descenso t\u00e9rmico.<\/p>\n\n\n\n<p>Domingo: m\u00ednima de 20\u00b0C, m\u00e1xima de 35\u00b0C<\/p>\n\n\n\n<p>Lunes: m\u00ednima de 24\u00b0C, m\u00e1xima de 36\u00b0C<\/p>\n\n\n\n<p>Martes: m\u00ednima de 23\u00b0C, m\u00e1xima de 32\u00b0C<\/p>\n\n\n\n<p>Mi\u00e9rcoles: m\u00ednima de 20\u00b0C, m\u00e1xima de 27\u00b0C<\/p>\n\n\n\n<p>Jueves: m\u00ednima de 18\u00b0C, m\u00e1xima de 29\u00b0C<\/p>\n\n\n\n<p>Viernes: m\u00ednima de 18\u00b0C, m\u00e1xima de 29\u00b0C<\/p>\n\n\n\n<p><a href=\"https:\/\/www.facebook.com\/photo\/?fbid=1168532825277892&amp;set=a.356501556481027&amp;__cft__[0]=AZX8l0KVJs2nXNy6MwK8gkt04CqcTntt3yuJme5lji_oXTfWMEJxaO4PawOFKeGEWMHXYpof3Jmml-1RBnKRJZg75TLwOjfscruoI_ejJmY_9vQ0CXUqpOmgpNq8AAzUvvWgF_sq-m2rRtHJWY9N-sVz97pEBGiVs_eMhoprLLWtzDvIiK13_Okgr7t6IE4lrxM&amp;__tn__=EH-R\"><\/a><\/p>\n","protected":false},"excerpt":{"rendered":"<p>De acuerdo al parte del Servicio Meteorol\u00f3gico Nacional,el calor continuar\u00e1 durante los primeros d\u00edas de febrero, con temperaturas m\u00e1ximas en ascenso y noches cada vez m\u00e1s c\u00e1lidas. El lunes podr\u00eda registrarse una m\u00e1xima de 36\u00b0C, mientras que a partir del martes comenzar\u00e1 un leve descenso t\u00e9rmico. Domingo: m\u00ednima de 20\u00b0C, m\u00e1xima de 35\u00b0C Lunes: m\u00ednima [&hellip;]<\/p>\n","protected":false},"author":1,"featured_media":9523,"comment_status":"closed","ping_status":"closed","sticky":false,"template":"","format":"standard","meta":{"footnotes":""},"categories":[69],"tags":[345],"class_list":["post-9522","post","type-post","status-publish","format-standard","has-post-thumbnail","hentry","category-noticias","tag-destacar"],"_links":{"self":[{"href":"https:\/\/www.nextmultimedio.com\/index.php?rest_route=\/wp\/v2\/posts\/9522","targetHints":{"allow":["GET"]}}],"collection":[{"href":"https:\/\/www.nextmultimedio.com\/index.php?rest_route=\/wp\/v2\/posts"}],"about":[{"href":"https:\/\/www.nextmultimedio.com\/index.php?rest_route=\/wp\/v2\/types\/post"}],"author":[{"embeddable":true,"href":"https:\/\/www.nextmultimedio.com\/index.php?rest_route=\/wp\/v2\/users\/1"}],"replies":[{"embeddable":true,"href":"https:\/\/www.nextmultimedio.com\/index.php?rest_route=%2Fwp%2Fv2%2Fcomments&post=9522"}],"version-history":[{"count":1,"href":"https:\/\/www.nextmultimedio.com\/index.php?rest_route=\/wp\/v2\/posts\/9522\/revisions"}],"predecessor-version":[{"id":9524,"href":"https:\/\/www.nextmultimedio.com\/index.php?rest_route=\/wp\/v2\/posts\/9522\/revisions\/9524"}],"wp:featuredmedia":[{"embeddable":true,"href":"https:\/\/www.nextmultimedio.com\/index.php?rest_route=\/wp\/v2\/media\/9523"}],"wp:attachment":[{"href":"https:\/\/www.nextmultimedio.com\/index.php?rest_route=%2Fwp%2Fv2%2Fmedia&parent=9522"}],"wp:term":[{"taxonomy":"category","embeddable":true,"href":"https:\/\/www.nextmultimedio.com\/index.php?rest_route=%2Fwp%2Fv2%2Fcategories&post=9522"},{"taxonomy":"post_tag","embeddable":true,"href":"https:\/\/www.nextmultimedio.com\/index.php?rest_route=%2Fwp%2Fv2%2Ftags&post=9522"}],"curies":[{"name":"wp","href":"https:\/\/api.w.org\/{rel}","templated":true}]}}