{"id":9486,"date":"2025-01-29T21:16:40","date_gmt":"2025-01-30T00:16:40","guid":{"rendered":"https:\/\/www.nextmultimedio.com\/?p=9486"},"modified":"2025-01-29T21:16:41","modified_gmt":"2025-01-30T00:16:41","slug":"chocaron-un-auto-y-una-moto-en-barrio-la-quinta","status":"publish","type":"post","link":"https:\/\/www.nextmultimedio.com\/?p=9486","title":{"rendered":"CHOCARON UN AUTO Y UNA MOTO EN BARRIO LA QUINTA"},"content":{"rendered":"\n<figure class=\"wp-block-image size-large\"><img loading=\"lazy\" decoding=\"async\" width=\"1024\" height=\"1024\" src=\"https:\/\/www.nextmultimedio.com\/wp-content\/uploads\/2025\/01\/475465830_18287045011243999_2174440360358805672_n-1024x1024.jpg\" alt=\"\" class=\"wp-image-9487\" srcset=\"https:\/\/www.nextmultimedio.com\/wp-content\/uploads\/2025\/01\/475465830_18287045011243999_2174440360358805672_n-1024x1024.jpg 1024w, https:\/\/www.nextmultimedio.com\/wp-content\/uploads\/2025\/01\/475465830_18287045011243999_2174440360358805672_n-300x300.jpg 300w, https:\/\/www.nextmultimedio.com\/wp-content\/uploads\/2025\/01\/475465830_18287045011243999_2174440360358805672_n-768x768.jpg 768w, https:\/\/www.nextmultimedio.com\/wp-content\/uploads\/2025\/01\/475465830_18287045011243999_2174440360358805672_n.jpg 1440w\" sizes=\"auto, (max-width: 1024px) 100vw, 1024px\" \/><\/figure>\n\n\n\n<p>Los Sauces 368<\/p>\n\n\n\n<p>En <a><\/a>las \u00faltimas horas de la tarde personal Policial tom\u00f3 conocimiento sobre un accidente de tr\u00e1nsito ocurrido en el lugar en menci\u00f3n, donde al llegar se observ\u00f3 que se habr\u00eda producido una colisi\u00f3n entre una motocicleta Zanella 150cc conducida por un hombre de 40 a\u00f1os de edad y un Ford Fiesta conducido por una mujer de 58 a\u00f1os.<\/p>\n\n\n\n<p>En el lugar se hizo presente el servicio de emergencias quienes diagnosticaron al conductor del rodado menor traumatismo en miembro superior izquierdo, realizando su traslado al Hospital Sayago para una mejor atenci\u00f3n.<\/p>\n\n\n\n<p><a href=\"https:\/\/www.facebook.com\/photo\/?fbid=1165602382237603&amp;set=pcb.1165602412237600&amp;__cft__[0]=AZUxOHwXumu_ESzT1WISU_XaJ94O9kJoaXEI93T5Ms9QKVoHVh0ZV41MVaG9XbfmhSTeILYM4WplR0dYmBG0lqvsE7vv8DR5NDArReyZhJbXMmfT5_ve-SkHm5pN1d0qobXNP2RSjeq0fZMWaWBWDxvL53Xllcu--8yII30yX32z2yvkd_s_tNWsTIBxjH8y46k&amp;__tn__=*bH-R\"><\/a><\/p>\n\n\n\n<figure class=\"wp-block-image\"><a href=\"https:\/\/www.facebook.com\/photo\/?fbid=1165602382237603&amp;set=pcb.1165602412237600&amp;__cft__[0]=AZUxOHwXumu_ESzT1WISU_XaJ94O9kJoaXEI93T5Ms9QKVoHVh0ZV41MVaG9XbfmhSTeILYM4WplR0dYmBG0lqvsE7vv8DR5NDArReyZhJbXMmfT5_ve-SkHm5pN1d0qobXNP2RSjeq0fZMWaWBWDxvL53Xllcu--8yII30yX32z2yvkd_s_tNWsTIBxjH8y46k&amp;__tn__=*bH-R\"><img decoding=\"async\" src=\"https:\/\/scontent.fcor10-3.fna.fbcdn.net\/v\/t51.75761-15\/475465830_18287045011243999_2174440360358805672_n.jpg?stp=dst-jpg_s600x600_tt6&amp;_nc_cat=107&amp;ccb=1-7&amp;_nc_sid=127cfc&amp;_nc_eui2=AeHkEk1Xc34IZFmemty4BnM6cPegVCRbY9dw96BUJFtj1y4Jv1Itm4-4j1oDjrCQ2bA&amp;_nc_ohc=nS6kArDUc38Q7kNvgGt0hhq&amp;_nc_oc=AdjE0CVx8HwKfspndVbwCQMVCLh1rwenwhgq7u10PYmVzoQ_6qMr_rnmzRl7ZqRFXtM&amp;_nc_zt=23&amp;_nc_ht=scontent.fcor10-3.fna&amp;_nc_gid=AVx4UO9xgQ93ULFQgsqV-Tx&amp;oh=00_AYAsRZTJFbi1edE1VVaXvxpJqODRuYq69lnsuL82f15vSw&amp;oe=67A08349\" alt=\"\"\/><\/a><\/figure>\n\n\n\n<p><a href=\"https:\/\/www.facebook.com\/photo\/?fbid=1165602378904270&amp;set=pcb.1165602412237600&amp;__cft__[0]=AZUxOHwXumu_ESzT1WISU_XaJ94O9kJoaXEI93T5Ms9QKVoHVh0ZV41MVaG9XbfmhSTeILYM4WplR0dYmBG0lqvsE7vv8DR5NDArReyZhJbXMmfT5_ve-SkHm5pN1d0qobXNP2RSjeq0fZMWaWBWDxvL53Xllcu--8yII30yX32z2yvkd_s_tNWsTIBxjH8y46k&amp;__tn__=*bH-R\"><\/a><\/p>\n\n\n\n<figure class=\"wp-block-image\"><a href=\"https:\/\/www.facebook.com\/photo\/?fbid=1165602378904270&amp;set=pcb.1165602412237600&amp;__cft__[0]=AZUxOHwXumu_ESzT1WISU_XaJ94O9kJoaXEI93T5Ms9QKVoHVh0ZV41MVaG9XbfmhSTeILYM4WplR0dYmBG0lqvsE7vv8DR5NDArReyZhJbXMmfT5_ve-SkHm5pN1d0qobXNP2RSjeq0fZMWaWBWDxvL53Xllcu--8yII30yX32z2yvkd_s_tNWsTIBxjH8y46k&amp;__tn__=*bH-R\"><img decoding=\"async\" src=\"https:\/\/scontent.fcor10-4.fna.fbcdn.net\/v\/t51.75761-15\/475159731_18287045020243999_1210896125783867892_n.jpg?stp=dst-jpg_s600x600_tt6&amp;_nc_cat=106&amp;ccb=1-7&amp;_nc_sid=127cfc&amp;_nc_eui2=AeFYtYxXzfHiF2g6nW92gG9My9hiveY2HnHL2GK95jYecRUc5GpwAAAEdsA0ZQlwcBY&amp;_nc_ohc=9kMdW6xOJuQQ7kNvgHsqwK3&amp;_nc_oc=AdhzyYSiIUibjTlsHCLhCHb8Y9pd08neazFmzkzDLkW8S5lV8KHK_LjgzkelnURjGhQ&amp;_nc_zt=23&amp;_nc_ht=scontent.fcor10-4.fna&amp;_nc_gid=AVx4UO9xgQ93ULFQgsqV-Tx&amp;oh=00_AYDi2JTjEGr7Iix6UHH-MGyBhoR5ItRPyUvzFsU5o8bWLA&amp;oe=67A093C4\" alt=\"\"\/><\/a><\/figure>\n\n\n\n<p><a href=\"https:\/\/www.facebook.com\/photo\/?fbid=1165602385570936&amp;set=pcb.1165602412237600&amp;__cft__[0]=AZUxOHwXumu_ESzT1WISU_XaJ94O9kJoaXEI93T5Ms9QKVoHVh0ZV41MVaG9XbfmhSTeILYM4WplR0dYmBG0lqvsE7vv8DR5NDArReyZhJbXMmfT5_ve-SkHm5pN1d0qobXNP2RSjeq0fZMWaWBWDxvL53Xllcu--8yII30yX32z2yvkd_s_tNWsTIBxjH8y46k&amp;__tn__=*bH-R\"><\/a><\/p>\n\n\n\n<figure class=\"wp-block-image\"><a href=\"https:\/\/www.facebook.com\/photo\/?fbid=1165602385570936&amp;set=pcb.1165602412237600&amp;__cft__[0]=AZUxOHwXumu_ESzT1WISU_XaJ94O9kJoaXEI93T5Ms9QKVoHVh0ZV41MVaG9XbfmhSTeILYM4WplR0dYmBG0lqvsE7vv8DR5NDArReyZhJbXMmfT5_ve-SkHm5pN1d0qobXNP2RSjeq0fZMWaWBWDxvL53Xllcu--8yII30yX32z2yvkd_s_tNWsTIBxjH8y46k&amp;__tn__=*bH-R\"><img decoding=\"async\" src=\"https:\/\/scontent.fcor10-3.fna.fbcdn.net\/v\/t51.75761-15\/475453884_18287045029243999_3536618028490977069_n.jpg?stp=dst-jpg_s600x600_tt6&amp;_nc_cat=108&amp;ccb=1-7&amp;_nc_sid=127cfc&amp;_nc_eui2=AeGtlVVqv16GfJZzqApZ4d4Zu0LGjcBYk7-7QsaNwFiTv3XUpMNYp9vRq-D0Vk-c-rs&amp;_nc_ohc=wlLZU85oWI8Q7kNvgGTUrRG&amp;_nc_oc=Adgkp2HOqZzeayLsrmQ1TtA8QIYbf_3b3F8gfO3ow40JEHQE3ZSuT0767IySmNMk-mU&amp;_nc_zt=23&amp;_nc_ht=scontent.fcor10-3.fna&amp;_nc_gid=AVx4UO9xgQ93ULFQgsqV-Tx&amp;oh=00_AYCe7-0XLWFaEQKYfWe8pp6uPiFvHvxvAELt6vt2cx2u0g&amp;oe=67A07ECA\" alt=\"\"\/><\/a><\/figure>\n","protected":false},"excerpt":{"rendered":"<p>Los Sauces 368 En las \u00faltimas horas de la tarde personal Policial tom\u00f3 conocimiento sobre un accidente de tr\u00e1nsito ocurrido en el lugar en menci\u00f3n, donde al llegar se observ\u00f3 que se habr\u00eda producido una colisi\u00f3n entre una motocicleta Zanella 150cc conducida por un hombre de 40 a\u00f1os de edad y un Ford Fiesta conducido [&hellip;]<\/p>\n","protected":false},"author":1,"featured_media":9487,"comment_status":"closed","ping_status":"closed","sticky":false,"template":"","format":"standard","meta":{"footnotes":""},"categories":[69],"tags":[345],"class_list":["post-9486","post","type-post","status-publish","format-standard","has-post-thumbnail","hentry","category-noticias","tag-destacar"],"_links":{"self":[{"href":"https:\/\/www.nextmultimedio.com\/index.php?rest_route=\/wp\/v2\/posts\/9486","targetHints":{"allow":["GET"]}}],"collection":[{"href":"https:\/\/www.nextmultimedio.com\/index.php?rest_route=\/wp\/v2\/posts"}],"about":[{"href":"https:\/\/www.nextmultimedio.com\/index.php?rest_route=\/wp\/v2\/types\/post"}],"author":[{"embeddable":true,"href":"https:\/\/www.nextmultimedio.com\/index.php?rest_route=\/wp\/v2\/users\/1"}],"replies":[{"embeddable":true,"href":"https:\/\/www.nextmultimedio.com\/index.php?rest_route=%2Fwp%2Fv2%2Fcomments&post=9486"}],"version-history":[{"count":1,"href":"https:\/\/www.nextmultimedio.com\/index.php?rest_route=\/wp\/v2\/posts\/9486\/revisions"}],"predecessor-version":[{"id":9488,"href":"https:\/\/www.nextmultimedio.com\/index.php?rest_route=\/wp\/v2\/posts\/9486\/revisions\/9488"}],"wp:featuredmedia":[{"embeddable":true,"href":"https:\/\/www.nextmultimedio.com\/index.php?rest_route=\/wp\/v2\/media\/9487"}],"wp:attachment":[{"href":"https:\/\/www.nextmultimedio.com\/index.php?rest_route=%2Fwp%2Fv2%2Fmedia&parent=9486"}],"wp:term":[{"taxonomy":"category","embeddable":true,"href":"https:\/\/www.nextmultimedio.com\/index.php?rest_route=%2Fwp%2Fv2%2Fcategories&post=9486"},{"taxonomy":"post_tag","embeddable":true,"href":"https:\/\/www.nextmultimedio.com\/index.php?rest_route=%2Fwp%2Fv2%2Ftags&post=9486"}],"curies":[{"name":"wp","href":"https:\/\/api.w.org\/{rel}","templated":true}]}}