{"id":9459,"date":"2025-01-27T22:36:38","date_gmt":"2025-01-28T01:36:38","guid":{"rendered":"https:\/\/www.nextmultimedio.com\/?p=9459"},"modified":"2025-01-27T22:36:38","modified_gmt":"2025-01-28T01:36:38","slug":"cuando-podra-utilizarse-el-beg","status":"publish","type":"post","link":"https:\/\/www.nextmultimedio.com\/?p=9459","title":{"rendered":"CU\u00c1NDO PODR\u00c1 UTILIZARSE EL BEG"},"content":{"rendered":"\n<figure class=\"wp-block-image size-large\"><img loading=\"lazy\" decoding=\"async\" width=\"1024\" height=\"682\" src=\"https:\/\/www.nextmultimedio.com\/wp-content\/uploads\/2025\/01\/475310723_18286829563243999_7866363639490501666_n-1024x682.jpg\" alt=\"\" class=\"wp-image-9460\" srcset=\"https:\/\/www.nextmultimedio.com\/wp-content\/uploads\/2025\/01\/475310723_18286829563243999_7866363639490501666_n-1024x682.jpg 1024w, https:\/\/www.nextmultimedio.com\/wp-content\/uploads\/2025\/01\/475310723_18286829563243999_7866363639490501666_n-300x200.jpg 300w, https:\/\/www.nextmultimedio.com\/wp-content\/uploads\/2025\/01\/475310723_18286829563243999_7866363639490501666_n-768x511.jpg 768w, https:\/\/www.nextmultimedio.com\/wp-content\/uploads\/2025\/01\/475310723_18286829563243999_7866363639490501666_n.jpg 1080w\" sizes=\"auto, (max-width: 1024px) 100vw, 1024px\" \/><\/figure>\n\n\n\n<p>Gobierno de C\u00f3rdoba, a trav\u00e9s de la Secretar\u00eda de Transporte, informa que a partir del 10 de febrero se abrir\u00e1 la inscripci\u00f3n para acceder al Boleto Educativo Cordob\u00e9s (BEC) correspondiente al per\u00edodo 2025 pobierno de C\u00f3rdoba, a <a><\/a>trav\u00e9s de la Secretar\u00eda de Transporte, informa que a partir del 10 de febrero se abrir\u00e1 la inscripci\u00f3n para acceder al Boleto Educativo Cordob\u00e9s (BEC) correspondiente al per\u00edodo 2025 para los niveles inicial, primario y secundario.<\/p>\n\n\n\n<p>Para los niveles superior y universitario, el comienzo de la inscripci\u00f3n se ajustar\u00e1 al cronograma de actividades de cada instituci\u00f3n educativa.<\/p>\n\n\n\n<p>El programa est\u00e1 dirigido a quienes forman parte de instituciones educativas p\u00fablicas o privadas en todos los niveles: inicial, primario, secundario y superior.<\/p>\n\n\n\n<p>Los beneficiarios que ya cuentan con BEC de per\u00edodos anteriores, deben realizar la renovaci\u00f3n anual a trav\u00e9s de CiDi y podr\u00e1n conservar el mismo pl\u00e1stico para viajar.<\/p>\n\n\n\n<p>Inscripci\u00f3n simplificada a trav\u00e9s de Ciudadano Digital<\/p>\n\n\n\n<p>El proceso de inscripci\u00f3n se realizar\u00e1 mediante la plataforma Ciudadano Digital (CiDi), completando el Formulario \u00danico de Postulantes.<\/p>\n\n\n\n<p>La inscripci\u00f3n ser\u00e1 por grupo familiar, a cargo de un \u00fanico responsable que deber\u00e1 contar con CiDi Nivel 2.<\/p>\n\n\n\n<p>Una vez ingresada la informaci\u00f3n de los integrantes, el sistema brindar\u00e1 una notificaci\u00f3n en su cuenta y una asistencia personalizada por correo electr\u00f3nico con los pasos a seguir, asegurando un tr\u00e1mite accesible y claro.<\/p>\n\n\n\n<p>Durante 2024, el BEC benefici\u00f3 a 297.000 usuarios, entre alumnos, docentes y personal no docente, superando el a\u00f1o anterior por 40.000 usuarios. Este n\u00famero refleja el impacto positivo del programa en la vida diaria de miles de familias cordobesas.<\/p>\n\n\n\n<p>Para m\u00e1s informaci\u00f3n sobre el proceso de inscripci\u00f3n y requisitos, los interesados pueden visitar el sitio web oficial\u00a0<a href=\"https:\/\/www.cba.gov.ar\/boleto-cordobes\/?fbclid=IwZXh0bgNhZW0CMTAAAR1q5niG5TaO9IoRJn3-XRe0MwX7GI-8xeZh5x-SlWJ_d-AFH9ux0mEmYQg_aem_ADuracd5f3kiQItf__4tsA\" target=\"_blank\" rel=\"noreferrer noopener\">https:\/\/www.cba.gov.ar\/boleto-cordobes\/<\/a>\u00a0o comunicarse al\u00a00800-888-1234, de lunes a viernes, de 8 a 20 horas, o al\u00a0WhatsApp\u00a03512010651.<\/p>\n\n\n\n<p><a href=\"https:\/\/www.facebook.com\/photo\/?fbid=1163913602406481&amp;set=a.356501556481027&amp;__cft__[0]=AZUkgB0RPdRwBelFnmXOKV0S_QgPbnx3QjVYjRVRtJ-lYL19uBRwL_dcbCC-b4ofJ7LX1nBMH8RXBTJvIwm7uAFJpKNK43r8sDF3y_TQ_eWD9fOvmnpeI6tcnshz6tvJVamLsy8uQQiWXGVlVDx-RNegA713tzGKbo5j2cRhS6-3kJsWEx6R4awrxeCpxFdPI8M&amp;__tn__=EH-R\"><\/a><\/p>\n\n\n\n<figure class=\"wp-block-image\"><a href=\"https:\/\/www.facebook.com\/photo\/?fbid=1163913602406481&amp;set=a.356501556481027&amp;__cft__[0]=AZUkgB0RPdRwBelFnmXOKV0S_QgPbnx3QjVYjRVRtJ-lYL19uBRwL_dcbCC-b4ofJ7LX1nBMH8RXBTJvIwm7uAFJpKNK43r8sDF3y_TQ_eWD9fOvmnpeI6tcnshz6tvJVamLsy8uQQiWXGVlVDx-RNegA713tzGKbo5j2cRhS6-3kJsWEx6R4awrxeCpxFdPI8M&amp;__tn__=EH-R\"><img decoding=\"async\" src=\"https:\/\/scontent.fcor10-3.fna.fbcdn.net\/v\/t51.75761-15\/475310723_18286829563243999_7866363639490501666_n.jpg?stp=dst-jpg_p180x540_tt6&amp;_nc_cat=109&amp;ccb=1-7&amp;_nc_sid=127cfc&amp;_nc_eui2=AeE-voDsZjjSxK4p7dAVt3YBGTyCyUYdApIZPILJRh0Ckv12Fr61nZtIgZXfY3KfldM&amp;_nc_ohc=zNQ2WUUSgVwQ7kNvgFT3lGV&amp;_nc_oc=Adg3ypL1s6Luy_4vJeoaJnlXgTTc63PUNqT_1ug-IW0io2lrekit7je93lrS6Rr0QR8&amp;_nc_zt=23&amp;_nc_ht=scontent.fcor10-3.fna&amp;_nc_gid=Ar1cAafPL3R8qZJoQYU0YIz&amp;oh=00_AYA0WvZDFjZj7S8r2aaFfobPGwfwRm2VCu7p20GP-A30XQ&amp;oe=679DEB68\" alt=\"Puede ser una imagen de una o varias personas y texto\"\/><\/a><\/figure>\n","protected":false},"excerpt":{"rendered":"<p>Gobierno de C\u00f3rdoba, a trav\u00e9s de la Secretar\u00eda de Transporte, informa que a partir del 10 de febrero se abrir\u00e1 la inscripci\u00f3n para acceder al Boleto Educativo Cordob\u00e9s (BEC) correspondiente al per\u00edodo 2025 pobierno de C\u00f3rdoba, a trav\u00e9s de la Secretar\u00eda de Transporte, informa que a partir del 10 de febrero se abrir\u00e1 la inscripci\u00f3n [&hellip;]<\/p>\n","protected":false},"author":1,"featured_media":9460,"comment_status":"closed","ping_status":"closed","sticky":false,"template":"","format":"standard","meta":{"footnotes":""},"categories":[69],"tags":[345],"class_list":["post-9459","post","type-post","status-publish","format-standard","has-post-thumbnail","hentry","category-noticias","tag-destacar"],"_links":{"self":[{"href":"https:\/\/www.nextmultimedio.com\/index.php?rest_route=\/wp\/v2\/posts\/9459","targetHints":{"allow":["GET"]}}],"collection":[{"href":"https:\/\/www.nextmultimedio.com\/index.php?rest_route=\/wp\/v2\/posts"}],"about":[{"href":"https:\/\/www.nextmultimedio.com\/index.php?rest_route=\/wp\/v2\/types\/post"}],"author":[{"embeddable":true,"href":"https:\/\/www.nextmultimedio.com\/index.php?rest_route=\/wp\/v2\/users\/1"}],"replies":[{"embeddable":true,"href":"https:\/\/www.nextmultimedio.com\/index.php?rest_route=%2Fwp%2Fv2%2Fcomments&post=9459"}],"version-history":[{"count":1,"href":"https:\/\/www.nextmultimedio.com\/index.php?rest_route=\/wp\/v2\/posts\/9459\/revisions"}],"predecessor-version":[{"id":9461,"href":"https:\/\/www.nextmultimedio.com\/index.php?rest_route=\/wp\/v2\/posts\/9459\/revisions\/9461"}],"wp:featuredmedia":[{"embeddable":true,"href":"https:\/\/www.nextmultimedio.com\/index.php?rest_route=\/wp\/v2\/media\/9460"}],"wp:attachment":[{"href":"https:\/\/www.nextmultimedio.com\/index.php?rest_route=%2Fwp%2Fv2%2Fmedia&parent=9459"}],"wp:term":[{"taxonomy":"category","embeddable":true,"href":"https:\/\/www.nextmultimedio.com\/index.php?rest_route=%2Fwp%2Fv2%2Fcategories&post=9459"},{"taxonomy":"post_tag","embeddable":true,"href":"https:\/\/www.nextmultimedio.com\/index.php?rest_route=%2Fwp%2Fv2%2Ftags&post=9459"}],"curies":[{"name":"wp","href":"https:\/\/api.w.org\/{rel}","templated":true}]}}