{"id":9456,"date":"2025-01-27T22:32:37","date_gmt":"2025-01-28T01:32:37","guid":{"rendered":"https:\/\/www.nextmultimedio.com\/?p=9456"},"modified":"2025-01-27T22:32:38","modified_gmt":"2025-01-28T01:32:38","slug":"la-provincia-avanza-en-la-construccion-del-nuevo-modulo-m3-en-bouwer","status":"publish","type":"post","link":"https:\/\/www.nextmultimedio.com\/?p=9456","title":{"rendered":"LA PROVINCIA AVANZA EN LA CONSTRUCCI\u00d3N DEL NUEVO M\u00d3DULO M3 EN BOUWER"},"content":{"rendered":"\n<figure class=\"wp-block-image size-large\"><img loading=\"lazy\" decoding=\"async\" width=\"1024\" height=\"1024\" src=\"https:\/\/www.nextmultimedio.com\/wp-content\/uploads\/2025\/01\/475241008_18286837843243999_761154384457107865_n-1024x1024.jpg\" alt=\"\" class=\"wp-image-9457\" srcset=\"https:\/\/www.nextmultimedio.com\/wp-content\/uploads\/2025\/01\/475241008_18286837843243999_761154384457107865_n-1024x1024.jpg 1024w, https:\/\/www.nextmultimedio.com\/wp-content\/uploads\/2025\/01\/475241008_18286837843243999_761154384457107865_n-300x300.jpg 300w, https:\/\/www.nextmultimedio.com\/wp-content\/uploads\/2025\/01\/475241008_18286837843243999_761154384457107865_n-768x768.jpg 768w, https:\/\/www.nextmultimedio.com\/wp-content\/uploads\/2025\/01\/475241008_18286837843243999_761154384457107865_n.jpg 1080w\" sizes=\"auto, (max-width: 1024px) 100vw, 1024px\" \/><\/figure>\n\n\n\n<p>El Gobierno de C\u00f3rdoba, a trav\u00e9s del Ministerio de Infraestructura y Servicios P\u00fablicos, avanza en la construcci\u00f3n del nuevo m\u00f3dulo M3 para el Complejo Carcelario N\u00b0 1, Reverendo Padre <a><\/a>Luchesse, ubicado en Bouwer.<\/p>\n\n\n\n<p>El ministro de Infraestructura y Servicios P\u00fablicos, Fabi\u00e1n L\u00f3pez junto a su par de Justicia y Trabajo, Juli\u00e1n L\u00f3pez, supervisaron la obra, sobre un predio cuya superficie total es de 117.460 metros cuadrados.<\/p>\n\n\n\n<p>Esta obra, que ya registra un avance del 70 por ciento, incluye una superficie total de 26.800 m\u00b2 cubiertos y est\u00e1 dise\u00f1ado para alojar a 896 internos condenados, en condiciones de seguridad y funcionalidad.<\/p>\n\n\n\n<p>El proyecto del m\u00f3dulo M3 incluye la construcci\u00f3n de cuatro pabellones de 2.700 m\u00b2 cada uno, que albergar\u00e1n un total de 496 celdas. Estas estar\u00e1n equipadas con ba\u00f1o privado, calefacci\u00f3n, ventilaci\u00f3n y sistemas de apertura electr\u00f3nica, garantizando condiciones de habitabilidad modernas y funcionales.<\/p>\n\n\n\n<p>Adem\u00e1s, incluye un pabell\u00f3n de atenuados y otro de pre-egreso, dise\u00f1ados espec\u00edficamente para apoyar el proceso de reinserci\u00f3n social de los internos, brind\u00e1ndoles un entorno adecuado para la transici\u00f3n hacia la vida fuera del sistema penitenciario.<\/p>\n\n\n\n<p>El m\u00f3dulo contar\u00e1 tambi\u00e9n con un sector de tratamiento que incluir\u00e1 \u00e1reas t\u00e9cnicas, locutorios para abogados y espacios habilitados para realizar videollamadas, facilitando la interacci\u00f3n con el exterior y el acceso a servicios esenciales.<\/p>\n\n\n\n<p>Para recibir visitas, se construir\u00e1n espacios que incluyen salones de servicios, \u00e1reas de apoyo y habitaciones destinadas a visitas \u00edntimas. Estos espacios buscan fomentar el contacto de los internos con sus familiares en condiciones adecuadas.<\/p>\n\n\n\n<p><a href=\"https:\/\/www.facebook.com\/photo\/?fbid=1163975749066933&amp;set=pcb.1163975785733596&amp;__cft__[0]=AZVWL5p8DFZbiICin_kQydR4blX56axgEyGSFYox0TJAGQPmtuM8SWYIP9TaBz7sCMzRYFHOKJJ_VHPSZdGHMShTE6r62T7sGPA9tva3QBV0Fo3f7k0lYDzISvorRAEE8IKlvxOfBxPltf9YD5_yyI65yFB-6idE10oUh6rdNfuRZnio9RMSMDsMNfdd1l2h_Q8&amp;__tn__=*bH-R\"><\/a><\/p>\n\n\n\n<figure class=\"wp-block-image\"><a href=\"https:\/\/www.facebook.com\/photo\/?fbid=1163975749066933&amp;set=pcb.1163975785733596&amp;__cft__[0]=AZVWL5p8DFZbiICin_kQydR4blX56axgEyGSFYox0TJAGQPmtuM8SWYIP9TaBz7sCMzRYFHOKJJ_VHPSZdGHMShTE6r62T7sGPA9tva3QBV0Fo3f7k0lYDzISvorRAEE8IKlvxOfBxPltf9YD5_yyI65yFB-6idE10oUh6rdNfuRZnio9RMSMDsMNfdd1l2h_Q8&amp;__tn__=*bH-R\"><img decoding=\"async\" src=\"https:\/\/scontent.fcor10-4.fna.fbcdn.net\/v\/t51.75761-15\/475241008_18286837843243999_761154384457107865_n.jpg?stp=dst-jpg_s600x600_tt6&amp;_nc_cat=103&amp;ccb=1-7&amp;_nc_sid=127cfc&amp;_nc_eui2=AeG086ipMKRNAYNcc1-SuL6zBDHSLWkV3FAEMdItaRXcUHee_MdLudqvK_NHowvlOQU&amp;_nc_ohc=KG7iKEEwbCMQ7kNvgEUi9U-&amp;_nc_oc=AdhX7sLUBeijMtSFORoeX1CS6EF3xNtDyME_Ib1HP3VymgXSIAEx3YDDSgtkQaYCBOc&amp;_nc_zt=23&amp;_nc_ht=scontent.fcor10-4.fna&amp;_nc_gid=AsnCSnKgvlQtrn-qev845N1&amp;oh=00_AYC2oT_-wLvcTXvtgaq5l6-AlUFseUoj0b-iStXDMfr0Nw&amp;oe=679E0727\" alt=\"\"\/><\/a><\/figure>\n\n\n\n<p><a href=\"https:\/\/www.facebook.com\/photo\/?fbid=1163975755733599&amp;set=pcb.1163975785733596&amp;__cft__[0]=AZVWL5p8DFZbiICin_kQydR4blX56axgEyGSFYox0TJAGQPmtuM8SWYIP9TaBz7sCMzRYFHOKJJ_VHPSZdGHMShTE6r62T7sGPA9tva3QBV0Fo3f7k0lYDzISvorRAEE8IKlvxOfBxPltf9YD5_yyI65yFB-6idE10oUh6rdNfuRZnio9RMSMDsMNfdd1l2h_Q8&amp;__tn__=*bH-R\"><\/a><\/p>\n\n\n\n<figure class=\"wp-block-image\"><a href=\"https:\/\/www.facebook.com\/photo\/?fbid=1163975755733599&amp;set=pcb.1163975785733596&amp;__cft__[0]=AZVWL5p8DFZbiICin_kQydR4blX56axgEyGSFYox0TJAGQPmtuM8SWYIP9TaBz7sCMzRYFHOKJJ_VHPSZdGHMShTE6r62T7sGPA9tva3QBV0Fo3f7k0lYDzISvorRAEE8IKlvxOfBxPltf9YD5_yyI65yFB-6idE10oUh6rdNfuRZnio9RMSMDsMNfdd1l2h_Q8&amp;__tn__=*bH-R\"><img decoding=\"async\" src=\"https:\/\/scontent.fcor10-4.fna.fbcdn.net\/v\/t51.75761-15\/475385791_18286837852243999_5821878725850120730_n.jpg?stp=dst-jpg_s600x600_tt6&amp;_nc_cat=106&amp;ccb=1-7&amp;_nc_sid=127cfc&amp;_nc_eui2=AeFXQ4h2D8k215uakHBLSkbBRbYP5GHQSMZFtg_kYdBIxnUiYO1ipKAAfhspyDf1HNw&amp;_nc_ohc=xfoy5axYBVEQ7kNvgFytJ48&amp;_nc_oc=Adiw-reYq9S5JQ2T8QbEKnrhHY29Kc8Z6R7hNFhUC9aYlR2XSgEa3FRnKWDRPlV526I&amp;_nc_zt=23&amp;_nc_ht=scontent.fcor10-4.fna&amp;_nc_gid=AsnCSnKgvlQtrn-qev845N1&amp;oh=00_AYDOJDYdk6CtkH9Yau8om7-yDnSkPZANn-MJxmgHrhB0aQ&amp;oe=679E07B5\" alt=\"\"\/><\/a><\/figure>\n\n\n\n<p><a href=\"https:\/\/www.facebook.com\/photo\/?fbid=1163975752400266&amp;set=pcb.1163975785733596&amp;__cft__[0]=AZVWL5p8DFZbiICin_kQydR4blX56axgEyGSFYox0TJAGQPmtuM8SWYIP9TaBz7sCMzRYFHOKJJ_VHPSZdGHMShTE6r62T7sGPA9tva3QBV0Fo3f7k0lYDzISvorRAEE8IKlvxOfBxPltf9YD5_yyI65yFB-6idE10oUh6rdNfuRZnio9RMSMDsMNfdd1l2h_Q8&amp;__tn__=*bH-R\"><\/a><\/p>\n\n\n\n<figure class=\"wp-block-image\"><a href=\"https:\/\/www.facebook.com\/photo\/?fbid=1163975752400266&amp;set=pcb.1163975785733596&amp;__cft__[0]=AZVWL5p8DFZbiICin_kQydR4blX56axgEyGSFYox0TJAGQPmtuM8SWYIP9TaBz7sCMzRYFHOKJJ_VHPSZdGHMShTE6r62T7sGPA9tva3QBV0Fo3f7k0lYDzISvorRAEE8IKlvxOfBxPltf9YD5_yyI65yFB-6idE10oUh6rdNfuRZnio9RMSMDsMNfdd1l2h_Q8&amp;__tn__=*bH-R\"><img decoding=\"async\" src=\"https:\/\/scontent.fcor10-3.fna.fbcdn.net\/v\/t51.75761-15\/475106770_18286837861243999_3782374001461467965_n.jpg?stp=dst-jpg_s600x600_tt6&amp;_nc_cat=104&amp;ccb=1-7&amp;_nc_sid=127cfc&amp;_nc_eui2=AeEpkie3Fyb9n9bOY-Nd5Xplo4o-VYDS2D-jij5VgNLYP73HahcaV6NpGikAvDUyvGY&amp;_nc_ohc=C2duPWQkfzQQ7kNvgEqnayn&amp;_nc_oc=AdhkidY0sVELPjLCBOBuUAUi5KtJhsu0zHHhka8Pi8ba0xdhNBOKyQ2qvg1ecez1uK0&amp;_nc_zt=23&amp;_nc_ht=scontent.fcor10-3.fna&amp;_nc_gid=AsnCSnKgvlQtrn-qev845N1&amp;oh=00_AYCBnhdOGWKVOx6caPRJJbF9mD8U_h8tVY2IUReEUfCbKQ&amp;oe=679E1C6A\" alt=\"\"\/><\/a><\/figure>\n\n\n\n<p><a href=\"https:\/\/www.facebook.com\/photo\/?fbid=1163975765733598&amp;set=pcb.1163975785733596&amp;__cft__[0]=AZVWL5p8DFZbiICin_kQydR4blX56axgEyGSFYox0TJAGQPmtuM8SWYIP9TaBz7sCMzRYFHOKJJ_VHPSZdGHMShTE6r62T7sGPA9tva3QBV0Fo3f7k0lYDzISvorRAEE8IKlvxOfBxPltf9YD5_yyI65yFB-6idE10oUh6rdNfuRZnio9RMSMDsMNfdd1l2h_Q8&amp;__tn__=*bH-R\"><\/a><\/p>\n\n\n\n<figure class=\"wp-block-image\"><a href=\"https:\/\/www.facebook.com\/photo\/?fbid=1163975765733598&amp;set=pcb.1163975785733596&amp;__cft__[0]=AZVWL5p8DFZbiICin_kQydR4blX56axgEyGSFYox0TJAGQPmtuM8SWYIP9TaBz7sCMzRYFHOKJJ_VHPSZdGHMShTE6r62T7sGPA9tva3QBV0Fo3f7k0lYDzISvorRAEE8IKlvxOfBxPltf9YD5_yyI65yFB-6idE10oUh6rdNfuRZnio9RMSMDsMNfdd1l2h_Q8&amp;__tn__=*bH-R\"><img decoding=\"async\" src=\"https:\/\/scontent.fcor10-3.fna.fbcdn.net\/v\/t51.75761-15\/475047795_18286837882243999_1970832596953498669_n.jpg?stp=dst-jpg_s600x600_tt6&amp;_nc_cat=107&amp;ccb=1-7&amp;_nc_sid=127cfc&amp;_nc_eui2=AeFWfBjyOew3R5TXu-_UqIM2sWz71gMwlTexbPvWAzCVNy-5pmrUiHGMnlLXawK9lJA&amp;_nc_ohc=pI44JtZs6XcQ7kNvgHDVRnL&amp;_nc_oc=AditOz-v66r9keJzIeohV6v5S-RfSTI38gd8fROodbG-AxdoAhcqLPHGsc4jlAlS2uk&amp;_nc_zt=23&amp;_nc_ht=scontent.fcor10-3.fna&amp;_nc_gid=AsnCSnKgvlQtrn-qev845N1&amp;oh=00_AYBs13L9jhF4rHpcfItQdEigmFLV42gbSqOKqkUfHZhRcw&amp;oe=679E03CD\" alt=\"\"\/><\/a><\/figure>\n\n\n\n<p><a href=\"https:\/\/www.facebook.com\/photo\/?fbid=1163975769066931&amp;set=pcb.1163975785733596&amp;__cft__[0]=AZVWL5p8DFZbiICin_kQydR4blX56axgEyGSFYox0TJAGQPmtuM8SWYIP9TaBz7sCMzRYFHOKJJ_VHPSZdGHMShTE6r62T7sGPA9tva3QBV0Fo3f7k0lYDzISvorRAEE8IKlvxOfBxPltf9YD5_yyI65yFB-6idE10oUh6rdNfuRZnio9RMSMDsMNfdd1l2h_Q8&amp;__tn__=*bH-R\"><\/a><\/p>\n\n\n\n<figure class=\"wp-block-image\"><a href=\"https:\/\/www.facebook.com\/photo\/?fbid=1163975769066931&amp;set=pcb.1163975785733596&amp;__cft__[0]=AZVWL5p8DFZbiICin_kQydR4blX56axgEyGSFYox0TJAGQPmtuM8SWYIP9TaBz7sCMzRYFHOKJJ_VHPSZdGHMShTE6r62T7sGPA9tva3QBV0Fo3f7k0lYDzISvorRAEE8IKlvxOfBxPltf9YD5_yyI65yFB-6idE10oUh6rdNfuRZnio9RMSMDsMNfdd1l2h_Q8&amp;__tn__=*bH-R\"><img decoding=\"async\" src=\"https:\/\/scontent.fcor10-4.fna.fbcdn.net\/v\/t51.75761-15\/475374601_18286837873243999_3720978608652350108_n.jpg?stp=dst-jpg_s600x600_tt6&amp;_nc_cat=106&amp;ccb=1-7&amp;_nc_sid=127cfc&amp;_nc_eui2=AeEb1_qZJuJD0voHz8D2TfVL4ue2TeWmt0Hi57ZN5aa3QdOHMGpJEUIbDA3LzrfGYVY&amp;_nc_ohc=7W8_e2xVcTUQ7kNvgFxJCWR&amp;_nc_oc=Adg8GMAgrLuXfrfRH4U4m4VJxdfl2qf7eThg-UjHWjhex5Yo7GhpELmljy1HmkzH0wA&amp;_nc_zt=23&amp;_nc_ht=scontent.fcor10-4.fna&amp;_nc_gid=AsnCSnKgvlQtrn-qev845N1&amp;oh=00_AYBiN54D75KAnjYaW41Ha5xPe_U5wG9XfsASv9gmjvnobQ&amp;oe=679DEA9D\" alt=\"\"\/><\/a><\/figure>\n","protected":false},"excerpt":{"rendered":"<p>El Gobierno de C\u00f3rdoba, a trav\u00e9s del Ministerio de Infraestructura y Servicios P\u00fablicos, avanza en la construcci\u00f3n del nuevo m\u00f3dulo M3 para el Complejo Carcelario N\u00b0 1, Reverendo Padre Luchesse, ubicado en Bouwer. El ministro de Infraestructura y Servicios P\u00fablicos, Fabi\u00e1n L\u00f3pez junto a su par de Justicia y Trabajo, Juli\u00e1n L\u00f3pez, supervisaron la obra, [&hellip;]<\/p>\n","protected":false},"author":1,"featured_media":9457,"comment_status":"closed","ping_status":"closed","sticky":false,"template":"","format":"standard","meta":{"footnotes":""},"categories":[69],"tags":[345],"class_list":["post-9456","post","type-post","status-publish","format-standard","has-post-thumbnail","hentry","category-noticias","tag-destacar"],"_links":{"self":[{"href":"https:\/\/www.nextmultimedio.com\/index.php?rest_route=\/wp\/v2\/posts\/9456","targetHints":{"allow":["GET"]}}],"collection":[{"href":"https:\/\/www.nextmultimedio.com\/index.php?rest_route=\/wp\/v2\/posts"}],"about":[{"href":"https:\/\/www.nextmultimedio.com\/index.php?rest_route=\/wp\/v2\/types\/post"}],"author":[{"embeddable":true,"href":"https:\/\/www.nextmultimedio.com\/index.php?rest_route=\/wp\/v2\/users\/1"}],"replies":[{"embeddable":true,"href":"https:\/\/www.nextmultimedio.com\/index.php?rest_route=%2Fwp%2Fv2%2Fcomments&post=9456"}],"version-history":[{"count":1,"href":"https:\/\/www.nextmultimedio.com\/index.php?rest_route=\/wp\/v2\/posts\/9456\/revisions"}],"predecessor-version":[{"id":9458,"href":"https:\/\/www.nextmultimedio.com\/index.php?rest_route=\/wp\/v2\/posts\/9456\/revisions\/9458"}],"wp:featuredmedia":[{"embeddable":true,"href":"https:\/\/www.nextmultimedio.com\/index.php?rest_route=\/wp\/v2\/media\/9457"}],"wp:attachment":[{"href":"https:\/\/www.nextmultimedio.com\/index.php?rest_route=%2Fwp%2Fv2%2Fmedia&parent=9456"}],"wp:term":[{"taxonomy":"category","embeddable":true,"href":"https:\/\/www.nextmultimedio.com\/index.php?rest_route=%2Fwp%2Fv2%2Fcategories&post=9456"},{"taxonomy":"post_tag","embeddable":true,"href":"https:\/\/www.nextmultimedio.com\/index.php?rest_route=%2Fwp%2Fv2%2Ftags&post=9456"}],"curies":[{"name":"wp","href":"https:\/\/api.w.org\/{rel}","templated":true}]}}