{"id":9453,"date":"2025-01-27T22:30:09","date_gmt":"2025-01-28T01:30:09","guid":{"rendered":"https:\/\/www.nextmultimedio.com\/?p=9453"},"modified":"2025-01-27T22:30:10","modified_gmt":"2025-01-28T01:30:10","slug":"finalizaron-los-trabajos-de-reparacion-se-normaliza-la-distribucion-de-agua-en-zona-norte","status":"publish","type":"post","link":"https:\/\/www.nextmultimedio.com\/?p=9453","title":{"rendered":"FINALIZARON LOS TRABAJOS DE REPARACI\u00d3N: SE NORMALIZA LA DISTRIBUCI\u00d3N DE AGUA EN ZONA NORTE"},"content":{"rendered":"<div class=\"wp-block-image\">\n<figure class=\"aligncenter size-full\"><img loading=\"lazy\" decoding=\"async\" width=\"526\" height=\"526\" src=\"https:\/\/www.nextmultimedio.com\/wp-content\/uploads\/2025\/01\/475269905_18286875484243999_7210342864933334905_n.jpg\" alt=\"\" class=\"wp-image-9454\" srcset=\"https:\/\/www.nextmultimedio.com\/wp-content\/uploads\/2025\/01\/475269905_18286875484243999_7210342864933334905_n.jpg 526w, https:\/\/www.nextmultimedio.com\/wp-content\/uploads\/2025\/01\/475269905_18286875484243999_7210342864933334905_n-300x300.jpg 300w\" sizes=\"auto, (max-width: 526px) 100vw, 526px\" \/><\/figure>\n<\/div>\n\n\n<p>Servicio Municipal de Agua: Se finaliz\u00f3 de manera exitosa la reparaci\u00f3n de ca\u00f1er\u00eda sobre calle Asunci\u00f3n y se ir\u00e1 normalizando la distribuci\u00f3n en la zona norte de la <a><\/a>ciudad<\/p>\n\n\n\n<p>La Subsecretar\u00eda de Agua y Saneamiento informa que finaliz\u00f3 la reparaci\u00f3n sobre calle Asunci\u00f3n, la cual se vio afectada por la interferencia de otros servicios y la intervenci\u00f3n de EPEC., generando una demora en las tareas operativas.<\/p>\n\n\n\n<p>Durante la tarde de hoy lunes 27 y martes 28 de enero se ir\u00e1 normalizando el servicio en cuanto a presi\u00f3n y a distribuci\u00f3n en los barrios afectados: Villa del Lago y Villa Parque San Miguel.<\/p>\n\n\n\n<p>Se solicita cuidar las reservas de domicilios y seguir haciendo un uso responsable y racional del recurso.<\/p>\n\n\n\n<p>Por consultas pueden comunicarse v\u00eda Whatsapp las 24hs al tel\u00e9fono 3541 528314.<\/p>\n\n\n\n<p><a href=\"https:\/\/www.facebook.com\/photo\/?fbid=1164243199040188&amp;set=a.356501556481027&amp;__cft__[0]=AZWOJCQP7W1o_lKgm8Hlr3CoDMf6RIiEcHZWPhyUAFizsAnsXYfG3yJ3gPBXFM4QQippizEGQyU1orM79CTyOkQdNQDcfUCAFrNNsdNAXh0PxoKzuBKjCfQIgHe0i3P5O-AfLDc3JBjtIVqLmQ0F2QsDxRbNbZYobvgVs-ScvC__EIFNAexWp07y7XQze6mrgYQ&amp;__tn__=EH-R\"><\/a><\/p>\n\n\n\n<figure class=\"wp-block-image\"><a href=\"https:\/\/www.facebook.com\/photo\/?fbid=1164243199040188&amp;set=a.356501556481027&amp;__cft__[0]=AZWOJCQP7W1o_lKgm8Hlr3CoDMf6RIiEcHZWPhyUAFizsAnsXYfG3yJ3gPBXFM4QQippizEGQyU1orM79CTyOkQdNQDcfUCAFrNNsdNAXh0PxoKzuBKjCfQIgHe0i3P5O-AfLDc3JBjtIVqLmQ0F2QsDxRbNbZYobvgVs-ScvC__EIFNAexWp07y7XQze6mrgYQ&amp;__tn__=EH-R\"><img decoding=\"async\" src=\"https:\/\/scontent.fcor10-3.fna.fbcdn.net\/v\/t51.75761-15\/475269905_18286875484243999_7210342864933334905_n.jpg?stp=dst-jpg_p526x296_tt6&amp;_nc_cat=101&amp;ccb=1-7&amp;_nc_sid=127cfc&amp;_nc_eui2=AeHRkUW_ZMQVlAacuVvseeJ57wCgqpfB3rjvAKCql8HeuLNe6t3VJykqve3zgLeHJgc&amp;_nc_ohc=hvCzw9Juy2oQ7kNvgHqzT0H&amp;_nc_oc=AdiTx8D2HuFUo1cHp3eY5kmxMFBhJoySVqQEMMKoOmAkpqbWE3mCE9yJvxRu3DxALfs&amp;_nc_zt=23&amp;_nc_ht=scontent.fcor10-3.fna&amp;_nc_gid=A2Cqjs5OdDB1AdQfOu3F0Hc&amp;oh=00_AYCqPsmB8vY7SO52POX5oYZAHjBzFv4tTIVkCt4pG5qUGg&amp;oe=679E1E45\" alt=\"Puede ser una imagen de 4 personas, calle y texto\"\/><\/a><\/figure>\n","protected":false},"excerpt":{"rendered":"<p>Servicio Municipal de Agua: Se finaliz\u00f3 de manera exitosa la reparaci\u00f3n de ca\u00f1er\u00eda sobre calle Asunci\u00f3n y se ir\u00e1 normalizando la distribuci\u00f3n en la zona norte de la ciudad La Subsecretar\u00eda de Agua y Saneamiento informa que finaliz\u00f3 la reparaci\u00f3n sobre calle Asunci\u00f3n, la cual se vio afectada por la interferencia de otros servicios y [&hellip;]<\/p>\n","protected":false},"author":1,"featured_media":9454,"comment_status":"closed","ping_status":"closed","sticky":false,"template":"","format":"standard","meta":{"footnotes":""},"categories":[69],"tags":[345],"class_list":["post-9453","post","type-post","status-publish","format-standard","has-post-thumbnail","hentry","category-noticias","tag-destacar"],"_links":{"self":[{"href":"https:\/\/www.nextmultimedio.com\/index.php?rest_route=\/wp\/v2\/posts\/9453","targetHints":{"allow":["GET"]}}],"collection":[{"href":"https:\/\/www.nextmultimedio.com\/index.php?rest_route=\/wp\/v2\/posts"}],"about":[{"href":"https:\/\/www.nextmultimedio.com\/index.php?rest_route=\/wp\/v2\/types\/post"}],"author":[{"embeddable":true,"href":"https:\/\/www.nextmultimedio.com\/index.php?rest_route=\/wp\/v2\/users\/1"}],"replies":[{"embeddable":true,"href":"https:\/\/www.nextmultimedio.com\/index.php?rest_route=%2Fwp%2Fv2%2Fcomments&post=9453"}],"version-history":[{"count":1,"href":"https:\/\/www.nextmultimedio.com\/index.php?rest_route=\/wp\/v2\/posts\/9453\/revisions"}],"predecessor-version":[{"id":9455,"href":"https:\/\/www.nextmultimedio.com\/index.php?rest_route=\/wp\/v2\/posts\/9453\/revisions\/9455"}],"wp:featuredmedia":[{"embeddable":true,"href":"https:\/\/www.nextmultimedio.com\/index.php?rest_route=\/wp\/v2\/media\/9454"}],"wp:attachment":[{"href":"https:\/\/www.nextmultimedio.com\/index.php?rest_route=%2Fwp%2Fv2%2Fmedia&parent=9453"}],"wp:term":[{"taxonomy":"category","embeddable":true,"href":"https:\/\/www.nextmultimedio.com\/index.php?rest_route=%2Fwp%2Fv2%2Fcategories&post=9453"},{"taxonomy":"post_tag","embeddable":true,"href":"https:\/\/www.nextmultimedio.com\/index.php?rest_route=%2Fwp%2Fv2%2Ftags&post=9453"}],"curies":[{"name":"wp","href":"https:\/\/api.w.org\/{rel}","templated":true}]}}