{"id":9434,"date":"2025-01-26T10:47:49","date_gmt":"2025-01-26T13:47:49","guid":{"rendered":"https:\/\/www.nextmultimedio.com\/?p=9434"},"modified":"2025-01-26T10:47:50","modified_gmt":"2025-01-26T13:47:50","slug":"la-provincia-asiste-a-las-localidades-afectadas-por-las-intensas-lluvias","status":"publish","type":"post","link":"https:\/\/www.nextmultimedio.com\/?p=9434","title":{"rendered":"LA PROVINCIA ASISTE A LAS LOCALIDADES AFECTADAS POR LAS INTENSAS LLUVIAS"},"content":{"rendered":"\n<ul class=\"wp-block-list\">\n<li><strong>El Gobierno de C\u00f3rdoba est\u00e1 en contacto con intendentes y jefes comunales para relevar da\u00f1os y necesidades.<\/strong><\/li>\n\n\n\n<li><strong>Adem\u00e1s, se dispuso el env\u00edo de 10 millones de pesos para la primera etapa de asistencia.<\/strong><\/li>\n\n\n\n<li><strong>Advierten por fuertes crecidas en los r\u00edos serranos para las pr\u00f3ximas horas.<\/strong><\/li>\n<\/ul>\n\n\n\n<figure class=\"wp-block-image size-large\"><img loading=\"lazy\" decoding=\"async\" width=\"1024\" height=\"1024\" src=\"https:\/\/www.nextmultimedio.com\/wp-content\/uploads\/2025\/01\/474204784_18285992548243999_4093826751446719555_n-3-1024x1024.jpg\" alt=\"\" class=\"wp-image-9435\" srcset=\"https:\/\/www.nextmultimedio.com\/wp-content\/uploads\/2025\/01\/474204784_18285992548243999_4093826751446719555_n-3-1024x1024.jpg 1024w, https:\/\/www.nextmultimedio.com\/wp-content\/uploads\/2025\/01\/474204784_18285992548243999_4093826751446719555_n-3-300x300.jpg 300w, https:\/\/www.nextmultimedio.com\/wp-content\/uploads\/2025\/01\/474204784_18285992548243999_4093826751446719555_n-3-768x768.jpg 768w, https:\/\/www.nextmultimedio.com\/wp-content\/uploads\/2025\/01\/474204784_18285992548243999_4093826751446719555_n-3.jpg 1080w\" sizes=\"auto, (max-width: 1024px) 100vw, 1024px\" \/><\/figure>\n\n\n\n<p>El Gobierno de C\u00f3rdoba asiste a las localidades afectadas por las intensas lluvias y ca\u00edda de granizo registrados este s\u00e1bado.<\/p>\n\n\n\n<p>Entre ellas se encuentran Santa Rosa de Calamuchita, Alpa Corral, Villa del Dique.<\/p>\n\n\n\n<p>La Provincia, a trav\u00e9s de los ministerios de Gobierno y Desarrollo Social y Promoci\u00f3n del Empleo, est\u00e1 en contacto con intendentes y jefes comunales de las comunidades afectadas.<\/p>\n\n\n\n<p>Entre las medidas adoptadas se encuentra el env\u00edo de 10 millones de pesos para la primera etapa de la asistencia.<\/p>\n\n\n\n<p>Al mismo tiempo, desde la Secretar\u00eda de Gesti\u00f3n de Riesgo Clim\u00e1tico, Cat\u00e1strofes y Protecci\u00f3n Civil de la Provincia, advirtieron por la crecida de r\u00edos serranos y solicitaron precauci\u00f3n a turistas.<audio src=\"https:\/\/prensa.cba.gov.ar\/wp-content\/uploads\/2025\/01\/Roberto-Schreiner.mp3\"><\/audio><em><strong>Roberto Schreiner, vocero de la Secretar\u00eda de Gesti\u00f3n de Riesgo Clim\u00e1tico<\/strong><\/em><\/p>\n\n\n\n<p>En Santa Rosa de Calamuchita, una de las zonas m\u00e1s afectadas, se conform\u00f3 un comit\u00e9 de crisis y se dirigen a colaborar m\u00f3viles de Defensa Civil Provincial.<\/p>\n\n\n\n<p>Dicho comit\u00e9 est\u00e1 conformado, entre otros, por efectivos de Defensa Civil de la Provincia, DUAR y bomberos junto al intendente local, Eduardo Mart\u00edn.<\/p>\n\n\n\n<figure class=\"wp-block-image\"><img decoding=\"async\" src=\"https:\/\/prensa.cba.gov.ar\/wp-content\/uploads\/2025\/01\/WhatsApp-Image-2025-01-25-at-21.17.55-1024x592.jpeg\" alt=\"\" class=\"wp-image-613138\"\/><\/figure>\n\n\n\n<p>Navegaci\u00f3n de entradas<\/p>\n","protected":false},"excerpt":{"rendered":"<p>El Gobierno de C\u00f3rdoba asiste a las localidades afectadas por las intensas lluvias y ca\u00edda de granizo registrados este s\u00e1bado. Entre ellas se encuentran Santa Rosa de Calamuchita, Alpa Corral, Villa del Dique. La Provincia, a trav\u00e9s de los ministerios de Gobierno y Desarrollo Social y Promoci\u00f3n del Empleo, est\u00e1 en contacto con intendentes y [&hellip;]<\/p>\n","protected":false},"author":1,"featured_media":9435,"comment_status":"closed","ping_status":"closed","sticky":false,"template":"","format":"standard","meta":{"footnotes":""},"categories":[69],"tags":[345],"class_list":["post-9434","post","type-post","status-publish","format-standard","has-post-thumbnail","hentry","category-noticias","tag-destacar"],"_links":{"self":[{"href":"https:\/\/www.nextmultimedio.com\/index.php?rest_route=\/wp\/v2\/posts\/9434","targetHints":{"allow":["GET"]}}],"collection":[{"href":"https:\/\/www.nextmultimedio.com\/index.php?rest_route=\/wp\/v2\/posts"}],"about":[{"href":"https:\/\/www.nextmultimedio.com\/index.php?rest_route=\/wp\/v2\/types\/post"}],"author":[{"embeddable":true,"href":"https:\/\/www.nextmultimedio.com\/index.php?rest_route=\/wp\/v2\/users\/1"}],"replies":[{"embeddable":true,"href":"https:\/\/www.nextmultimedio.com\/index.php?rest_route=%2Fwp%2Fv2%2Fcomments&post=9434"}],"version-history":[{"count":1,"href":"https:\/\/www.nextmultimedio.com\/index.php?rest_route=\/wp\/v2\/posts\/9434\/revisions"}],"predecessor-version":[{"id":9436,"href":"https:\/\/www.nextmultimedio.com\/index.php?rest_route=\/wp\/v2\/posts\/9434\/revisions\/9436"}],"wp:featuredmedia":[{"embeddable":true,"href":"https:\/\/www.nextmultimedio.com\/index.php?rest_route=\/wp\/v2\/media\/9435"}],"wp:attachment":[{"href":"https:\/\/www.nextmultimedio.com\/index.php?rest_route=%2Fwp%2Fv2%2Fmedia&parent=9434"}],"wp:term":[{"taxonomy":"category","embeddable":true,"href":"https:\/\/www.nextmultimedio.com\/index.php?rest_route=%2Fwp%2Fv2%2Fcategories&post=9434"},{"taxonomy":"post_tag","embeddable":true,"href":"https:\/\/www.nextmultimedio.com\/index.php?rest_route=%2Fwp%2Fv2%2Ftags&post=9434"}],"curies":[{"name":"wp","href":"https:\/\/api.w.org\/{rel}","templated":true}]}}