{"id":9411,"date":"2025-01-21T18:23:24","date_gmt":"2025-01-21T21:23:24","guid":{"rendered":"https:\/\/www.nextmultimedio.com\/?p=9411"},"modified":"2025-01-21T18:23:25","modified_gmt":"2025-01-21T21:23:25","slug":"el-ecocanje-no-se-toma-vacaciones","status":"publish","type":"post","link":"https:\/\/www.nextmultimedio.com\/?p=9411","title":{"rendered":"EL ECOCANJE NO SE TOMA VACACIONES"},"content":{"rendered":"\n<figure class=\"wp-block-image size-large\"><img loading=\"lazy\" decoding=\"async\" width=\"819\" height=\"1024\" src=\"https:\/\/www.nextmultimedio.com\/wp-content\/uploads\/2025\/01\/474737002_18286212493243999_855888688193939720_n-819x1024.jpg\" alt=\"\" class=\"wp-image-9412\" srcset=\"https:\/\/www.nextmultimedio.com\/wp-content\/uploads\/2025\/01\/474737002_18286212493243999_855888688193939720_n-819x1024.jpg 819w, https:\/\/www.nextmultimedio.com\/wp-content\/uploads\/2025\/01\/474737002_18286212493243999_855888688193939720_n-240x300.jpg 240w, https:\/\/www.nextmultimedio.com\/wp-content\/uploads\/2025\/01\/474737002_18286212493243999_855888688193939720_n-768x960.jpg 768w, https:\/\/www.nextmultimedio.com\/wp-content\/uploads\/2025\/01\/474737002_18286212493243999_855888688193939720_n.jpg 1080w\" sizes=\"auto, (max-width: 819px) 100vw, 819px\" \/><\/figure>\n\n\n\n<p>La jorndada ecol\u00f3gica se realizar\u00e1 este viernes 24 de enero de 9 a 11 hs en la Plaza de la Villa, frente al Punto Verde (Costa del lago al lado del Club de Pesca).Recibir\u00e1n materiales reciclables como: ecobotellas, aceite <a><\/a>de cocina usado y tapitas pl\u00e1sticas para la protectora de animales IPAD.<\/p>\n\n\n\n<p>Tambi\u00e9n pod\u00e9s traer pilas de uso dom\u00e9stico para su correcta disposici\u00f3n final.<\/p>\n\n\n\n<p>Y llevarte: semillas de estaci\u00f3n para tu huerta, plantines, y bolsas de telacobolsas.<\/p>\n\n\n\n<p>Adem\u00e1s recibir\u00e1n asesoraramiento en la gesti\u00f3n de residuos domiciliarios, el compostaje y el cronograma de recolecci\u00f3n diferenciada.<\/p>\n","protected":false},"excerpt":{"rendered":"<p>La jorndada ecol\u00f3gica se realizar\u00e1 este viernes 24 de enero de 9 a 11 hs en la Plaza de la Villa, frente al Punto Verde (Costa del lago al lado del Club de Pesca).Recibir\u00e1n materiales reciclables como: ecobotellas, aceite de cocina usado y tapitas pl\u00e1sticas para la protectora de animales IPAD. Tambi\u00e9n pod\u00e9s traer pilas [&hellip;]<\/p>\n","protected":false},"author":1,"featured_media":9412,"comment_status":"closed","ping_status":"closed","sticky":false,"template":"","format":"standard","meta":{"footnotes":""},"categories":[69],"tags":[345],"class_list":["post-9411","post","type-post","status-publish","format-standard","has-post-thumbnail","hentry","category-noticias","tag-destacar"],"_links":{"self":[{"href":"https:\/\/www.nextmultimedio.com\/index.php?rest_route=\/wp\/v2\/posts\/9411","targetHints":{"allow":["GET"]}}],"collection":[{"href":"https:\/\/www.nextmultimedio.com\/index.php?rest_route=\/wp\/v2\/posts"}],"about":[{"href":"https:\/\/www.nextmultimedio.com\/index.php?rest_route=\/wp\/v2\/types\/post"}],"author":[{"embeddable":true,"href":"https:\/\/www.nextmultimedio.com\/index.php?rest_route=\/wp\/v2\/users\/1"}],"replies":[{"embeddable":true,"href":"https:\/\/www.nextmultimedio.com\/index.php?rest_route=%2Fwp%2Fv2%2Fcomments&post=9411"}],"version-history":[{"count":1,"href":"https:\/\/www.nextmultimedio.com\/index.php?rest_route=\/wp\/v2\/posts\/9411\/revisions"}],"predecessor-version":[{"id":9413,"href":"https:\/\/www.nextmultimedio.com\/index.php?rest_route=\/wp\/v2\/posts\/9411\/revisions\/9413"}],"wp:featuredmedia":[{"embeddable":true,"href":"https:\/\/www.nextmultimedio.com\/index.php?rest_route=\/wp\/v2\/media\/9412"}],"wp:attachment":[{"href":"https:\/\/www.nextmultimedio.com\/index.php?rest_route=%2Fwp%2Fv2%2Fmedia&parent=9411"}],"wp:term":[{"taxonomy":"category","embeddable":true,"href":"https:\/\/www.nextmultimedio.com\/index.php?rest_route=%2Fwp%2Fv2%2Fcategories&post=9411"},{"taxonomy":"post_tag","embeddable":true,"href":"https:\/\/www.nextmultimedio.com\/index.php?rest_route=%2Fwp%2Fv2%2Ftags&post=9411"}],"curies":[{"name":"wp","href":"https:\/\/api.w.org\/{rel}","templated":true}]}}