{"id":9384,"date":"2025-01-19T22:24:21","date_gmt":"2025-01-20T01:24:21","guid":{"rendered":"https:\/\/www.nextmultimedio.com\/?p=9384"},"modified":"2025-01-19T22:24:22","modified_gmt":"2025-01-20T01:24:22","slug":"son-cuatro-los-fallecidos-en-el-accidente-de-las-altas-cumbres","status":"publish","type":"post","link":"https:\/\/www.nextmultimedio.com\/?p=9384","title":{"rendered":"SON CUATRO LOS FALLECIDOS EN EL ACCIDENTE DE LAS ALTAS CUMBRES"},"content":{"rendered":"\n<p><strong>Se confirm\u00f3 una nueva v\u00edctima fatal en el tr\u00e1gico accidente ocurrido esta tarde en la Ruta Provincial E-34, a la altura del kil\u00f3metro 7<\/strong>.<\/p>\n\n\n\n<figure class=\"wp-block-image size-large\"><img loading=\"lazy\" decoding=\"async\" width=\"1024\" height=\"1024\" src=\"https:\/\/www.nextmultimedio.com\/wp-content\/uploads\/2025\/01\/474111540_18286017679243999_4968759676371970140_n-1024x1024.jpg\" alt=\"\" class=\"wp-image-9385\" srcset=\"https:\/\/www.nextmultimedio.com\/wp-content\/uploads\/2025\/01\/474111540_18286017679243999_4968759676371970140_n-1024x1024.jpg 1024w, https:\/\/www.nextmultimedio.com\/wp-content\/uploads\/2025\/01\/474111540_18286017679243999_4968759676371970140_n-300x300.jpg 300w, https:\/\/www.nextmultimedio.com\/wp-content\/uploads\/2025\/01\/474111540_18286017679243999_4968759676371970140_n-768x768.jpg 768w, https:\/\/www.nextmultimedio.com\/wp-content\/uploads\/2025\/01\/474111540_18286017679243999_4968759676371970140_n.jpg 1080w\" sizes=\"auto, (max-width: 1024px) 100vw, 1024px\" \/><\/figure>\n\n\n\n<p>En el choque, ya se hab\u00eda reportado el fallecimiento de tres personas que viajaban en un Nissan Kicks. Sin embargo, una cuarta v\u00edctima,\u00a0<strong>una mujer de 33 a\u00f1os que se encontraba en el Peugeot 207 involucrado, tambi\u00e9n ha muerto debido a las lesiones sufridas.<\/strong><\/p>\n\n\n\n<p>PARTE POLICIAL:<\/p>\n\n\n\n<p>-En horas de la tarde, un servicio de emergencias acudi\u00f3 en Ruta Prov. E-34 km 7 y corrobor\u00f3 el fallecimiento de un hombre y dos mujeres mayores de edad que circulaban en un veh\u00edculo marca Nissan <a><\/a>Kicks. En tanto, un menor de edad, un hombre y una mujer mayores, que se transportaban en un Peugeot 207, fueron derivados hacia el Hospital de Mina Clavero con lesiones de consideraci\u00f3n, donde minutos despu\u00e9s, se constat\u00f3 el fallecimiento de la mujer. Vale puntualizar que, estas personas, fueron participes de la colisi\u00f3n entre ambos rodados. Se investigan las circunstancias que originaron el tr\u00e1gico suceso.<\/p>\n\n\n\n<p><a href=\"https:\/\/www.facebook.com\/photo\/?fbid=1437737947276769&amp;set=pcb.1437738050610092&amp;__cft__[0]=AZWQXIIEvkLVfBcx8PfY-dzANVWR15Dlj7mwxKlrm7O4u5_jjhnyklOH4pgyxrT6s81qni4F0f2BMxgm6L3Qb1Vu_WZ4_T-xufoo_6RHY8p4sF_5dZbLEO_dcNu0rGYajj5Voni1x_c_Aj7fMNZfs1Ct1SfFM5PdGo_nQZx71usdCkrSyHMK5rghNrFqgKimXgg&amp;__tn__=*bH-R\"><\/a><\/p>\n\n\n\n<figure class=\"wp-block-image\"><a href=\"https:\/\/www.facebook.com\/photo\/?fbid=1437737947276769&amp;set=pcb.1437738050610092&amp;__cft__[0]=AZWQXIIEvkLVfBcx8PfY-dzANVWR15Dlj7mwxKlrm7O4u5_jjhnyklOH4pgyxrT6s81qni4F0f2BMxgm6L3Qb1Vu_WZ4_T-xufoo_6RHY8p4sF_5dZbLEO_dcNu0rGYajj5Voni1x_c_Aj7fMNZfs1Ct1SfFM5PdGo_nQZx71usdCkrSyHMK5rghNrFqgKimXgg&amp;__tn__=*bH-R\"><img decoding=\"async\" src=\"https:\/\/scontent.fcor10-3.fna.fbcdn.net\/v\/t39.30808-6\/473819938_1437737950610102_1805913583208748085_n.jpg?stp=dst-jpg_s600x600_tt6&amp;_nc_cat=100&amp;ccb=1-7&amp;_nc_sid=833d8c&amp;_nc_eui2=AeFwqA4ypVN_jeY4OJA4HDyXwRKWAXwCil7BEpYBfAKKXtUxlXATwsAg8hSwzapNG-w&amp;_nc_ohc=7NBBUFR64YQQ7kNvgHnwHr8&amp;_nc_oc=Adh8yRdK9gR_50nJEHmA_1EH8xRTWWzTyb0tqCAASC_GBxC2aQqvyWc3pjO9v7_fx9c&amp;_nc_zt=23&amp;_nc_ht=scontent.fcor10-3.fna&amp;_nc_gid=AGDZVSdtPMa6Nx1c4AtPlPd&amp;oh=00_AYC1_oGBZh0ymDbhEbt1oiDIQU-vhkgTbpcIiv1erTKdRA&amp;oe=679360A5\" alt=\"\"\/><\/a><\/figure>\n\n\n\n<p><a href=\"https:\/\/www.facebook.com\/photo\/?fbid=1437738023943428&amp;set=pcb.1437738050610092&amp;__cft__[0]=AZWQXIIEvkLVfBcx8PfY-dzANVWR15Dlj7mwxKlrm7O4u5_jjhnyklOH4pgyxrT6s81qni4F0f2BMxgm6L3Qb1Vu_WZ4_T-xufoo_6RHY8p4sF_5dZbLEO_dcNu0rGYajj5Voni1x_c_Aj7fMNZfs1Ct1SfFM5PdGo_nQZx71usdCkrSyHMK5rghNrFqgKimXgg&amp;__tn__=*bH-R\"><\/a><\/p>\n\n\n\n<figure class=\"wp-block-image\"><a href=\"https:\/\/www.facebook.com\/photo\/?fbid=1437738023943428&amp;set=pcb.1437738050610092&amp;__cft__[0]=AZWQXIIEvkLVfBcx8PfY-dzANVWR15Dlj7mwxKlrm7O4u5_jjhnyklOH4pgyxrT6s81qni4F0f2BMxgm6L3Qb1Vu_WZ4_T-xufoo_6RHY8p4sF_5dZbLEO_dcNu0rGYajj5Voni1x_c_Aj7fMNZfs1Ct1SfFM5PdGo_nQZx71usdCkrSyHMK5rghNrFqgKimXgg&amp;__tn__=*bH-R\"><img decoding=\"async\" src=\"https:\/\/scontent.fcor10-3.fna.fbcdn.net\/v\/t39.30808-6\/474094608_1437738027276761_5534515610955978491_n.jpg?stp=dst-jpg_s600x600_tt6&amp;_nc_cat=107&amp;ccb=1-7&amp;_nc_sid=833d8c&amp;_nc_eui2=AeHmvv2l8G98ZWNOW6hRWn31Da3X6bEJYOcNrdfpsQlg56ok4y3n4oX1tHWDGgJsc4E&amp;_nc_ohc=crwWLfWBE5UQ7kNvgGrQ3Fj&amp;_nc_oc=AdgNKbWed9dkWMSYaLYlxpUWdgypTmBsLoHALFXEfFHGbBr7F6SNV8hiX0hhPsN4L-g&amp;_nc_zt=23&amp;_nc_ht=scontent.fcor10-3.fna&amp;_nc_gid=AGDZVSdtPMa6Nx1c4AtPlPd&amp;oh=00_AYCa14o7iNMARnT3RS8v4-sG9PpvnnwRmA6PVH8KRaVgbg&amp;oe=67935BFB\" alt=\"\"\/><\/a><\/figure>\n\n\n\n\n\n\n\n\n\n<p><\/p>\n\n\n\n<p><\/p>\n","protected":false},"excerpt":{"rendered":"<p>Se confirm\u00f3 una nueva v\u00edctima fatal en el tr\u00e1gico accidente ocurrido esta tarde en la Ruta Provincial E-34, a la altura del kil\u00f3metro 7. En el choque, ya se hab\u00eda reportado el fallecimiento de tres personas que viajaban en un Nissan Kicks. Sin embargo, una cuarta v\u00edctima,\u00a0una mujer de 33 a\u00f1os que se encontraba en [&hellip;]<\/p>\n","protected":false},"author":1,"featured_media":9385,"comment_status":"closed","ping_status":"closed","sticky":false,"template":"","format":"standard","meta":{"footnotes":""},"categories":[69],"tags":[345],"class_list":["post-9384","post","type-post","status-publish","format-standard","has-post-thumbnail","hentry","category-noticias","tag-destacar"],"_links":{"self":[{"href":"https:\/\/www.nextmultimedio.com\/index.php?rest_route=\/wp\/v2\/posts\/9384","targetHints":{"allow":["GET"]}}],"collection":[{"href":"https:\/\/www.nextmultimedio.com\/index.php?rest_route=\/wp\/v2\/posts"}],"about":[{"href":"https:\/\/www.nextmultimedio.com\/index.php?rest_route=\/wp\/v2\/types\/post"}],"author":[{"embeddable":true,"href":"https:\/\/www.nextmultimedio.com\/index.php?rest_route=\/wp\/v2\/users\/1"}],"replies":[{"embeddable":true,"href":"https:\/\/www.nextmultimedio.com\/index.php?rest_route=%2Fwp%2Fv2%2Fcomments&post=9384"}],"version-history":[{"count":1,"href":"https:\/\/www.nextmultimedio.com\/index.php?rest_route=\/wp\/v2\/posts\/9384\/revisions"}],"predecessor-version":[{"id":9386,"href":"https:\/\/www.nextmultimedio.com\/index.php?rest_route=\/wp\/v2\/posts\/9384\/revisions\/9386"}],"wp:featuredmedia":[{"embeddable":true,"href":"https:\/\/www.nextmultimedio.com\/index.php?rest_route=\/wp\/v2\/media\/9385"}],"wp:attachment":[{"href":"https:\/\/www.nextmultimedio.com\/index.php?rest_route=%2Fwp%2Fv2%2Fmedia&parent=9384"}],"wp:term":[{"taxonomy":"category","embeddable":true,"href":"https:\/\/www.nextmultimedio.com\/index.php?rest_route=%2Fwp%2Fv2%2Fcategories&post=9384"},{"taxonomy":"post_tag","embeddable":true,"href":"https:\/\/www.nextmultimedio.com\/index.php?rest_route=%2Fwp%2Fv2%2Ftags&post=9384"}],"curies":[{"name":"wp","href":"https:\/\/api.w.org\/{rel}","templated":true}]}}