{"id":9381,"date":"2025-01-18T21:30:58","date_gmt":"2025-01-19T00:30:58","guid":{"rendered":"https:\/\/www.nextmultimedio.com\/?p=9381"},"modified":"2025-01-18T21:30:59","modified_gmt":"2025-01-19T00:30:59","slug":"verano-en-carlos-pazluck-ra-brindara-un-recital-gratuito-en-la-costa-del-lago","status":"publish","type":"post","link":"https:\/\/www.nextmultimedio.com\/?p=9381","title":{"rendered":"VERANO EN CARLOS PAZ:LUCK RA BRINDAR\u00c1 UN RECITAL GRATUITO EN LA COSTA DEL LAGO"},"content":{"rendered":"<div class=\"wp-block-image\">\n<figure class=\"aligncenter size-full\"><img loading=\"lazy\" decoding=\"async\" width=\"526\" height=\"526\" src=\"https:\/\/www.nextmultimedio.com\/wp-content\/uploads\/2025\/01\/474002329_18285804109243999_871720474148947432_n.jpg\" alt=\"\" class=\"wp-image-9382\" srcset=\"https:\/\/www.nextmultimedio.com\/wp-content\/uploads\/2025\/01\/474002329_18285804109243999_871720474148947432_n.jpg 526w, https:\/\/www.nextmultimedio.com\/wp-content\/uploads\/2025\/01\/474002329_18285804109243999_871720474148947432_n-300x300.jpg 300w\" sizes=\"auto, (max-width: 526px) 100vw, 526px\" \/><\/figure>\n<\/div>\n\n\n<p>La Municipalidad de Villa Carlos Paz y Coca Cola Argentina presentar\u00e1n el pr\u00f3ximo s\u00e1bado 25 de enero desde las 18 hs. en el Parque de Asistencia del Rally Mundial en la Costa del <a><\/a>Lago de nuestra ciudad, un recital de verano totalmente gratuito y abierto a toda la familia carlospacense y turistas que nos visitan.<\/p>\n\n\n\n<p>A partir de las 18hs se presentar\u00e1n bandas locales y est\u00e1 previsto que el show central comience a las 21hs.<\/p>\n\n\n\n<p>Adem\u00e1s, en el lugar se instalar\u00e1n food trucks.<\/p>\n\n\n\n<p><a href=\"https:\/\/www.facebook.com\/photo\/?fbid=1156498769814631&amp;set=a.356501556481027&amp;__cft__[0]=AZXvZ1C6FPwd8pNHOfwgQ6anLBV93rfluvi7jN9fg7eHdkVQs9edgnVAaGDZHI8-onsEbujQ_2LeafaszM0X6Qsr6MkzHP6XaC82jcjP2feuD0ciWYTJNZGIQBxgcIXw6_Ij6Ui5XskvwP60qraHv-e9QETCupvkFHKabAZP4aLLg4pE2a0D0OtBGM4icBOv8AE&amp;__tn__=EH-R\"><\/a><\/p>\n","protected":false},"excerpt":{"rendered":"<p>La Municipalidad de Villa Carlos Paz y Coca Cola Argentina presentar\u00e1n el pr\u00f3ximo s\u00e1bado 25 de enero desde las 18 hs. en el Parque de Asistencia del Rally Mundial en la Costa del Lago de nuestra ciudad, un recital de verano totalmente gratuito y abierto a toda la familia carlospacense y turistas que nos visitan. [&hellip;]<\/p>\n","protected":false},"author":1,"featured_media":9382,"comment_status":"closed","ping_status":"closed","sticky":false,"template":"","format":"standard","meta":{"footnotes":""},"categories":[69],"tags":[345],"class_list":["post-9381","post","type-post","status-publish","format-standard","has-post-thumbnail","hentry","category-noticias","tag-destacar"],"_links":{"self":[{"href":"https:\/\/www.nextmultimedio.com\/index.php?rest_route=\/wp\/v2\/posts\/9381","targetHints":{"allow":["GET"]}}],"collection":[{"href":"https:\/\/www.nextmultimedio.com\/index.php?rest_route=\/wp\/v2\/posts"}],"about":[{"href":"https:\/\/www.nextmultimedio.com\/index.php?rest_route=\/wp\/v2\/types\/post"}],"author":[{"embeddable":true,"href":"https:\/\/www.nextmultimedio.com\/index.php?rest_route=\/wp\/v2\/users\/1"}],"replies":[{"embeddable":true,"href":"https:\/\/www.nextmultimedio.com\/index.php?rest_route=%2Fwp%2Fv2%2Fcomments&post=9381"}],"version-history":[{"count":1,"href":"https:\/\/www.nextmultimedio.com\/index.php?rest_route=\/wp\/v2\/posts\/9381\/revisions"}],"predecessor-version":[{"id":9383,"href":"https:\/\/www.nextmultimedio.com\/index.php?rest_route=\/wp\/v2\/posts\/9381\/revisions\/9383"}],"wp:featuredmedia":[{"embeddable":true,"href":"https:\/\/www.nextmultimedio.com\/index.php?rest_route=\/wp\/v2\/media\/9382"}],"wp:attachment":[{"href":"https:\/\/www.nextmultimedio.com\/index.php?rest_route=%2Fwp%2Fv2%2Fmedia&parent=9381"}],"wp:term":[{"taxonomy":"category","embeddable":true,"href":"https:\/\/www.nextmultimedio.com\/index.php?rest_route=%2Fwp%2Fv2%2Fcategories&post=9381"},{"taxonomy":"post_tag","embeddable":true,"href":"https:\/\/www.nextmultimedio.com\/index.php?rest_route=%2Fwp%2Fv2%2Ftags&post=9381"}],"curies":[{"name":"wp","href":"https:\/\/api.w.org\/{rel}","templated":true}]}}