{"id":9364,"date":"2025-01-17T21:57:42","date_gmt":"2025-01-18T00:57:42","guid":{"rendered":"https:\/\/www.nextmultimedio.com\/?p=9364"},"modified":"2025-01-17T21:57:43","modified_gmt":"2025-01-18T00:57:43","slug":"accidente-en-zona-centrica-de-la-ciudad","status":"publish","type":"post","link":"https:\/\/www.nextmultimedio.com\/?p=9364","title":{"rendered":"ACCIDENTE EN ZONA CENTRICA DE LA CIUDAD"},"content":{"rendered":"<div class=\"wp-block-image\">\n<figure class=\"aligncenter size-full\"><img loading=\"lazy\" decoding=\"async\" width=\"526\" height=\"526\" src=\"https:\/\/www.nextmultimedio.com\/wp-content\/uploads\/2025\/01\/473893279_18285755335243999_1786492987880730329_n.jpg\" alt=\"\" class=\"wp-image-9365\" srcset=\"https:\/\/www.nextmultimedio.com\/wp-content\/uploads\/2025\/01\/473893279_18285755335243999_1786492987880730329_n.jpg 526w, https:\/\/www.nextmultimedio.com\/wp-content\/uploads\/2025\/01\/473893279_18285755335243999_1786492987880730329_n-300x300.jpg 300w\" sizes=\"auto, (max-width: 526px) 100vw, 526px\" \/><\/figure>\n<\/div>\n\n\n<p>9 de Julio y Roma, B\u00b0 Centro<\/p>\n\n\n\n<p><a><\/a>Personal Policial tom\u00f3 conocimiento sobre un accidente de tr\u00e1nsito ocurrido en el lugar, al llegar se entrevist\u00f3 a un hombre de 37 a\u00f1os de edad, el cual se conduc\u00eda en su motocicleta Gilera Smash, quien en circunstancias a establecer fue embestido por un veh\u00edculo Nissan March, conducido por una mujer de 55 a\u00f1os.<\/p>\n\n\n\n<p>En el lugar se hizo presente el servicio de emergencias quienes realizaron el traslado del hombre al Hospital Sayago, con diagnostico de traumatismo de cr\u00e1neo, miembro superior e inferior izquierdo.<\/p>\n\n\n\n<p><a href=\"https:\/\/www.facebook.com\/photo\/?fbid=1156143916516783&amp;set=a.356501556481027&amp;__cft__[0]=AZU0fT0HgNPyY--2OL0asWMBoqbKpBsJ_EBlRxP7O1655-Y7gBp-atcu42Er-rWy0moo6qUOWR-ETOk78rKVDKo1w9EPcda5qzla0SZp2m2KB5nAtxyaTfLvx_2jUqRaXKKDkW9-w1fHvHcErNe0703XjMa9Nq8xwknGCtmCUPXrcP8iHhILzsBQgcQIeWlBwdU&amp;__tn__=EH-R\"><\/a><\/p>\n","protected":false},"excerpt":{"rendered":"<p>9 de Julio y Roma, B\u00b0 Centro Personal Policial tom\u00f3 conocimiento sobre un accidente de tr\u00e1nsito ocurrido en el lugar, al llegar se entrevist\u00f3 a un hombre de 37 a\u00f1os de edad, el cual se conduc\u00eda en su motocicleta Gilera Smash, quien en circunstancias a establecer fue embestido por un veh\u00edculo Nissan March, conducido por [&hellip;]<\/p>\n","protected":false},"author":1,"featured_media":9365,"comment_status":"closed","ping_status":"closed","sticky":false,"template":"","format":"standard","meta":{"footnotes":""},"categories":[69],"tags":[345],"class_list":["post-9364","post","type-post","status-publish","format-standard","has-post-thumbnail","hentry","category-noticias","tag-destacar"],"_links":{"self":[{"href":"https:\/\/www.nextmultimedio.com\/index.php?rest_route=\/wp\/v2\/posts\/9364","targetHints":{"allow":["GET"]}}],"collection":[{"href":"https:\/\/www.nextmultimedio.com\/index.php?rest_route=\/wp\/v2\/posts"}],"about":[{"href":"https:\/\/www.nextmultimedio.com\/index.php?rest_route=\/wp\/v2\/types\/post"}],"author":[{"embeddable":true,"href":"https:\/\/www.nextmultimedio.com\/index.php?rest_route=\/wp\/v2\/users\/1"}],"replies":[{"embeddable":true,"href":"https:\/\/www.nextmultimedio.com\/index.php?rest_route=%2Fwp%2Fv2%2Fcomments&post=9364"}],"version-history":[{"count":1,"href":"https:\/\/www.nextmultimedio.com\/index.php?rest_route=\/wp\/v2\/posts\/9364\/revisions"}],"predecessor-version":[{"id":9366,"href":"https:\/\/www.nextmultimedio.com\/index.php?rest_route=\/wp\/v2\/posts\/9364\/revisions\/9366"}],"wp:featuredmedia":[{"embeddable":true,"href":"https:\/\/www.nextmultimedio.com\/index.php?rest_route=\/wp\/v2\/media\/9365"}],"wp:attachment":[{"href":"https:\/\/www.nextmultimedio.com\/index.php?rest_route=%2Fwp%2Fv2%2Fmedia&parent=9364"}],"wp:term":[{"taxonomy":"category","embeddable":true,"href":"https:\/\/www.nextmultimedio.com\/index.php?rest_route=%2Fwp%2Fv2%2Fcategories&post=9364"},{"taxonomy":"post_tag","embeddable":true,"href":"https:\/\/www.nextmultimedio.com\/index.php?rest_route=%2Fwp%2Fv2%2Ftags&post=9364"}],"curies":[{"name":"wp","href":"https:\/\/api.w.org\/{rel}","templated":true}]}}