{"id":9355,"date":"2025-01-16T10:30:07","date_gmt":"2025-01-16T13:30:07","guid":{"rendered":"https:\/\/www.nextmultimedio.com\/?p=9355"},"modified":"2025-01-16T10:30:08","modified_gmt":"2025-01-16T13:30:08","slug":"remisero-choco-agredio-al-otro-conductor-y-termino-detenido","status":"publish","type":"post","link":"https:\/\/www.nextmultimedio.com\/?p=9355","title":{"rendered":"REMISERO CHOC\u00d3, AGREDI\u00d3 AL OTRO CONDUCTOR Y TERMIN\u00d3 DETENIDO"},"content":{"rendered":"\n<figure class=\"wp-block-image size-large\"><img loading=\"lazy\" decoding=\"async\" width=\"1024\" height=\"1024\" src=\"https:\/\/www.nextmultimedio.com\/wp-content\/uploads\/2025\/01\/473882243_18285623596243999_5662543043679712332_n-1024x1024.jpg\" alt=\"\" class=\"wp-image-9356\" srcset=\"https:\/\/www.nextmultimedio.com\/wp-content\/uploads\/2025\/01\/473882243_18285623596243999_5662543043679712332_n-1024x1024.jpg 1024w, https:\/\/www.nextmultimedio.com\/wp-content\/uploads\/2025\/01\/473882243_18285623596243999_5662543043679712332_n-300x300.jpg 300w, https:\/\/www.nextmultimedio.com\/wp-content\/uploads\/2025\/01\/473882243_18285623596243999_5662543043679712332_n-768x768.jpg 768w, https:\/\/www.nextmultimedio.com\/wp-content\/uploads\/2025\/01\/473882243_18285623596243999_5662543043679712332_n.jpg 1080w\" sizes=\"auto, (max-width: 1024px) 100vw, 1024px\" \/><\/figure>\n\n\n\n<p>Pellegrini esq. Uruguay, B\u00b0 Centro &#8211; Carlos Paz<br><br>Personal policial tom\u00f3 conocimiento sobre un accidente de tr\u00e1nsito ocurrido en el lugar mencionado, donde al llegar se entrevist\u00f3 a un hombre de 41 a\u00f1os de edad, chofer de un remis Renault Logan, quien en circunstancias a establecer habr\u00eda colisionado con un veh\u00edculo Ford Ka, el cual era conducido por otro hombre de 54 a\u00f1os.<br><br>Posteriormente en el lugar se hizo presente el propietario del remis, un hombre de 43 a\u00f1os de edad, quien se ofusc\u00f3 y agredi\u00f3 al conductor del autom\u00f3vil Ford Ka.<br><br>Por lo que se procedi\u00f3 a la aprehensi\u00f3n del mismo, realizando su posterior traslado a la Alcald\u00eda local, quedando a disposici\u00f3n del Magistrado de feria.&nbsp;<\/p>\n\n\n\n<p><\/p>\n\n\n\n<p><a href=\"https:\/\/www.facebook.com\/ad_center\/create\/boostpost\/?entry_point=www_profile_plus_comet_media_viewer&amp;page_id=1704086319898902&amp;target_id=1155163573281484&amp;__cft__[0]=AZV-AOkKzE4X-HdIxI9TXVBZ8KLGDxKPh_nPj2BMz9xIszAA0Kw9CuJ0IGy2f9VEXI6XynBoqWJvb_gd3x6WnHqsJsrI_JQ1EAb9fYK82CAzKjRGqO50gd29Cl6o3iMzj1PAvf2NWCK4bgu0q-pyIinJDrvzysTMMGDNIRfHezGM9YpX6BOVuSv9lLWNJW0AoH8&amp;__tn__=*F\"><\/a><\/p>\n\n\n\n<p><a href=\"https:\/\/www.facebook.com\/ad_center\/create\/boostpost\/?entry_point=www_profile_plus_comet_media_viewer&amp;page_id=1704086319898902&amp;target_id=1155163573281484&amp;__cft__[0]=AZV-AOkKzE4X-HdIxI9TXVBZ8KLGDxKPh_nPj2BMz9xIszAA0Kw9CuJ0IGy2f9VEXI6XynBoqWJvb_gd3x6WnHqsJsrI_JQ1EAb9fYK82CAzKjRGqO50gd29Cl6o3iMzj1PAvf2NWCK4bgu0q-pyIinJDrvzysTMMGDNIRfHezGM9YpX6BOVuSv9lLWNJW0AoH8&amp;__tn__=*F\">Promocionar publicaci\u00f3n<\/a><\/p>\n\n\n\n\n\n\n\n<p><\/p>\n","protected":false},"excerpt":{"rendered":"<p>Pellegrini esq. Uruguay, B\u00b0 Centro &#8211; Carlos Paz Personal policial tom\u00f3 conocimiento sobre un accidente de tr\u00e1nsito ocurrido en el lugar mencionado, donde al llegar se entrevist\u00f3 a un hombre de 41 a\u00f1os de edad, chofer de un remis Renault Logan, quien en circunstancias a establecer habr\u00eda colisionado con un veh\u00edculo Ford Ka, el cual [&hellip;]<\/p>\n","protected":false},"author":1,"featured_media":9356,"comment_status":"closed","ping_status":"closed","sticky":false,"template":"","format":"standard","meta":{"footnotes":""},"categories":[69],"tags":[345],"class_list":["post-9355","post","type-post","status-publish","format-standard","has-post-thumbnail","hentry","category-noticias","tag-destacar"],"_links":{"self":[{"href":"https:\/\/www.nextmultimedio.com\/index.php?rest_route=\/wp\/v2\/posts\/9355","targetHints":{"allow":["GET"]}}],"collection":[{"href":"https:\/\/www.nextmultimedio.com\/index.php?rest_route=\/wp\/v2\/posts"}],"about":[{"href":"https:\/\/www.nextmultimedio.com\/index.php?rest_route=\/wp\/v2\/types\/post"}],"author":[{"embeddable":true,"href":"https:\/\/www.nextmultimedio.com\/index.php?rest_route=\/wp\/v2\/users\/1"}],"replies":[{"embeddable":true,"href":"https:\/\/www.nextmultimedio.com\/index.php?rest_route=%2Fwp%2Fv2%2Fcomments&post=9355"}],"version-history":[{"count":1,"href":"https:\/\/www.nextmultimedio.com\/index.php?rest_route=\/wp\/v2\/posts\/9355\/revisions"}],"predecessor-version":[{"id":9357,"href":"https:\/\/www.nextmultimedio.com\/index.php?rest_route=\/wp\/v2\/posts\/9355\/revisions\/9357"}],"wp:featuredmedia":[{"embeddable":true,"href":"https:\/\/www.nextmultimedio.com\/index.php?rest_route=\/wp\/v2\/media\/9356"}],"wp:attachment":[{"href":"https:\/\/www.nextmultimedio.com\/index.php?rest_route=%2Fwp%2Fv2%2Fmedia&parent=9355"}],"wp:term":[{"taxonomy":"category","embeddable":true,"href":"https:\/\/www.nextmultimedio.com\/index.php?rest_route=%2Fwp%2Fv2%2Fcategories&post=9355"},{"taxonomy":"post_tag","embeddable":true,"href":"https:\/\/www.nextmultimedio.com\/index.php?rest_route=%2Fwp%2Fv2%2Ftags&post=9355"}],"curies":[{"name":"wp","href":"https:\/\/api.w.org\/{rel}","templated":true}]}}