{"id":9334,"date":"2025-01-14T19:48:23","date_gmt":"2025-01-14T22:48:23","guid":{"rendered":"https:\/\/www.nextmultimedio.com\/?p=9334"},"modified":"2025-01-14T19:56:13","modified_gmt":"2025-01-14T22:56:13","slug":"suman-luces-a-la-replica-de-la-torre-eiffel-de-siquiman","status":"publish","type":"post","link":"https:\/\/www.nextmultimedio.com\/?p=9334","title":{"rendered":"SUMAN LUCES A LA REPLICA DE LA TORRE EIFFEL DE SIQUIMAN"},"content":{"rendered":"\n<figure class=\"wp-block-image size-large\"><img loading=\"lazy\" decoding=\"async\" width=\"819\" height=\"1024\" src=\"https:\/\/www.nextmultimedio.com\/wp-content\/uploads\/2025\/01\/473830839_18285423778243999_5238558137340790602_n-819x1024.jpg\" alt=\"\" class=\"wp-image-9335\" srcset=\"https:\/\/www.nextmultimedio.com\/wp-content\/uploads\/2025\/01\/473830839_18285423778243999_5238558137340790602_n-819x1024.jpg 819w, https:\/\/www.nextmultimedio.com\/wp-content\/uploads\/2025\/01\/473830839_18285423778243999_5238558137340790602_n-240x300.jpg 240w, https:\/\/www.nextmultimedio.com\/wp-content\/uploads\/2025\/01\/473830839_18285423778243999_5238558137340790602_n-768x960.jpg 768w, https:\/\/www.nextmultimedio.com\/wp-content\/uploads\/2025\/01\/473830839_18285423778243999_5238558137340790602_n.jpg 1080w\" sizes=\"auto, (max-width: 819px) 100vw, 819px\" \/><\/figure>\n\n\n\n<p>Con el fin de sumarle mayor brillo a la estructura original creada por Claudio Marchetti en la localidad de Alicia, el nuevo propietario de la magn\u00edfica r\u00e9plica de la Torre Eiffel decidi\u00f3 incorporarle en <a><\/a>su nuevo asentamiento de Villa Parque S\u00edquiman vistosas luces de m\u00faltiples colores.<\/p>\n\n\n\n<p>Un juego representa los colores de Francia, donde se encuentra la m\u00edtica estructura original. Tambi\u00e9n se utilizar\u00e1n en forma rotativa tonalidades rojas, verdes y naranja.<\/p>\n\n\n\n<p>Es v\u00e1lido recordar que la Torre de Parque S\u00edquiman ser\u00e1 inaugurada oficialmente el pr\u00f3ximo lunes 20 de enero con una gran fiesta que incluir\u00e1 espect\u00e1culos y un desfile de modelos. Se encuentra situada en el barrio cerrado La Josefina de esta poblaci\u00f3n del Valle de Punilla.<\/p>\n\n\n\n<p>La enorme estructura de chapa que representa en escala la m\u00edtica construcci\u00f3n de Paris ya fue instalada en su totalidad por su anterior propietario Claudio Marchetti en el terreno perteneciente al empresario Daniel Vallejo. Hab\u00eda sido traslada semanas atr\u00e1s desde la localidad de Alicia donde fue construida inicialmente.<\/p>\n\n\n\n<p>La habilitaci\u00f3n del nuevo asentamiento se demor\u00f3 unos d\u00edas puesto que el propietario pretende construir una vereda de acceso desde la Ruta Nacional 38.<\/p>\n\n\n\n<p>En una segunda etapa est\u00e1 previsto sumar locales comerciales y un complejo sanitario. Para poder subir a la torre se cobrar\u00e1 una entrada m\u00f3dica.<\/p>\n\n\n\n<p>Un porcentaje de ese dinero ser\u00e1 donado a la comuna para financiar obras en escuelas y dispensarios.<\/p>\n\n\n\n<p>La instalaci\u00f3n de la Torre ha generado una gran expectativa en toda la comuna administrada por Mario Sariago, que intervino personalmente para lograr la instalaci\u00f3n de la misma en su pueblo.<\/p>\n\n\n\n<p>Una prueba de ello es que los artesanos locales ya elaboraron en madera y cera distintos recuersos con dicha imagen para vender a los turistas.<\/p>\n\n\n\n<p>Im\u00e1genes e informaci\u00f3n:@C\u00f3rdoba interior informa Facebook<\/p>\n\n\n\n<p><a href=\"https:\/\/www.facebook.com\/photo\/?fbid=1153708056760369&amp;set=pcb.1153708086760366&amp;__cft__[0]=AZUteB0COE9MxcpH0y_hbzb2YIF3EI4bbZf8axcxgIMla8ZbIg9d_D0OxUnILm40Hc9EJXQJ2gu-u1q_-8UaB79vGfZ5iJ8pyxxd2jVRg3b-LT2eJJm1tcXhng1sNxSxAZteiO0HQju2wFexdQ19dCkq5TYeQCjvx2OGDQvPAPIorRZlcy5Q7JEtbEnKefqhqR4&amp;__tn__=*bH-R\"><\/a><\/p>\n\n\n\n<figure class=\"wp-block-image\"><a href=\"https:\/\/www.facebook.com\/photo\/?fbid=1153708056760369&amp;set=pcb.1153708086760366&amp;__cft__[0]=AZUteB0COE9MxcpH0y_hbzb2YIF3EI4bbZf8axcxgIMla8ZbIg9d_D0OxUnILm40Hc9EJXQJ2gu-u1q_-8UaB79vGfZ5iJ8pyxxd2jVRg3b-LT2eJJm1tcXhng1sNxSxAZteiO0HQju2wFexdQ19dCkq5TYeQCjvx2OGDQvPAPIorRZlcy5Q7JEtbEnKefqhqR4&amp;__tn__=*bH-R\"><img decoding=\"async\" src=\"https:\/\/scontent-eze1-1.xx.fbcdn.net\/v\/t51.75761-15\/473888885_18285423769243999_3074511141945062828_n.jpg?stp=dst-jpg_s600x600_tt6&amp;_nc_cat=103&amp;ccb=1-7&amp;_nc_sid=127cfc&amp;_nc_eui2=AeGzqntS_Al6naYxymj2s0QzC1AQkFsVtfsLUBCQWxW1--U4VLJjDpH2it0APv-WE_0&amp;_nc_ohc=axFFy49rgYYQ7kNvgEqJ_x2&amp;_nc_zt=23&amp;_nc_ht=scontent-eze1-1.xx&amp;_nc_gid=ABmh3lOyXipL4apKlaJu38a&amp;oh=00_AYAu2_0BypdGT5Ug0AW5Osp1hLu_b4nB-h3sDI9SikG9fQ&amp;oe=678CCFC2\" alt=\"\"\/><\/a><\/figure>\n\n\n\n<p><a href=\"https:\/\/www.facebook.com\/photo\/?fbid=1153708040093704&amp;set=pcb.1153708086760366&amp;__cft__[0]=AZUteB0COE9MxcpH0y_hbzb2YIF3EI4bbZf8axcxgIMla8ZbIg9d_D0OxUnILm40Hc9EJXQJ2gu-u1q_-8UaB79vGfZ5iJ8pyxxd2jVRg3b-LT2eJJm1tcXhng1sNxSxAZteiO0HQju2wFexdQ19dCkq5TYeQCjvx2OGDQvPAPIorRZlcy5Q7JEtbEnKefqhqR4&amp;__tn__=*bH-R\"><\/a><\/p>\n\n\n\n<figure class=\"wp-block-image\"><a href=\"https:\/\/www.facebook.com\/photo\/?fbid=1153708040093704&amp;set=pcb.1153708086760366&amp;__cft__[0]=AZUteB0COE9MxcpH0y_hbzb2YIF3EI4bbZf8axcxgIMla8ZbIg9d_D0OxUnILm40Hc9EJXQJ2gu-u1q_-8UaB79vGfZ5iJ8pyxxd2jVRg3b-LT2eJJm1tcXhng1sNxSxAZteiO0HQju2wFexdQ19dCkq5TYeQCjvx2OGDQvPAPIorRZlcy5Q7JEtbEnKefqhqR4&amp;__tn__=*bH-R\"><img decoding=\"async\" src=\"https:\/\/scontent-eze1-1.xx.fbcdn.net\/v\/t51.75761-15\/473830839_18285423778243999_5238558137340790602_n.jpg?stp=dst-jpg_s600x600_tt6&amp;_nc_cat=105&amp;ccb=1-7&amp;_nc_sid=127cfc&amp;_nc_eui2=AeHSTUsCfRKwpx13XhAXQL8EZdAron83V_xl0CuifzdX_CHqUWNqUEC4-AemC1VsZyk&amp;_nc_ohc=I9_pcz0FA6cQ7kNvgGsP_RG&amp;_nc_zt=23&amp;_nc_ht=scontent-eze1-1.xx&amp;_nc_gid=ABmh3lOyXipL4apKlaJu38a&amp;oh=00_AYDzeKn9yRMLharojCivMXYFoGpXGTeRo7D2HPdtIm9DBw&amp;oe=678CBD76\" alt=\"\"\/><\/a><\/figure>\n","protected":false},"excerpt":{"rendered":"<p>Con el fin de sumarle mayor brillo a la estructura original creada por Claudio Marchetti en la localidad de Alicia, el nuevo propietario de la magn\u00edfica r\u00e9plica de la Torre Eiffel decidi\u00f3 incorporarle en su nuevo asentamiento de Villa Parque S\u00edquiman vistosas luces de m\u00faltiples colores. Un juego representa los colores de Francia, donde se [&hellip;]<\/p>\n","protected":false},"author":1,"featured_media":9335,"comment_status":"closed","ping_status":"closed","sticky":false,"template":"","format":"standard","meta":{"footnotes":""},"categories":[69],"tags":[345],"class_list":["post-9334","post","type-post","status-publish","format-standard","has-post-thumbnail","hentry","category-noticias","tag-destacar"],"_links":{"self":[{"href":"https:\/\/www.nextmultimedio.com\/index.php?rest_route=\/wp\/v2\/posts\/9334","targetHints":{"allow":["GET"]}}],"collection":[{"href":"https:\/\/www.nextmultimedio.com\/index.php?rest_route=\/wp\/v2\/posts"}],"about":[{"href":"https:\/\/www.nextmultimedio.com\/index.php?rest_route=\/wp\/v2\/types\/post"}],"author":[{"embeddable":true,"href":"https:\/\/www.nextmultimedio.com\/index.php?rest_route=\/wp\/v2\/users\/1"}],"replies":[{"embeddable":true,"href":"https:\/\/www.nextmultimedio.com\/index.php?rest_route=%2Fwp%2Fv2%2Fcomments&post=9334"}],"version-history":[{"count":1,"href":"https:\/\/www.nextmultimedio.com\/index.php?rest_route=\/wp\/v2\/posts\/9334\/revisions"}],"predecessor-version":[{"id":9336,"href":"https:\/\/www.nextmultimedio.com\/index.php?rest_route=\/wp\/v2\/posts\/9334\/revisions\/9336"}],"wp:featuredmedia":[{"embeddable":true,"href":"https:\/\/www.nextmultimedio.com\/index.php?rest_route=\/wp\/v2\/media\/9335"}],"wp:attachment":[{"href":"https:\/\/www.nextmultimedio.com\/index.php?rest_route=%2Fwp%2Fv2%2Fmedia&parent=9334"}],"wp:term":[{"taxonomy":"category","embeddable":true,"href":"https:\/\/www.nextmultimedio.com\/index.php?rest_route=%2Fwp%2Fv2%2Fcategories&post=9334"},{"taxonomy":"post_tag","embeddable":true,"href":"https:\/\/www.nextmultimedio.com\/index.php?rest_route=%2Fwp%2Fv2%2Ftags&post=9334"}],"curies":[{"name":"wp","href":"https:\/\/api.w.org\/{rel}","templated":true}]}}