{"id":9317,"date":"2025-01-12T11:53:23","date_gmt":"2025-01-12T14:53:23","guid":{"rendered":"https:\/\/www.nextmultimedio.com\/?p=9317"},"modified":"2025-01-12T11:53:24","modified_gmt":"2025-01-12T14:53:24","slug":"la-provincia-presente-en-el-festival-de-jesus-maria-con-actividades-para-turistas-y-vecinos","status":"publish","type":"post","link":"https:\/\/www.nextmultimedio.com\/?p=9317","title":{"rendered":"LA PROVINCIA, PRESENTE EN EL FESTIVAL DE JES\u00daS MAR\u00cdA CON ACTIVIDADES PARA TURISTAS Y VECINOS"},"content":{"rendered":"\n<figure class=\"wp-block-image size-full\"><img loading=\"lazy\" decoding=\"async\" width=\"1024\" height=\"683\" src=\"https:\/\/www.nextmultimedio.com\/wp-content\/uploads\/2025\/01\/MLL11154-1024x683-1.jpg\" alt=\"\" class=\"wp-image-9318\" srcset=\"https:\/\/www.nextmultimedio.com\/wp-content\/uploads\/2025\/01\/MLL11154-1024x683-1.jpg 1024w, https:\/\/www.nextmultimedio.com\/wp-content\/uploads\/2025\/01\/MLL11154-1024x683-1-300x200.jpg 300w, https:\/\/www.nextmultimedio.com\/wp-content\/uploads\/2025\/01\/MLL11154-1024x683-1-768x512.jpg 768w\" sizes=\"auto, (max-width: 1024px) 100vw, 1024px\" \/><\/figure>\n\n\n\n<p>Con m\u00faltiples propuestas de servicios, entretenimientos y acompa\u00f1amiento a vecinos y turistas, el Gobierno de C\u00f3rdoba participa en el festival de Doma y Folklore de Jes\u00fas Mar\u00eda.<\/p>\n\n\n\n<p>El evento tuvo su primera jornada este jueves, cuando el gobernador Mart\u00edn Llaryora encabez\u00f3 la apertura.<\/p>\n\n\n\n<p>Entre las opciones que ofrece la Provincia se encuentran el Trailer Tur\u00edstico y Asistencia al Turista de la Agencia C\u00f3rdoba Cultura.<\/p>\n\n\n\n<p>En las afueras del anfiteatro Jos\u00e9 Hern\u00e1ndez, el espacio on road ofrece actividades destinadas a entretener tanto a cordobeses como a turistas con shows gastron\u00f3micos, que ponen en valor los sabores t\u00edpicos de la regi\u00f3n, elaborados por cocineros locales. Adem\u00e1s, se presentaron espect\u00e1culos circenses, que se integraron con el esp\u00edritu del festival.<\/p>\n\n\n\n<p>Dar\u00edo Capitani, el titular de la Agencia C\u00f3rdoba Turismo, expres\u00f3 que la Provincia trata de potenciar por todos los medios su oferta para que quienes la visitan en esta etapa por la m\u00fasica, dispongan adem\u00e1s de otros atractivos que los hagan volver cada a\u00f1o.<\/p>\n\n\n\n<p><em>\u201cEste festival es incre\u00edble y lo que hacemos es armar actividades que acompa\u00f1an el entretenimiento, el disfrute de cada argentino que vino para esta nueva edici\u00f3n del Festival de Jes\u00fas Mar\u00eda\u201d<\/em>&nbsp;y explic\u00f3 que el gobernador Mart\u00edn Llaryora considera un objetivo permanente&nbsp;<em>\u201cseguir impulsando el desarrollo tur\u00edstico de C\u00f3rdoba\u201d<\/em>.<\/p>\n\n\n\n<p>El turismo gastron\u00f3mico es una de las opciones m\u00e1s atractivas en estos eventos que , a la par de la m\u00fasica, intentan poner en valor usos y costumbres de los lugare\u00f1os. Nicolas Ghisiglieri, chef de Colonia Caroya, elogi\u00f3 la oportunidad de poder presentar en sociedad los platos m\u00e1s exquisitos de la regi\u00f3n.<\/p>\n\n\n\n<figure class=\"wp-block-image\"><img decoding=\"async\" src=\"https:\/\/prensa.cba.gov.ar\/wp-content\/uploads\/2025\/01\/WhatsApp-Image-2025-01-11-at-17.42.25-1024x682.jpeg\" alt=\"\" class=\"wp-image-612532\"\/><\/figure>\n\n\n\n<p><em>\u00abCaroya est\u00e1 fundada por inmigrantes friulanos que proven\u00edan del norte de Italia, quienes trajeron, entre tantas costumbres, el salame, la picada y el vermouth. Tenemos el orgullo de decir que contamos con un salame con denominaci\u00f3n de origen, y eso es algo que nos representa mucho\u201d<\/em>, indic\u00f3 el chef local.<\/p>\n\n\n\n<p>Figura del trailer gastron\u00f3mico, el coordinador Javier Marianelli, tambi\u00e9n destac\u00f3 la excelencia de los alimentos que la gente de Jes\u00fas Mar\u00eda le puede ofrecer a los turistas.<\/p>\n\n\n\n<p><em>\u201cJes\u00fas Mar\u00eda es muy representativo en nuestra provincia. Es una ciudad que tiene todo: chacinados, quesos, vinos y, por supuesto, el asado m\u00e1s rico del mundo. Hoy queremos lanzar una campa\u00f1a completa que destaque nuestra gastronom\u00eda como un atractivo clave\u201d<\/em>, expres\u00f3 Javier desde el stand.<\/p>\n\n\n\n<p>Entre otras de las actividades, Turismo habilit\u00f3 un espacio de Asistencia al Turista, donde se asesora a quienes deseen explorar la provincia y recorrer sus valles. En el lugar se proporciona informaci\u00f3n sobre destinos y actividades que se pueden visitar como caminatas hacia r\u00edos, cascadas, ollas naturales, bodegas y otros destinos \u00fanicos.<\/p>\n\n\n\n<p>Para los vecinos y turistas alojados en las cercan\u00edas de Jes\u00fas Mar\u00eda, se orienta sobre opciones de turismo de cercan\u00eda, con sugerencias para visitar localidades vecinas del departamento Col\u00f3n.<\/p>\n\n\n\n<p>Cabe destacar que estos dos trailers tambi\u00e9n estar\u00e1n presentes durante la temporada en otros destinos tur\u00edsticos de la provincia, como Punilla, Traslasierra, Calamuchita, Noroeste, Norte, Sierras Chicas, Paravachasca y Sierras del Sur.<\/p>\n\n\n\n<p>El desembarco del Gobierno de C\u00f3rdoba en uno de los grandes festivales de nuestro territorio tambi\u00e9n tuvo momentos de divulgaci\u00f3n con juegos. Como cada verano, la secretar\u00eda de Ciencia y Tecnolog\u00eda dice presente con dos actividades.<\/p>\n\n\n\n<figure class=\"wp-block-image\"><img decoding=\"async\" src=\"https:\/\/prensa.cba.gov.ar\/wp-content\/uploads\/2025\/01\/WhatsApp-Image-2025-01-11-at-17.42.26-1024x682.jpeg\" alt=\"\" class=\"wp-image-612533\"\/><\/figure>\n\n\n\n<p>Se realizaron demostraciones de Rob\u00f3tica, Impresi\u00f3n 3D y Experimentos. Es una muestra cient\u00edfico tecnol\u00f3gica donde cient\u00edficos y divulgadores, a partir de la observaci\u00f3n y el juego comunican de forma sencilla, saberes y metodolog\u00edas vinculadas a la ciencia y la tecnolog\u00eda.<\/p>\n\n\n\n<p>Tambi\u00e9n hubo momentos para sorprenderse en Magia con ciencia, un espect\u00e1culo para ni\u00f1as, ni\u00f1os, j\u00f3venes y p\u00fablico general, en la que se realizan trucos de magia con fundamentos cient\u00edficos, utilizando para ello las matem\u00e1ticas, f\u00edsica, qu\u00edmica, programaci\u00f3n y dem\u00e1s ciencias.<\/p>\n\n\n\n<p><em>\u00abCon la Secretar\u00eda de Ciencia y Tecnolog\u00eda realizamos un show de magia matem\u00e1tica. Todos los principios son matem\u00e1ticos y la idea es divulgar la ciencia desde algo m\u00e1s l\u00fadico, entretenido y divertido. Logramos que la gente, en un lugar de paso, se pare a disfrutar un poquito de magia con ciencia\u00bb<\/em>, se\u00f1al\u00f3 Martin Nicolini, el mago matem\u00e1tico.<\/p>\n\n\n\n<p><strong>C\u00f3rdoba Emprendedora<\/strong><\/p>\n\n\n\n<p>El Ministerio de Desarrollo Social y Promoci\u00f3n del Empleo present\u00f3 el programa que busca visibilizar a los emprendedores de la Provincia de C\u00f3rdoba.<br>20 marcas participan en el evento para exponer y vender sus productos en el Festival Nacional de la Doma y el Folklore de Jes\u00fas Mar\u00eda, de la mano de C\u00f3rdoba Emprendedora hasta el 20 de enero del 2025.<\/p>\n\n\n\n<p>Cecilia Sabattini, coordinadora y emprendedora de Rusa Sublimaciones, celebr\u00f3 que se les haya asignado un lugar privilegiado<br><em>\u201cEstar en un festival tan importante, donde te ve gente de todo el pa\u00eds, es una experiencia invaluable que puede transformar el futuro de nuestros negocios\u201d<\/em>, destac\u00f3.<\/p>\n\n\n\n<figure class=\"wp-block-image\"><img decoding=\"async\" src=\"https:\/\/prensa.cba.gov.ar\/wp-content\/uploads\/2025\/01\/WhatsApp-Image-2025-01-11-at-17.42.26-1-1-682x1024.jpeg\" alt=\"\" class=\"wp-image-612536\"\/><\/figure>\n\n\n\n<p>Adem\u00e1s, subray\u00f3 que los emprendedores que participan en esta edici\u00f3n van a estar por primera vez en el festival. \u201cDiez emprendimientos exponen durante seis d\u00edas, y otros diez se suman la semana siguiente, lo que permite visibilizar una mayor cantidad de proyectos cordobeses. Es un espacio gratuito que nos permite no solo exhibir nuestro trabajo, sino tambi\u00e9n generar v\u00ednculos y abrir puertas\u201d.<\/p>\n\n\n\n<p><strong>Ambiente y Cultura<\/strong><\/p>\n\n\n\n<p>El cuidado de nuestra provincia en materia ambiental tambi\u00e9n es sumamente importante y con cara a la agenda 2030 una pol\u00edtica internacional fomentada por el gobernador Martin Llaryora, es por eso que el Ministerio de Ambiente y Econom\u00eda Circular tambi\u00e9n particip\u00f3 de la jornada festivalera.<br>La cartera estuvo apostada con una carpa en la pe\u00f1a de Do\u00f1a Pipa, una tradicional espacio en las cercan\u00edas del \u201cAnfi\u201d. La presencia del stand tiene informaci\u00f3n sobre sustentabilidad, econom\u00eda circular y productos realizados por emprendedores de la econom\u00eda circular.<\/p>\n\n\n\n<p>En el mismo sector, la Agencia C\u00f3rdoba Cultura tambi\u00e9n est\u00e1 presente en suelo jesusmariense con el Museo Itinerante que exhibi\u00f3 cuadros y fotograf\u00edas con 16 obras de Carlos Alonso. Este espacio busca conectar a los visitantes con el arte y la historia, ofreciendo una mirada distinta dentro del marco festivo.<\/p>\n\n\n\n<p>Las piezas que se exhiben constituyen una peque\u00f1a selecci\u00f3n de los m\u00faltiples temas que el artista ha explorado a lo largo de su vasta carrera: los a\u00f1os de plomo, el exilio, la desconexi\u00f3n de la pol\u00edtica con la realidad, la soledad, las din\u00e1micas entre opresores y oprimidos. Todos tratados con una destacada maestr\u00eda t\u00e9cnica.<\/p>\n\n\n\n<figure class=\"wp-block-image\"><img decoding=\"async\" src=\"https:\/\/prensa.cba.gov.ar\/wp-content\/uploads\/2025\/01\/WhatsApp-Image-2025-01-11-at-17.42.37-1024x682.jpeg\" alt=\"\" class=\"wp-image-612537\"\/><\/figure>\n","protected":false},"excerpt":{"rendered":"<p>Con m\u00faltiples propuestas de servicios, entretenimientos y acompa\u00f1amiento a vecinos y turistas, el Gobierno de C\u00f3rdoba participa en el festival de Doma y Folklore de Jes\u00fas Mar\u00eda. El evento tuvo su primera jornada este jueves, cuando el gobernador Mart\u00edn Llaryora encabez\u00f3 la apertura. Entre las opciones que ofrece la Provincia se encuentran el Trailer Tur\u00edstico [&hellip;]<\/p>\n","protected":false},"author":1,"featured_media":9318,"comment_status":"closed","ping_status":"closed","sticky":false,"template":"","format":"standard","meta":{"footnotes":""},"categories":[69],"tags":[345],"class_list":["post-9317","post","type-post","status-publish","format-standard","has-post-thumbnail","hentry","category-noticias","tag-destacar"],"_links":{"self":[{"href":"https:\/\/www.nextmultimedio.com\/index.php?rest_route=\/wp\/v2\/posts\/9317","targetHints":{"allow":["GET"]}}],"collection":[{"href":"https:\/\/www.nextmultimedio.com\/index.php?rest_route=\/wp\/v2\/posts"}],"about":[{"href":"https:\/\/www.nextmultimedio.com\/index.php?rest_route=\/wp\/v2\/types\/post"}],"author":[{"embeddable":true,"href":"https:\/\/www.nextmultimedio.com\/index.php?rest_route=\/wp\/v2\/users\/1"}],"replies":[{"embeddable":true,"href":"https:\/\/www.nextmultimedio.com\/index.php?rest_route=%2Fwp%2Fv2%2Fcomments&post=9317"}],"version-history":[{"count":1,"href":"https:\/\/www.nextmultimedio.com\/index.php?rest_route=\/wp\/v2\/posts\/9317\/revisions"}],"predecessor-version":[{"id":9319,"href":"https:\/\/www.nextmultimedio.com\/index.php?rest_route=\/wp\/v2\/posts\/9317\/revisions\/9319"}],"wp:featuredmedia":[{"embeddable":true,"href":"https:\/\/www.nextmultimedio.com\/index.php?rest_route=\/wp\/v2\/media\/9318"}],"wp:attachment":[{"href":"https:\/\/www.nextmultimedio.com\/index.php?rest_route=%2Fwp%2Fv2%2Fmedia&parent=9317"}],"wp:term":[{"taxonomy":"category","embeddable":true,"href":"https:\/\/www.nextmultimedio.com\/index.php?rest_route=%2Fwp%2Fv2%2Fcategories&post=9317"},{"taxonomy":"post_tag","embeddable":true,"href":"https:\/\/www.nextmultimedio.com\/index.php?rest_route=%2Fwp%2Fv2%2Ftags&post=9317"}],"curies":[{"name":"wp","href":"https:\/\/api.w.org\/{rel}","templated":true}]}}