{"id":9294,"date":"2025-01-10T21:48:37","date_gmt":"2025-01-11T00:48:37","guid":{"rendered":"https:\/\/www.nextmultimedio.com\/?p=9294"},"modified":"2025-01-10T21:48:37","modified_gmt":"2025-01-11T00:48:37","slug":"cordoba-es-cultura-bandas-locales-homenajean-a-la-mona-en-su-cumpleanos-numero-74","status":"publish","type":"post","link":"https:\/\/www.nextmultimedio.com\/?p=9294","title":{"rendered":"C\u00d3RDOBA ES CULTURA: BANDAS LOCALES HOMENAJEAN A LA MONA EN SU CUMPLEA\u00d1OS N\u00daMERO 74"},"content":{"rendered":"\n<figure class=\"wp-block-image size-full\"><img loading=\"lazy\" decoding=\"async\" width=\"990\" height=\"660\" src=\"https:\/\/www.nextmultimedio.com\/wp-content\/uploads\/2025\/01\/Cordoba-es-cultura-4-1.jpg\" alt=\"\" class=\"wp-image-9295\" srcset=\"https:\/\/www.nextmultimedio.com\/wp-content\/uploads\/2025\/01\/Cordoba-es-cultura-4-1.jpg 990w, https:\/\/www.nextmultimedio.com\/wp-content\/uploads\/2025\/01\/Cordoba-es-cultura-4-1-300x200.jpg 300w, https:\/\/www.nextmultimedio.com\/wp-content\/uploads\/2025\/01\/Cordoba-es-cultura-4-1-768x512.jpg 768w\" sizes=\"auto, (max-width: 990px) 100vw, 990px\" \/><\/figure>\n\n\n\n<p>El pr\u00f3ximo domingo 12 de enero, la Agencia C\u00f3rdoba Cultura le regala a la ciudad un festejo \u00fanico por el cumplea\u00f1os n\u00famero 74 de un \u00edcono indiscutible de la m\u00fasica popular cordobesa: La Mona Jim\u00e9nez.<\/p>\n\n\n\n<p>Si bien el \u00abMandam\u00e1s\u00bb no estar\u00e1 presente, el Paseo del Buen Pastor vibrar\u00e1 al ritmo del cuarteto con un homenaje a cargo de grandes bandas cordobesas: Super Le\u00f3n, A puro cuarteto, \u00abEl Turquito\u00bb Nadir (con su agrupaci\u00f3n de cuarteto inclusivo) y la inconfundible Lorena Jim\u00e9nez.<\/p>\n\n\n\n<figure class=\"wp-block-image\"><img decoding=\"async\" src=\"https:\/\/prensa.cba.gov.ar\/wp-content\/uploads\/2025\/01\/Cordoba-es-cultura-3.jpg\" alt=\"\" class=\"wp-image-612497\"\/><\/figure>\n\n\n\n<p>Adem\u00e1s, durante la jornada el p\u00fablico podr\u00e1 visitar el Museo Rodante, que contar\u00e1 con la muestra \u00abM\u00e1gico Sue\u00f1o del Alma\u00bb, una exposici\u00f3n fotogr\u00e1fica de Florencia Dreidemie que recorre la trayectoria de La Mona a trav\u00e9s de im\u00e1genes y trajes ic\u00f3nicos.<\/p>\n\n\n\n<p>La exposici\u00f3n es un viaje a trav\u00e9s del tiempo y el espacio, un tributo a la esencia vibrante de la m\u00fasica popular de C\u00f3rdoba.&nbsp;<\/p>\n\n\n\n<p>Cada fotograf\u00eda es una ventana a los momentos que han definido una carrera; es un homenaje sincero al referente musical, que no solo encarna la esencia de la m\u00fasica local, sino tambi\u00e9n el sue\u00f1o de quienes siguen el ritmo de sus pasos. La Mona Jim\u00e9nez, su energ\u00eda indomable y su esp\u00edritu incansable son el alma de esta celebraci\u00f3n visual.&nbsp;<\/p>\n\n\n\n<p>Cabe destacar que el&nbsp;<a href=\"https:\/\/prensa.cba.gov.ar\/informacion-general\/arte-sobre-ruedas-ya-esta-en-marcha-el-museo-rodante\/\" target=\"_blank\" rel=\"noreferrer noopener\">Museo Rodante<\/a>&nbsp;cuenta con un sistema de c\u00e1maras e internet satelital, sistema solar off grid 3kva y aire acondicionado central. La sala de exposici\u00f3n tiene 18 metros cuadrados, es climatizada, y el ingreso cuenta con rampa accesible para personas con discapacidad.&nbsp;<\/p>\n\n\n\n<p><strong>Sobre el homenaje a La Mona<\/strong><\/p>\n\n\n\n<ul class=\"wp-block-list\">\n<li><strong>Exposici\u00f3n:<\/strong>&nbsp;\u00abM\u00e1gico Sue\u00f1o del Alma\u00bb, en el Museo Rodante. Fotograf\u00edas de Florencia Dreidemie y trajes de La Mona.<\/li>\n\n\n\n<li><strong>Fecha:&nbsp;<\/strong>domingo 12 de enero a las 19 horas.<\/li>\n\n\n\n<li><strong>Lugar:<\/strong>&nbsp;Paseo del Buen Pastor (Av. Hip\u00f3lito Yrigoyen 325).<\/li>\n\n\n\n<li><strong>Bandas:<\/strong>&nbsp;Super Le\u00f3n, A puro cuarteto, \u00abEl Turquito\u00bb Nadir y Lorena Jim\u00e9nez.<\/li>\n<\/ul>\n\n\n\n<p><\/p>\n","protected":false},"excerpt":{"rendered":"<p>El pr\u00f3ximo domingo 12 de enero, la Agencia C\u00f3rdoba Cultura le regala a la ciudad un festejo \u00fanico por el cumplea\u00f1os n\u00famero 74 de un \u00edcono indiscutible de la m\u00fasica popular cordobesa: La Mona Jim\u00e9nez. Si bien el \u00abMandam\u00e1s\u00bb no estar\u00e1 presente, el Paseo del Buen Pastor vibrar\u00e1 al ritmo del cuarteto con un homenaje [&hellip;]<\/p>\n","protected":false},"author":1,"featured_media":9295,"comment_status":"closed","ping_status":"closed","sticky":false,"template":"","format":"standard","meta":{"footnotes":""},"categories":[69],"tags":[345],"class_list":["post-9294","post","type-post","status-publish","format-standard","has-post-thumbnail","hentry","category-noticias","tag-destacar"],"_links":{"self":[{"href":"https:\/\/www.nextmultimedio.com\/index.php?rest_route=\/wp\/v2\/posts\/9294","targetHints":{"allow":["GET"]}}],"collection":[{"href":"https:\/\/www.nextmultimedio.com\/index.php?rest_route=\/wp\/v2\/posts"}],"about":[{"href":"https:\/\/www.nextmultimedio.com\/index.php?rest_route=\/wp\/v2\/types\/post"}],"author":[{"embeddable":true,"href":"https:\/\/www.nextmultimedio.com\/index.php?rest_route=\/wp\/v2\/users\/1"}],"replies":[{"embeddable":true,"href":"https:\/\/www.nextmultimedio.com\/index.php?rest_route=%2Fwp%2Fv2%2Fcomments&post=9294"}],"version-history":[{"count":1,"href":"https:\/\/www.nextmultimedio.com\/index.php?rest_route=\/wp\/v2\/posts\/9294\/revisions"}],"predecessor-version":[{"id":9296,"href":"https:\/\/www.nextmultimedio.com\/index.php?rest_route=\/wp\/v2\/posts\/9294\/revisions\/9296"}],"wp:featuredmedia":[{"embeddable":true,"href":"https:\/\/www.nextmultimedio.com\/index.php?rest_route=\/wp\/v2\/media\/9295"}],"wp:attachment":[{"href":"https:\/\/www.nextmultimedio.com\/index.php?rest_route=%2Fwp%2Fv2%2Fmedia&parent=9294"}],"wp:term":[{"taxonomy":"category","embeddable":true,"href":"https:\/\/www.nextmultimedio.com\/index.php?rest_route=%2Fwp%2Fv2%2Fcategories&post=9294"},{"taxonomy":"post_tag","embeddable":true,"href":"https:\/\/www.nextmultimedio.com\/index.php?rest_route=%2Fwp%2Fv2%2Ftags&post=9294"}],"curies":[{"name":"wp","href":"https:\/\/api.w.org\/{rel}","templated":true}]}}