{"id":9286,"date":"2025-01-09T21:52:20","date_gmt":"2025-01-10T00:52:20","guid":{"rendered":"https:\/\/www.nextmultimedio.com\/?p=9286"},"modified":"2025-01-09T21:52:21","modified_gmt":"2025-01-10T00:52:21","slug":"jesus-maria-llaryora-abrio-las-puertas-del-mitico-y-renovado-predio-jose-hernandez","status":"publish","type":"post","link":"https:\/\/www.nextmultimedio.com\/?p=9286","title":{"rendered":"JES\u00daS MAR\u00cdA: LLARYORA ABRI\u00d3 LAS PUERTAS DEL M\u00cdTICO Y RENOVADO PREDIO JOS\u00c9 HERN\u00c1NDEZ"},"content":{"rendered":"\n<ul class=\"wp-block-list\">\n<li><strong>El gobernador anunci\u00f3 un aporte superior a los 300 millones para la realizaci\u00f3n del Festival Nacional de Doma y Folclore.<\/strong><\/li>\n\n\n\n<li><strong><em>\u201cLos festivales son parte de nuestra idiosincrasia, generan empleo y traen a miles de turistas, por eso decidimos apuntalarlos\u201d<\/em>, sostuvo.<\/strong><\/li>\n\n\n\n<li><strong>El Gobierno de C\u00f3rdoba estar\u00e1 presente con diversos programas asistiendo a turistas y vecinos.<\/strong><\/li>\n<\/ul>\n\n\n\n<figure class=\"wp-block-image size-large\"><img loading=\"lazy\" decoding=\"async\" width=\"1024\" height=\"631\" src=\"https:\/\/www.nextmultimedio.com\/wp-content\/uploads\/2025\/01\/IMG-20250109-WA0032-3-1024x631.jpg\" alt=\"\" class=\"wp-image-9287\" srcset=\"https:\/\/www.nextmultimedio.com\/wp-content\/uploads\/2025\/01\/IMG-20250109-WA0032-3-1024x631.jpg 1024w, https:\/\/www.nextmultimedio.com\/wp-content\/uploads\/2025\/01\/IMG-20250109-WA0032-3-300x185.jpg 300w, https:\/\/www.nextmultimedio.com\/wp-content\/uploads\/2025\/01\/IMG-20250109-WA0032-3-768x474.jpg 768w, https:\/\/www.nextmultimedio.com\/wp-content\/uploads\/2025\/01\/IMG-20250109-WA0032-3-95x60.jpg 95w, https:\/\/www.nextmultimedio.com\/wp-content\/uploads\/2025\/01\/IMG-20250109-WA0032-3.jpg 1226w\" sizes=\"auto, (max-width: 1024px) 100vw, 1024px\" \/><\/figure>\n\n\n\n<p>El gobernador Mart\u00edn Llaryora encabez\u00f3 la apertura formal de una nueva edici\u00f3n del Festival Nacional de Doma y Folklore de Jes\u00fas Mar\u00eda, que se desarrollar\u00e1 hasta el 20 de enero en el Anfiteatro Jos\u00e9 Hern\u00e1ndez de la localidad del departamento Col\u00f3n.<\/p>\n\n\n\n<p>En la oportunidad, el mandatario cordob\u00e9s hizo entrega de aportes que el Gobierno de la Provincia otorga para la realizaci\u00f3n de dicho evento. Se trata de 327 millones de pesos que ser\u00e1n destinados por la Comisi\u00f3n Organizadora a distintos costos operativos.<\/p>\n\n\n\n<p>\u201cPara nosotros los festivales son parte de la idiosincrasia de C\u00f3rdoba, y por eso decidimos apuntalarlos. El Festival de Jes\u00fas Mar\u00eda es un espect\u00e1culo que supera a C\u00f3rdoba. Es uno de los eventos m\u00e1s importantes de Latinoam\u00e9rica\u201d asegur\u00f3 el gobernador.<\/p>\n\n\n\n<p>Llaryora destac\u00f3 que \u201cel festival es la punta del lanza de nuestro inicio tur\u00edstico. Despu\u00e9s siguen otros. Y al escuchar esta cantidad de entradas vendidas y ocupaci\u00f3n hotelera que tenemos, muestra la pujanza de esa C\u00f3rdoba que no para. Y esa C\u00f3rdoba que no para es porque estamos trabajando todos juntos. En C\u00f3rdoba podemos pensar distinto, ser de distintas ideolog\u00edas y trabajar juntos\u201d.<\/p>\n\n\n\n<figure class=\"wp-block-image\"><img decoding=\"async\" src=\"https:\/\/prensa.cba.gov.ar\/wp-content\/uploads\/2025\/01\/IMG-20250109-WA0031-1024x653.jpg\" alt=\"\" class=\"wp-image-612484\"\/><\/figure>\n\n\n\n<p>Cabe se\u00f1alar que fruto de los ingresos generados por este evento, 22 escuelas de Jes\u00fas Mar\u00eda y el departamento Col\u00f3n se ven beneficiadas con aportes que permiten efectuar obras y mejoras para alumnos y docentes.<\/p>\n\n\n\n<p>El gobernador ponder\u00f3 las obras viales que se ejecutan sobre la Ruta 9 Norte, que permiten mejorar la accesibilidad y la seguridad vial, adem\u00e1s de destacar los trabajos realizados en el Anfiteatro que permitir\u00e1n dotar de mayor infraestructura a jinetes y visitantes, adem\u00e1s de brindar un mejor espect\u00e1culo.<\/p>\n\n\n\n<p>En la oportunidad, el mandatario anunci\u00f3 un aporte a la Asociaci\u00f3n Atl\u00e9tica Falucho y al Taller Protegido Corazones Unidos de 10 millones de pesos a cada uno.<\/p>\n\n\n\n<p>A su turno, el intendente de Jes\u00fas Mar\u00eda, Federico Z\u00e1rate, agradeci\u00f3 el apoyo y la visita del gobernador y destac\u00f3 que es la cuarta desde su asunci\u00f3n como gobernador. \u00abCuando le va bien a este festival, todo lo dem\u00e1s que viene en la Provincia termina siendo un efecto cascada y para nosotros es important\u00edsimo estar a la altura de este desaf\u00edo\u201d, a\u00f1adi\u00f3.<\/p>\n\n\n\n<p>Seguidamente, el presidente de la Comisi\u00f3n del Festival Nacional de Doma y Folclore, Juan L\u00f3pez, anunci\u00f3 que la actual edici\u00f3n ser\u00e1 r\u00e9cord en cuanto a la venta anticipada de entradas, superando las 70.000 localidades vendidas. \u00abHoy abrimos las puertas a los m\u00e1s de 180.000 turistas que se har\u00e1n presentes a lo largo de las 10 noches\u00bb, sostuvo.<\/p>\n\n\n\n<p>Estuvieron presentes, adem\u00e1s, los ministros de Cooperativas y Mutuales, Gustavo Brand\u00e1n; de Bioagroindustria, Sergio Busso; de Desarrollo Social y Promoci\u00f3n del Empleo, Laura Jure; los presidentes de las Agencias C\u00f3rdoba Turismo y C\u00f3rdoba Cultura, Dar\u00edo Capitani y Ra\u00fal Sansica, respectivamente; el presidente del Banco de C\u00f3rdoba, Ra\u00fal Paolasso; el secretario de Gobierno, Augusto Pastore; legisladores, entre otros.<\/p>\n\n\n\n<p>C\u00f3rdoba Emprendedora<\/p>\n\n\n\n<p>El programa que depende del Ministerio de Desarrollo Social y Promoci\u00f3n del Empleo cuenta con un espacio comercial donde emprendedores y marcas cordobesas tienen la posibilidad de mostrar sus productos, alcanzar nuevos p\u00fablicos y aumentar su facturaci\u00f3n en uno de los eventos m\u00e1s importantes del pa\u00eds.<\/p>\n\n\n\n<p>Turista protegido<\/p>\n\n\n\n<p>Es una iniciativa que lleva adelante la Direcci\u00f3n General de Defensa del Consumidor y Lealtad Comercial del Ministerio de Producci\u00f3n, Ciencia e Innovaci\u00f3n Tecnol\u00f3gica del Gobierno de C\u00f3rdoba.<\/p>\n\n\n\n<p>Est\u00e1 dise\u00f1ado para promover, asesorar y garantizar los derechos de los consumidores en el \u00e1mbito tur\u00edstico.<\/p>\n\n\n\n<p>Esta nueva edici\u00f3n, que incluye una fase intensiva durante los meses de verano, estar\u00e1 vigente a lo largo de todo el a\u00f1o 2025, brindando un respaldo clave para turistas nacionales e internacionales que visiten la provincia.<\/p>\n\n\n\n<p>El programa busca acercar a los turistas informaci\u00f3n oficial, t\u00e9cnica y jur\u00eddica sobre sus derechos como consumidores, adem\u00e1s de proporcionar herramientas para resolver conflictos de manera r\u00e1pida y eficaz.<\/p>\n\n\n\n<p>Punto Mujer<\/p>\n\n\n\n<p>Punto Mujer es un programa del Ministerio de Desarrollo Social y Promoci\u00f3n del Empleo que, a trav\u00e9s de espacios seguros, brinda acompa\u00f1amiento, contenci\u00f3n y orientaci\u00f3n ante agresiones sexuales, acoso y otras situaciones de violencia hacia mujeres que ocurren en lugares p\u00fablicos.<\/p>\n\n\n\n<p>Dentro del Festival de Doma y Folklore de Jes\u00fas Mar\u00eda, las mujeres pueden acercarse al stand que est\u00e1 disponible durante todas las jornadas del evento, en el ingreso del predio.<\/p>\n\n\n\n<p>El programa Punto Mujer ofrece una l\u00ednea de acci\u00f3n espec\u00edfica para abordar las violencias y coordinar con distintas \u00e1reas del Estado a fin de prevenirlas y asistirlas, con profesionales especializadas en la problem\u00e1tica.<br>Sobre el Festival<\/p>\n\n\n\n<p>El Festival Nacional de Doma y Folclore de Jes\u00fas Mar\u00eda es uno de los m\u00e1s importantes y de mayor convocatoria de la m\u00fasica folkl\u00f3rica y la jineteada de Argentina y Latinoam\u00e9rica.<\/p>\n\n\n\n<p>Desde el a\u00f1o 1966, este festival se lleva a cabo durante el mes de enero en el Anfiteatro Jos\u00e9 Hern\u00e1ndez de la ciudad de Jes\u00fas Mar\u00eda.<\/p>\n\n\n\n<p>Las noches del festival llenan de tradici\u00f3n y folklore a Jes\u00fas Mar\u00eda, tanto dentro como fuera del Anfiteatro. Pe\u00f1as, ferias de artesan\u00edas regionales y puestos de comidas t\u00edpicas de Argentina tienen lugar en sus inmediaciones, mientras que dentro del Anfiteatro se puede disfrutar del Campeonato Nacional e Internacional de Jineteada, destrezas gauchas habituales del campo argentino, shows de consagrados artistas de Argentina y espect\u00e1culos de danza.Navegaci\u00f3n de entradas<\/p>\n","protected":false},"excerpt":{"rendered":"<p>El gobernador Mart\u00edn Llaryora encabez\u00f3 la apertura formal de una nueva edici\u00f3n del Festival Nacional de Doma y Folklore de Jes\u00fas Mar\u00eda, que se desarrollar\u00e1 hasta el 20 de enero en el Anfiteatro Jos\u00e9 Hern\u00e1ndez de la localidad del departamento Col\u00f3n. En la oportunidad, el mandatario cordob\u00e9s hizo entrega de aportes que el Gobierno de [&hellip;]<\/p>\n","protected":false},"author":1,"featured_media":9287,"comment_status":"closed","ping_status":"closed","sticky":false,"template":"","format":"standard","meta":{"footnotes":""},"categories":[69],"tags":[345],"class_list":["post-9286","post","type-post","status-publish","format-standard","has-post-thumbnail","hentry","category-noticias","tag-destacar"],"_links":{"self":[{"href":"https:\/\/www.nextmultimedio.com\/index.php?rest_route=\/wp\/v2\/posts\/9286","targetHints":{"allow":["GET"]}}],"collection":[{"href":"https:\/\/www.nextmultimedio.com\/index.php?rest_route=\/wp\/v2\/posts"}],"about":[{"href":"https:\/\/www.nextmultimedio.com\/index.php?rest_route=\/wp\/v2\/types\/post"}],"author":[{"embeddable":true,"href":"https:\/\/www.nextmultimedio.com\/index.php?rest_route=\/wp\/v2\/users\/1"}],"replies":[{"embeddable":true,"href":"https:\/\/www.nextmultimedio.com\/index.php?rest_route=%2Fwp%2Fv2%2Fcomments&post=9286"}],"version-history":[{"count":1,"href":"https:\/\/www.nextmultimedio.com\/index.php?rest_route=\/wp\/v2\/posts\/9286\/revisions"}],"predecessor-version":[{"id":9288,"href":"https:\/\/www.nextmultimedio.com\/index.php?rest_route=\/wp\/v2\/posts\/9286\/revisions\/9288"}],"wp:featuredmedia":[{"embeddable":true,"href":"https:\/\/www.nextmultimedio.com\/index.php?rest_route=\/wp\/v2\/media\/9287"}],"wp:attachment":[{"href":"https:\/\/www.nextmultimedio.com\/index.php?rest_route=%2Fwp%2Fv2%2Fmedia&parent=9286"}],"wp:term":[{"taxonomy":"category","embeddable":true,"href":"https:\/\/www.nextmultimedio.com\/index.php?rest_route=%2Fwp%2Fv2%2Fcategories&post=9286"},{"taxonomy":"post_tag","embeddable":true,"href":"https:\/\/www.nextmultimedio.com\/index.php?rest_route=%2Fwp%2Fv2%2Ftags&post=9286"}],"curies":[{"name":"wp","href":"https:\/\/api.w.org\/{rel}","templated":true}]}}