{"id":9265,"date":"2025-01-06T22:20:06","date_gmt":"2025-01-07T01:20:06","guid":{"rendered":"https:\/\/www.nextmultimedio.com\/?p=9265"},"modified":"2025-01-06T22:20:07","modified_gmt":"2025-01-07T01:20:07","slug":"verano-en-cordoba-actividades-en-plaza-cielo-tierra","status":"publish","type":"post","link":"https:\/\/www.nextmultimedio.com\/?p=9265","title":{"rendered":"VERANO EN C\u00d3RDOBA: ACTIVIDADES EN PLAZA CIELO TIERRA"},"content":{"rendered":"\n<ul class=\"wp-block-list\">\n<li><strong>Se trata de propuestas recreativas libres y gratuitas para toda la familia.<\/strong><\/li>\n\n\n\n<li><strong>Las actividades se desarrollar\u00e1n todos los d\u00edas de martes a domingo<\/strong>.<\/li>\n\n\n\n<li><strong>Paleontolog\u00eda, qu\u00edmica, arte y astronom\u00eda ser\u00e1n algunas de las tem\u00e1ticas a tratarse.<\/strong><\/li>\n<\/ul>\n\n\n\n<figure class=\"wp-block-image size-full\"><img loading=\"lazy\" decoding=\"async\" width=\"1024\" height=\"576\" src=\"https:\/\/www.nextmultimedio.com\/wp-content\/uploads\/2025\/01\/plaza-cielo-2-1024x576-1.jpeg\" alt=\"\" class=\"wp-image-9266\" srcset=\"https:\/\/www.nextmultimedio.com\/wp-content\/uploads\/2025\/01\/plaza-cielo-2-1024x576-1.jpeg 1024w, https:\/\/www.nextmultimedio.com\/wp-content\/uploads\/2025\/01\/plaza-cielo-2-1024x576-1-300x169.jpeg 300w, https:\/\/www.nextmultimedio.com\/wp-content\/uploads\/2025\/01\/plaza-cielo-2-1024x576-1-768x432.jpeg 768w\" sizes=\"auto, (max-width: 1024px) 100vw, 1024px\" \/><\/figure>\n\n\n\n<p>Durante las vacaciones de verano, se realizar\u00e1n una serie de actividades y talleres gratuitos para ni\u00f1os y adultos en la Plaza Cielo Tierra (Chacabuco 1300, B\u00b0 Nueva C\u00f3rdoba).&nbsp;<\/p>\n\n\n\n<p>Una innovadora e interactiva propuesta direccionada a p\u00fablico de todas las edades.<\/p>\n\n\n\n<p>Los talleres, que se llevar\u00e1n a cabo de martes a domingos, incluyen temas como paleontolog\u00eda, qu\u00edmica, arte y astronom\u00eda,&nbsp; y todos los grupos asistentes ser\u00e1n acompa\u00f1ados por un gu\u00eda durante todo el recorrido.<\/p>\n\n\n\n<p>Para participar de las actividades, las personas interesadas deber\u00e1n reservar con anticipaci\u00f3n.&nbsp;<\/p>\n\n\n\n<p>Asimismo, las reservas se habilitan 24 horas antes de cada actividad y pueden realizarse a trav\u00e9s de la&nbsp;<a href=\"https:\/\/www.instagram.com\/plazacielotierra\/\">p\u00e1gina web de Plaza Cielo Tierra<\/a>.<\/p>\n\n\n\n<figure class=\"wp-block-image\"><img decoding=\"async\" src=\"https:\/\/prensa.cba.gov.ar\/wp-content\/uploads\/2025\/01\/plaza-cielo-3-1024x576.jpeg\" alt=\"\" class=\"wp-image-612332\"\/><\/figure>\n\n\n\n<h4 class=\"wp-block-heading\"><strong>Cronograma de talleres<\/strong><\/h4>\n\n\n\n<p><strong>Detectives del mundo natural<\/strong><\/p>\n\n\n\n<p>Edad: 5 a 8 y de 8 a 12.<\/p>\n\n\n\n<p><strong>Paleont\u00f3logos por un d\u00eda.<\/strong><\/p>\n\n\n\n<p>Edad: 8 a 13 a\u00f1os.<\/p>\n\n\n\n<p><strong>Mini Paleont\u00f3logos: vivenciando aventuras prehist\u00f3ricas<\/strong><\/p>\n\n\n\n<p>Edad: 3 a 6 a\u00f1os.<\/p>\n\n\n\n<p><strong>Luz, qu\u00edmica y arte: Creando im\u00e1genes con cianotipia<\/strong><\/p>\n\n\n\n<p>Edad: 8 a 14 a\u00f1os.<\/p>\n\n\n\n<p><strong>Mundos Evolutivos: dise\u00f1a tu especie<\/strong><\/p>\n\n\n\n<p>Edad: 8 a 12 a\u00f1os.<\/p>\n\n\n\n<p><strong>Inventores en acci\u00f3n<\/strong><\/p>\n\n\n\n<p>Edad: De 8 a 14 a\u00f1os.<\/p>\n\n\n\n<p><strong>Explorando las sombras<\/strong><\/p>\n\n\n\n<p>Edad: De 6 a 12 a\u00f1os.<\/p>\n\n\n\n<p><strong>Historias del Cielo y la Tierra<\/strong><\/p>\n\n\n\n<p>Edad: De 7 a 11 a\u00f1os.<\/p>\n\n\n\n<p><strong>De grandes historias, grandes interpretaciones<\/strong><\/p>\n\n\n\n<p>Edad: 6 a 12 a\u00f1os.<\/p>\n\n\n\n<p><strong>\u00a1A descubrir tesoros!<\/strong><\/p>\n\n\n\n<p>Edad: 8 a 12 a\u00f1os.<\/p>\n\n\n\n<p><strong>Plantadas de telescopios<\/strong><\/p>\n\n\n\n<p>Para p\u00fablico en general.<\/p>\n\n\n\n<p><strong>Mirador de Estrellas<\/strong><\/p>\n\n\n\n<p>Edad: Para mayores de 12 a\u00f1os.Navegaci\u00f3n de entradas<\/p>\n","protected":false},"excerpt":{"rendered":"<p>Durante las vacaciones de verano, se realizar\u00e1n una serie de actividades y talleres gratuitos para ni\u00f1os y adultos en la Plaza Cielo Tierra (Chacabuco 1300, B\u00b0 Nueva C\u00f3rdoba).&nbsp; Una innovadora e interactiva propuesta direccionada a p\u00fablico de todas las edades. Los talleres, que se llevar\u00e1n a cabo de martes a domingos, incluyen temas como paleontolog\u00eda, [&hellip;]<\/p>\n","protected":false},"author":1,"featured_media":9266,"comment_status":"closed","ping_status":"closed","sticky":false,"template":"","format":"standard","meta":{"footnotes":""},"categories":[69],"tags":[345],"class_list":["post-9265","post","type-post","status-publish","format-standard","has-post-thumbnail","hentry","category-noticias","tag-destacar"],"_links":{"self":[{"href":"https:\/\/www.nextmultimedio.com\/index.php?rest_route=\/wp\/v2\/posts\/9265","targetHints":{"allow":["GET"]}}],"collection":[{"href":"https:\/\/www.nextmultimedio.com\/index.php?rest_route=\/wp\/v2\/posts"}],"about":[{"href":"https:\/\/www.nextmultimedio.com\/index.php?rest_route=\/wp\/v2\/types\/post"}],"author":[{"embeddable":true,"href":"https:\/\/www.nextmultimedio.com\/index.php?rest_route=\/wp\/v2\/users\/1"}],"replies":[{"embeddable":true,"href":"https:\/\/www.nextmultimedio.com\/index.php?rest_route=%2Fwp%2Fv2%2Fcomments&post=9265"}],"version-history":[{"count":1,"href":"https:\/\/www.nextmultimedio.com\/index.php?rest_route=\/wp\/v2\/posts\/9265\/revisions"}],"predecessor-version":[{"id":9267,"href":"https:\/\/www.nextmultimedio.com\/index.php?rest_route=\/wp\/v2\/posts\/9265\/revisions\/9267"}],"wp:featuredmedia":[{"embeddable":true,"href":"https:\/\/www.nextmultimedio.com\/index.php?rest_route=\/wp\/v2\/media\/9266"}],"wp:attachment":[{"href":"https:\/\/www.nextmultimedio.com\/index.php?rest_route=%2Fwp%2Fv2%2Fmedia&parent=9265"}],"wp:term":[{"taxonomy":"category","embeddable":true,"href":"https:\/\/www.nextmultimedio.com\/index.php?rest_route=%2Fwp%2Fv2%2Fcategories&post=9265"},{"taxonomy":"post_tag","embeddable":true,"href":"https:\/\/www.nextmultimedio.com\/index.php?rest_route=%2Fwp%2Fv2%2Ftags&post=9265"}],"curies":[{"name":"wp","href":"https:\/\/api.w.org\/{rel}","templated":true}]}}