{"id":9218,"date":"2025-01-02T21:05:47","date_gmt":"2025-01-03T00:05:47","guid":{"rendered":"https:\/\/www.nextmultimedio.com\/?p=9218"},"modified":"2025-01-02T21:05:48","modified_gmt":"2025-01-03T00:05:48","slug":"actividades-de-verano-en-plaza-cielo-tierra","status":"publish","type":"post","link":"https:\/\/www.nextmultimedio.com\/?p=9218","title":{"rendered":"ACTIVIDADES DE VERANO EN PLAZA CIELO TIERRA"},"content":{"rendered":"\n<figure class=\"wp-block-image size-full\"><img loading=\"lazy\" decoding=\"async\" width=\"960\" height=\"503\" src=\"https:\/\/www.nextmultimedio.com\/wp-content\/uploads\/2025\/01\/472154295_1144338771030631_8117992948053929138_n.jpg\" alt=\"\" class=\"wp-image-9219\" srcset=\"https:\/\/www.nextmultimedio.com\/wp-content\/uploads\/2025\/01\/472154295_1144338771030631_8117992948053929138_n.jpg 960w, https:\/\/www.nextmultimedio.com\/wp-content\/uploads\/2025\/01\/472154295_1144338771030631_8117992948053929138_n-300x157.jpg 300w, https:\/\/www.nextmultimedio.com\/wp-content\/uploads\/2025\/01\/472154295_1144338771030631_8117992948053929138_n-768x402.jpg 768w\" sizes=\"auto, (max-width: 960px) 100vw, 960px\" \/><\/figure>\n\n\n\n<p>Festival de Ciencias &#8211; Talleres de verano en Plaza Cielo Tierra<\/p>\n\n\n\n<p>En <a><\/a>estas vacaciones de verano, te invitan a disfrutar de nuevas actividades para seguir experimentando y aprendiendo.<\/p>\n\n\n\n<p>Adem\u00e1s agregaron m\u00e1s turnos para hacer visitas guiadas gratuitas, de martes a domingos inclusive. Las actividades se realizan de martes a domingos, tanto por la ma\u00f1ana como por la tarde.<\/p>\n\n\n\n<p>Todos los grupos son acompa\u00f1ados por un gu\u00eda que acompa\u00f1a a los visitantes durante todo el recorrido. Para disfrutar de esta actividad, hay que reservar entradas<\/p>\n\n\n\n<p>Las reservas se habilitan 24 hs antes de cada actividad. Reserva tus entradas haciendo click en el link de la bio: <a href=\"https:\/\/www.instagram.com\/plazacielotierra\/?fbclid=IwZXh0bgNhZW0CMTAAAR3hRPnDSBBC0NCc04KBTgSP14rEi5ZJQPerKGWkAIgyNtTKjNdvcge_QRk_aem_Rt3hahwMuoOfp0K3P85o2g\" rel=\"noreferrer noopener\" target=\"_blank\">https:\/\/www.instagram.com\/plazacielotierra\/<\/a><\/p>\n\n\n\n<p>Los siguientes talleres son:<\/p>\n\n\n\n<p><img loading=\"lazy\" decoding=\"async\" height=\"16\" width=\"16\" alt=\"????\" src=\"https:\/\/static.xx.fbcdn.net\/images\/emoji.php\/v9\/tc6\/1\/16\/1f6a9.png\">Gratuitos<\/p>\n\n\n\n<p><img loading=\"lazy\" decoding=\"async\" height=\"16\" width=\"16\" alt=\"????\" src=\"https:\/\/static.xx.fbcdn.net\/images\/emoji.php\/v9\/tc6\/1\/16\/1f6a9.png\">Las entradas se deben reservar en nuestra p\u00e1gina web<\/p>\n\n\n\n<p><img loading=\"lazy\" decoding=\"async\" height=\"16\" width=\"16\" alt=\"????\" src=\"https:\/\/static.xx.fbcdn.net\/images\/emoji.php\/v9\/tc6\/1\/16\/1f6a9.png\">Las fechas de cada actividad se ir\u00e1n publicando en nuestras historias de Instagram<\/p>\n\n\n\n<p><img loading=\"lazy\" decoding=\"async\" height=\"16\" width=\"16\" alt=\"????\" src=\"https:\/\/static.xx.fbcdn.net\/images\/emoji.php\/v9\/tc6\/1\/16\/1f6a9.png\">Las entradas para cada actividad se publican 24 hs antes de su inicio<\/p>\n\n\n\n<p>TALLERES<\/p>\n\n\n\n<p>Detectives del mundo natural<\/p>\n\n\n\n<p>Edad: 5 a 8 y de 8 a 12<\/p>\n\n\n\n<p>Paleont\u00f3logos por un d\u00eda.<\/p>\n\n\n\n<p>8 a 13 a\u00f1os<\/p>\n\n\n\n<p>Mini Paleont\u00f3logos: vivenciando aventuras prehist\u00f3ricas<\/p>\n\n\n\n<p>3 a 6 a\u00f1os<\/p>\n\n\n\n<p>Luz, qu\u00edmica y arte: Creando im\u00e1genes con cianotipia<\/p>\n\n\n\n<p>8 a 14 a\u00f1os<\/p>\n\n\n\n<p>Mundos Evolutivos: dise\u00f1a tu especie<\/p>\n\n\n\n<p>8 a 12 a\u00f1os<\/p>\n\n\n\n<p>Inventores en acci\u00f3n<\/p>\n\n\n\n<p>De 8 a 14 a\u00f1os<\/p>\n\n\n\n<p>Explorando las sombras<\/p>\n\n\n\n<p>De 6 a 12 a\u00f1os<\/p>\n\n\n\n<p>Historias del Cielo y la Tierra.<\/p>\n\n\n\n<p>De 7 a 11 a\u00f1os<\/p>\n\n\n\n<p>De grandes historias, grandes interpretaciones<\/p>\n\n\n\n<p>6 a 12 a\u00f1os<\/p>\n\n\n\n<p>\u00a1A descubrir tesoros!<\/p>\n\n\n\n<p>8 a 12 a\u00f1os<\/p>\n\n\n\n<p>Plantadas de telescopios<\/p>\n\n\n\n<p>Para el p\u00fablico en general<\/p>\n\n\n\n<p>Mirador de Estrellas<\/p>\n\n\n\n<p>Para mayores de 12 a\u00f1os<\/p>\n\n\n\n<p><a href=\"https:\/\/www.facebook.com\/photo\/?fbid=1144338761030632&amp;set=a.356501556481027&amp;__cft__[0]=AZW_y03Jl36fssknfYd1d92rPX90kqt2u16Wgib8h5qj-h5bCLQqLrAVKA_Hg3fDT7_ZdDbTcHqfMNyXUx4nRVJjOZAvwlU1otQhvmn1n0rC2fZmZ5Y7RjOEZgjAEVhbholt4TvWZtXfQy1yEM7VHkSUFU3SP0Myu4BUHo-bo0xROmmAaIc_O0v0Gx_abUPWv4o&amp;__tn__=EH-R\"><\/a><\/p>\n","protected":false},"excerpt":{"rendered":"<p>Festival de Ciencias &#8211; Talleres de verano en Plaza Cielo Tierra En estas vacaciones de verano, te invitan a disfrutar de nuevas actividades para seguir experimentando y aprendiendo. Adem\u00e1s agregaron m\u00e1s turnos para hacer visitas guiadas gratuitas, de martes a domingos inclusive. Las actividades se realizan de martes a domingos, tanto por la ma\u00f1ana como [&hellip;]<\/p>\n","protected":false},"author":1,"featured_media":9219,"comment_status":"closed","ping_status":"closed","sticky":false,"template":"","format":"standard","meta":{"footnotes":""},"categories":[69],"tags":[345],"class_list":["post-9218","post","type-post","status-publish","format-standard","has-post-thumbnail","hentry","category-noticias","tag-destacar"],"_links":{"self":[{"href":"https:\/\/www.nextmultimedio.com\/index.php?rest_route=\/wp\/v2\/posts\/9218","targetHints":{"allow":["GET"]}}],"collection":[{"href":"https:\/\/www.nextmultimedio.com\/index.php?rest_route=\/wp\/v2\/posts"}],"about":[{"href":"https:\/\/www.nextmultimedio.com\/index.php?rest_route=\/wp\/v2\/types\/post"}],"author":[{"embeddable":true,"href":"https:\/\/www.nextmultimedio.com\/index.php?rest_route=\/wp\/v2\/users\/1"}],"replies":[{"embeddable":true,"href":"https:\/\/www.nextmultimedio.com\/index.php?rest_route=%2Fwp%2Fv2%2Fcomments&post=9218"}],"version-history":[{"count":1,"href":"https:\/\/www.nextmultimedio.com\/index.php?rest_route=\/wp\/v2\/posts\/9218\/revisions"}],"predecessor-version":[{"id":9220,"href":"https:\/\/www.nextmultimedio.com\/index.php?rest_route=\/wp\/v2\/posts\/9218\/revisions\/9220"}],"wp:featuredmedia":[{"embeddable":true,"href":"https:\/\/www.nextmultimedio.com\/index.php?rest_route=\/wp\/v2\/media\/9219"}],"wp:attachment":[{"href":"https:\/\/www.nextmultimedio.com\/index.php?rest_route=%2Fwp%2Fv2%2Fmedia&parent=9218"}],"wp:term":[{"taxonomy":"category","embeddable":true,"href":"https:\/\/www.nextmultimedio.com\/index.php?rest_route=%2Fwp%2Fv2%2Fcategories&post=9218"},{"taxonomy":"post_tag","embeddable":true,"href":"https:\/\/www.nextmultimedio.com\/index.php?rest_route=%2Fwp%2Fv2%2Ftags&post=9218"}],"curies":[{"name":"wp","href":"https:\/\/api.w.org\/{rel}","templated":true}]}}