{"id":9199,"date":"2025-01-01T21:56:32","date_gmt":"2025-01-02T00:56:32","guid":{"rendered":"https:\/\/www.nextmultimedio.com\/?p=9199"},"modified":"2025-01-01T21:56:33","modified_gmt":"2025-01-02T00:56:33","slug":"el-2025-llego-y-valentina-tambien","status":"publish","type":"post","link":"https:\/\/www.nextmultimedio.com\/?p=9199","title":{"rendered":"EL 2025 LLEG\u00d3 Y VALENTINA TAMBI\u00c9N"},"content":{"rendered":"\n<p><strong>Valentina es la primera beb\u00e9 nacida en 2025 en el sistema p\u00fablico provincial<\/strong><\/p>\n\n\n<div class=\"wp-block-image\">\n<figure class=\"aligncenter size-full\"><img loading=\"lazy\" decoding=\"async\" width=\"990\" height=\"660\" src=\"https:\/\/www.nextmultimedio.com\/wp-content\/uploads\/2025\/01\/maternidad-Frente-004.jpg\" alt=\"\" class=\"wp-image-9200\" srcset=\"https:\/\/www.nextmultimedio.com\/wp-content\/uploads\/2025\/01\/maternidad-Frente-004.jpg 990w, https:\/\/www.nextmultimedio.com\/wp-content\/uploads\/2025\/01\/maternidad-Frente-004-300x200.jpg 300w, https:\/\/www.nextmultimedio.com\/wp-content\/uploads\/2025\/01\/maternidad-Frente-004-768x512.jpg 768w\" sizes=\"auto, (max-width: 990px) 100vw, 990px\" \/><figcaption class=\"wp-element-caption\">, Cordoba, C\u00f3rdoba, Argentina, 18 de Octubre de 2023, Foto: Agustin Ottonelli<\/figcaption><\/figure>\n<\/div>\n\n\n<p>El primer nacimiento de 2025, en el sistema p\u00fablico provincial, se produjo a las 00:36 horas en la Maternidad Provincial Brigadier Juan Bautista Bustos.<\/p>\n\n\n\n<p>Se trata de una ni\u00f1a, de nombre Valentina, que pes\u00f3 3,5 kilogramos. Tanto la beb\u00e9 como su madre, Romina, se encuentran en buen estado de salud.<\/p>\n\n\n\n<p>En el interior provincial el primer nacimiento fue el de Noah y se registr\u00f3 en el Hospital Illia de Alta Gracia, a las 2.40 de esta madrugada por parto natural.<\/p>\n\n\n\n<p>El beb\u00e9 pes\u00f3 3,870 kg y se encuentra en \u00f3ptimas condiciones, al igual que su progenitora Brisa.<\/p>\n\n\n\n<p>Tambi\u00e9n se registraron nacimientos en los hospitales p\u00fablicos de Santa Mar\u00eda de Punilla, R\u00edo Tercero, Hospital Rio Cuarto, Santa Rosa de Calamuchita, Mina Clavero, Unquillo y Cruz del Eje.Navegaci\u00f3n de entradas<\/p>\n","protected":false},"excerpt":{"rendered":"<p>Valentina es la primera beb\u00e9 nacida en 2025 en el sistema p\u00fablico provincial El primer nacimiento de 2025, en el sistema p\u00fablico provincial, se produjo a las 00:36 horas en la Maternidad Provincial Brigadier Juan Bautista Bustos. Se trata de una ni\u00f1a, de nombre Valentina, que pes\u00f3 3,5 kilogramos. Tanto la beb\u00e9 como su madre, [&hellip;]<\/p>\n","protected":false},"author":1,"featured_media":9200,"comment_status":"closed","ping_status":"closed","sticky":false,"template":"","format":"standard","meta":{"footnotes":""},"categories":[69],"tags":[345],"class_list":["post-9199","post","type-post","status-publish","format-standard","has-post-thumbnail","hentry","category-noticias","tag-destacar"],"_links":{"self":[{"href":"https:\/\/www.nextmultimedio.com\/index.php?rest_route=\/wp\/v2\/posts\/9199","targetHints":{"allow":["GET"]}}],"collection":[{"href":"https:\/\/www.nextmultimedio.com\/index.php?rest_route=\/wp\/v2\/posts"}],"about":[{"href":"https:\/\/www.nextmultimedio.com\/index.php?rest_route=\/wp\/v2\/types\/post"}],"author":[{"embeddable":true,"href":"https:\/\/www.nextmultimedio.com\/index.php?rest_route=\/wp\/v2\/users\/1"}],"replies":[{"embeddable":true,"href":"https:\/\/www.nextmultimedio.com\/index.php?rest_route=%2Fwp%2Fv2%2Fcomments&post=9199"}],"version-history":[{"count":1,"href":"https:\/\/www.nextmultimedio.com\/index.php?rest_route=\/wp\/v2\/posts\/9199\/revisions"}],"predecessor-version":[{"id":9201,"href":"https:\/\/www.nextmultimedio.com\/index.php?rest_route=\/wp\/v2\/posts\/9199\/revisions\/9201"}],"wp:featuredmedia":[{"embeddable":true,"href":"https:\/\/www.nextmultimedio.com\/index.php?rest_route=\/wp\/v2\/media\/9200"}],"wp:attachment":[{"href":"https:\/\/www.nextmultimedio.com\/index.php?rest_route=%2Fwp%2Fv2%2Fmedia&parent=9199"}],"wp:term":[{"taxonomy":"category","embeddable":true,"href":"https:\/\/www.nextmultimedio.com\/index.php?rest_route=%2Fwp%2Fv2%2Fcategories&post=9199"},{"taxonomy":"post_tag","embeddable":true,"href":"https:\/\/www.nextmultimedio.com\/index.php?rest_route=%2Fwp%2Fv2%2Ftags&post=9199"}],"curies":[{"name":"wp","href":"https:\/\/api.w.org\/{rel}","templated":true}]}}