{"id":9143,"date":"2024-12-27T22:23:31","date_gmt":"2024-12-28T01:23:31","guid":{"rendered":"https:\/\/www.nextmultimedio.com\/?p=9143"},"modified":"2024-12-27T22:23:32","modified_gmt":"2024-12-28T01:23:32","slug":"que-dias-feriados-nos-depara-el-2025-te-lo-contamos-en-esta-nota","status":"publish","type":"post","link":"https:\/\/www.nextmultimedio.com\/?p=9143","title":{"rendered":"QU\u00c9 D\u00cdAS FERIADOS NOS DEPARA EL 2025: TE LO CONTAMOS EN ESTA NOTA"},"content":{"rendered":"\n<figure class=\"wp-block-image size-full\"><img loading=\"lazy\" decoding=\"async\" width=\"526\" height=\"526\" src=\"https:\/\/www.nextmultimedio.com\/wp-content\/uploads\/2024\/12\/471249268_1139922348138940_7580174050571269925_n.jpg\" alt=\"\" class=\"wp-image-9144\" srcset=\"https:\/\/www.nextmultimedio.com\/wp-content\/uploads\/2024\/12\/471249268_1139922348138940_7580174050571269925_n.jpg 526w, https:\/\/www.nextmultimedio.com\/wp-content\/uploads\/2024\/12\/471249268_1139922348138940_7580174050571269925_n-300x300.jpg 300w\" sizes=\"auto, (max-width: 526px) 100vw, 526px\" \/><\/figure>\n\n\n\n<p>Durante 2024, Argentina fue el pa\u00eds con m\u00e1s feriados de todo Latinoam\u00e9rica, con un total de 19. Siguiendo esa tendencia, el pr\u00f3ximo a\u00f1o tambi\u00e9n vendr\u00e1 cargado.<\/p>\n\n\n\n<p><a><\/a>Inamovibles<\/p>\n\n\n\n<p>Mi\u00e9rcoles 1\u00b0 de enero: A\u00f1o Nuevo.<\/p>\n\n\n\n<p>Lunes 3 y martes 4 de marzo: Carnaval.<\/p>\n\n\n\n<p>Lunes 24 de marzo: D\u00eda Nacional de la Memoria por la Verdad y la Justicia.<\/p>\n\n\n\n<p>Mi\u00e9rcoles 2 de abril: D\u00eda del Veterano y de los Ca\u00eddos en la Guerra de Malvinas.<\/p>\n\n\n\n<p>Viernes 18 de abril: Viernes Santo.<\/p>\n\n\n\n<p>Jueves 1\u00b0 de mayo: D\u00eda del Trabajador.<\/p>\n\n\n\n<p>Domingo 25 de mayo: D\u00eda de la Revoluci\u00f3n de Mayo.<\/p>\n\n\n\n<p>Viernes 20 de junio: Paso a la Inmortalidad del General Don Manuel Belgrano.<\/p>\n\n\n\n<p>Mi\u00e9rcoles 9 de julio: D\u00eda de la Independencia.<\/p>\n\n\n\n<p>Lunes 8 de diciembre: D\u00eda de la Inmaculada Concepci\u00f3n de Mar\u00eda.<\/p>\n\n\n\n<p>Jueves 25 de diciembre: Navidad.<\/p>\n\n\n\n<p>Trasladables<\/p>\n\n\n\n<p>Martes 17 de junio (seg\u00fan la ley, se correr\u00eda al lunes 16): Paso a la Inmortalidad del General Don Mart\u00edn Miguel de G\u00fcemes.<\/p>\n\n\n\n<p>Domingo 17 de agosto: Paso a la Inmortalidad del General Don Jos\u00e9 de San Mart\u00edn.<\/p>\n\n\n\n<p>Domingo 12 de octubre: D\u00eda del Respeto a la Diversidad Cultural.<\/p>\n\n\n\n<p>Jueves 20 de noviembre (seg\u00fan la ley, se correr\u00eda al lunes 24): D\u00eda de la Soberan\u00eda Nacional.<\/p>\n\n\n\n<p>Informaci\u00f3n:<a href=\"https:\/\/l.facebook.com\/l.php?u=https%3A%2F%2Fwww.instagram.com%2F_u%2Feldocetv%3Ffbclid%3DIwZXh0bgNhZW0CMTAAAR0ceMB_z8E88phizEzmC_YX_uGmXZYNXyxwhKyQVDs_5VeoPi8nL7otIV0_aem_hiMm7uthGlQOlEOE1Yh7hQ&amp;h=AT09z7lQwF1TALPgz3DLjgcHjbNb-ycNvii33WZ1COwMGTmN0pNv-GQbI7_NsMD8hMlBdbxiP-tSfvJcZjfQwj30gtycs8BJty32gy7x0Bc9sOg3sJyDiMO-qqpHGqEhPg&amp;__tn__=-UK-R&amp;c[0]=AT229zQuGWwT5Zpx4NqlOvyouediqt9JrOzgja6ve5f6iuhCU4GaYxy2Li3Nv0Z4EaTNY-_IwrM9-_jCkMXKL7pbaQMGfYE715KCiF2P5j4nSgE4RTwyzC5Z6XPYeEqfd_7CPBWqcHJEAkiPj-T6hphwSWJZfj3ckZE8pHZEeV5Yuri0n2JU-GZVjTpXvs4JZiLQ2GIiTLxNWO1UiJvSr-JxG2c\" rel=\"noreferrer noopener\" target=\"_blank\">@eldocetv<\/a>.<\/p>\n\n\n\n<p><a href=\"https:\/\/www.facebook.com\/photo\/?fbid=1139922344805607&amp;set=a.356501556481027&amp;__cft__[0]=AZV1qlguksvkdnSH7CRxLEPaExZ2VHWcdzGrBa8A3qy7TXNXDLyxvB4qc_DDpsWgdk3TrY1_Sm-_hCB3SPd5bUTvCBs7TTZG2I_LtPcgX7k6IzAEK9j2CLtFjNHyR6XRKmEX1BOH2KSM-ca_N0x-sw1P-nEjTQJpcRnM7DIHVo_ngpBWcUY53Fx3mPP3sjqshfQ&amp;__tn__=EH-R\"><\/a><\/p>\n","protected":false},"excerpt":{"rendered":"<p>Durante 2024, Argentina fue el pa\u00eds con m\u00e1s feriados de todo Latinoam\u00e9rica, con un total de 19. Siguiendo esa tendencia, el pr\u00f3ximo a\u00f1o tambi\u00e9n vendr\u00e1 cargado. Inamovibles Mi\u00e9rcoles 1\u00b0 de enero: A\u00f1o Nuevo. Lunes 3 y martes 4 de marzo: Carnaval. Lunes 24 de marzo: D\u00eda Nacional de la Memoria por la Verdad y la [&hellip;]<\/p>\n","protected":false},"author":1,"featured_media":9144,"comment_status":"closed","ping_status":"closed","sticky":false,"template":"","format":"standard","meta":{"footnotes":""},"categories":[69],"tags":[345],"class_list":["post-9143","post","type-post","status-publish","format-standard","has-post-thumbnail","hentry","category-noticias","tag-destacar"],"_links":{"self":[{"href":"https:\/\/www.nextmultimedio.com\/index.php?rest_route=\/wp\/v2\/posts\/9143","targetHints":{"allow":["GET"]}}],"collection":[{"href":"https:\/\/www.nextmultimedio.com\/index.php?rest_route=\/wp\/v2\/posts"}],"about":[{"href":"https:\/\/www.nextmultimedio.com\/index.php?rest_route=\/wp\/v2\/types\/post"}],"author":[{"embeddable":true,"href":"https:\/\/www.nextmultimedio.com\/index.php?rest_route=\/wp\/v2\/users\/1"}],"replies":[{"embeddable":true,"href":"https:\/\/www.nextmultimedio.com\/index.php?rest_route=%2Fwp%2Fv2%2Fcomments&post=9143"}],"version-history":[{"count":1,"href":"https:\/\/www.nextmultimedio.com\/index.php?rest_route=\/wp\/v2\/posts\/9143\/revisions"}],"predecessor-version":[{"id":9145,"href":"https:\/\/www.nextmultimedio.com\/index.php?rest_route=\/wp\/v2\/posts\/9143\/revisions\/9145"}],"wp:featuredmedia":[{"embeddable":true,"href":"https:\/\/www.nextmultimedio.com\/index.php?rest_route=\/wp\/v2\/media\/9144"}],"wp:attachment":[{"href":"https:\/\/www.nextmultimedio.com\/index.php?rest_route=%2Fwp%2Fv2%2Fmedia&parent=9143"}],"wp:term":[{"taxonomy":"category","embeddable":true,"href":"https:\/\/www.nextmultimedio.com\/index.php?rest_route=%2Fwp%2Fv2%2Fcategories&post=9143"},{"taxonomy":"post_tag","embeddable":true,"href":"https:\/\/www.nextmultimedio.com\/index.php?rest_route=%2Fwp%2Fv2%2Ftags&post=9143"}],"curies":[{"name":"wp","href":"https:\/\/api.w.org\/{rel}","templated":true}]}}