{"id":9109,"date":"2024-12-21T22:25:11","date_gmt":"2024-12-22T01:25:11","guid":{"rendered":"https:\/\/www.nextmultimedio.com\/?p=9109"},"modified":"2024-12-21T22:25:12","modified_gmt":"2024-12-22T01:25:12","slug":"alta-gracia-para-agendar-y-progamar-te-traemos-toda-la-grilla-del-encuentro-anual-de-colectividades","status":"publish","type":"post","link":"https:\/\/www.nextmultimedio.com\/?p=9109","title":{"rendered":"ALTA GRACIA: PARA AGENDAR Y PROGAMAR. TE TRAEMOS TODA LA GRILLA DEL ENCUENTRO ANUAL DE COLECTIVIDADES"},"content":{"rendered":"<div class=\"wp-block-image\">\n<figure class=\"aligncenter size-full\"><img loading=\"lazy\" decoding=\"async\" width=\"526\" height=\"526\" src=\"https:\/\/www.nextmultimedio.com\/wp-content\/uploads\/2024\/12\/471178832_1135356421928866_935363797010543906_n.jpg\" alt=\"\" class=\"wp-image-9110\" srcset=\"https:\/\/www.nextmultimedio.com\/wp-content\/uploads\/2024\/12\/471178832_1135356421928866_935363797010543906_n.jpg 526w, https:\/\/www.nextmultimedio.com\/wp-content\/uploads\/2024\/12\/471178832_1135356421928866_935363797010543906_n-300x300.jpg 300w\" sizes=\"auto, (max-width: 526px) 100vw, 526px\" \/><\/figure>\n<\/div>\n\n\n<p>Del 5 al 9 de febrero, Alta Gracia ser\u00e1 sede del 36\u00ba Encuentro Anual de Colectividades.<\/p>\n\n\n\n<p><a><\/a>Este a\u00f1o, como novedad, se presentar\u00e1n distintas actividades distribuidas por toda la ciudad, con propuestas en la costanera, el Parque del Sierras, el centro de la ciudad o el Garc\u00eda Lorca, con pe\u00f1as, m\u00fasica, danzas y otras actividades culturales.<\/p>\n\n\n\n<p>A continuaci\u00f3n compartimos la grilla completa:<\/p>\n\n\n\n<p>Mi\u00e9rcoles 5:&nbsp;Don Argara\u00f1as, Pepe You, Negro Juan y los 33 de Mano, Camilo Nicol\u00e1s, Pablo Lobos, Indio Rojas.<\/p>\n\n\n\n<p>Jueves 6:&nbsp;Huatan, Fernando Bladys, Los Trajinantes, Flaco Pailos, La Barra.<\/p>\n\n\n\n<p>Viernes 7:&nbsp;La Bordona, 4 Cuerdas, Los Pachecos, Fran Ben\u00edtez, Los Herreras.<\/p>\n\n\n\n<p>S\u00e1bado 8:&nbsp;LatinJam, Lautaro Rojas, Rom\u00e1n Ramonda, Lele Quiroga y Barrabaleando, La Clave Tr\u00edo, Sim\u00f3n Aguirre.<\/p>\n\n\n\n<p>Domingo 9:&nbsp;Sol Fijo, An\u00e1logos, Mixolog\u00eda, Los Ustedes, Negro Videla, Juan Fuentes, He Visto a Luci, Magui Olave.<\/p>\n\n\n\n<p><a href=\"https:\/\/www.facebook.com\/photo\/?fbid=1135356418595533&amp;set=a.356501556481027&amp;__cft__[0]=AZXR7j4s0LyZbODffOmx0RsvVVSXEl3jPB01tyVNJuARtMn9wa2fD2pYQOFg61-iQPEuRsNPAZGyS3GXanEVbAwaLZpt8eWLNYm6MzhcbxwHzT1NkLBHexWBQe1Vb-69PyuNyC4hc8tvJSoNyxwSRQBYT8o8SozWMiUzvf1HdaC4bUzYD6b0ghpLOAP5c4g94WY&amp;__tn__=EH-R\"><\/a><\/p>\n","protected":false},"excerpt":{"rendered":"<p>Del 5 al 9 de febrero, Alta Gracia ser\u00e1 sede del 36\u00ba Encuentro Anual de Colectividades. Este a\u00f1o, como novedad, se presentar\u00e1n distintas actividades distribuidas por toda la ciudad, con propuestas en la costanera, el Parque del Sierras, el centro de la ciudad o el Garc\u00eda Lorca, con pe\u00f1as, m\u00fasica, danzas y otras actividades culturales. [&hellip;]<\/p>\n","protected":false},"author":1,"featured_media":9110,"comment_status":"closed","ping_status":"closed","sticky":false,"template":"","format":"standard","meta":{"footnotes":""},"categories":[69],"tags":[345],"class_list":["post-9109","post","type-post","status-publish","format-standard","has-post-thumbnail","hentry","category-noticias","tag-destacar"],"_links":{"self":[{"href":"https:\/\/www.nextmultimedio.com\/index.php?rest_route=\/wp\/v2\/posts\/9109","targetHints":{"allow":["GET"]}}],"collection":[{"href":"https:\/\/www.nextmultimedio.com\/index.php?rest_route=\/wp\/v2\/posts"}],"about":[{"href":"https:\/\/www.nextmultimedio.com\/index.php?rest_route=\/wp\/v2\/types\/post"}],"author":[{"embeddable":true,"href":"https:\/\/www.nextmultimedio.com\/index.php?rest_route=\/wp\/v2\/users\/1"}],"replies":[{"embeddable":true,"href":"https:\/\/www.nextmultimedio.com\/index.php?rest_route=%2Fwp%2Fv2%2Fcomments&post=9109"}],"version-history":[{"count":1,"href":"https:\/\/www.nextmultimedio.com\/index.php?rest_route=\/wp\/v2\/posts\/9109\/revisions"}],"predecessor-version":[{"id":9111,"href":"https:\/\/www.nextmultimedio.com\/index.php?rest_route=\/wp\/v2\/posts\/9109\/revisions\/9111"}],"wp:featuredmedia":[{"embeddable":true,"href":"https:\/\/www.nextmultimedio.com\/index.php?rest_route=\/wp\/v2\/media\/9110"}],"wp:attachment":[{"href":"https:\/\/www.nextmultimedio.com\/index.php?rest_route=%2Fwp%2Fv2%2Fmedia&parent=9109"}],"wp:term":[{"taxonomy":"category","embeddable":true,"href":"https:\/\/www.nextmultimedio.com\/index.php?rest_route=%2Fwp%2Fv2%2Fcategories&post=9109"},{"taxonomy":"post_tag","embeddable":true,"href":"https:\/\/www.nextmultimedio.com\/index.php?rest_route=%2Fwp%2Fv2%2Ftags&post=9109"}],"curies":[{"name":"wp","href":"https:\/\/api.w.org\/{rel}","templated":true}]}}