{"id":9075,"date":"2024-12-17T22:06:23","date_gmt":"2024-12-18T01:06:23","guid":{"rendered":"https:\/\/www.nextmultimedio.com\/?p=9075"},"modified":"2024-12-17T22:10:17","modified_gmt":"2024-12-18T01:10:17","slug":"extienden-las-inscripciones-del-ppp","status":"publish","type":"post","link":"https:\/\/www.nextmultimedio.com\/?p=9075","title":{"rendered":"EXTIENDEN LAS INSCRIPCIONES DEL PPP"},"content":{"rendered":"\n<figure class=\"wp-block-image size-full\"><img loading=\"lazy\" decoding=\"async\" width=\"810\" height=\"540\" src=\"https:\/\/www.nextmultimedio.com\/wp-content\/uploads\/2024\/12\/470566614_1131701588961016_6563225744451682782_n.jpg\" alt=\"\" class=\"wp-image-9080\" srcset=\"https:\/\/www.nextmultimedio.com\/wp-content\/uploads\/2024\/12\/470566614_1131701588961016_6563225744451682782_n.jpg 810w, https:\/\/www.nextmultimedio.com\/wp-content\/uploads\/2024\/12\/470566614_1131701588961016_6563225744451682782_n-300x200.jpg 300w, https:\/\/www.nextmultimedio.com\/wp-content\/uploads\/2024\/12\/470566614_1131701588961016_6563225744451682782_n-768x512.jpg 768w\" sizes=\"auto, (max-width: 810px) 100vw, 810px\" \/><\/figure>\n\n\n\n<p>El Ministerio de Desarrollo Social y Promoci\u00f3n del Empleo informa que el viernes 20 de diciembre se acreditar\u00e1 el monto correspondiente al mes en curso a beneficiarios de la Tarjeta Social.&nbsp;<br><br>El cronograma dispuesto prev\u00e9 que cobren todos los que perciban el beneficio, tanto de la ciudad de C\u00f3rdoba como del interior provincial.&nbsp;<br><br>Vale destacar que el monto que se deposita es de 35.000 pesos y el saldo puede ser utilizado hasta el 30 de diciembre.<br><br><strong>Tarjeta Social para Celiacos<\/strong><br><br>En tanto el s\u00e1bado 21 de diciembre se acreditar\u00e1 la Tarjeta Social para Celiacos. En este caso el monto es de 35.000 pesos destinados a la compra de alimentos sin gluten. Tienen tiempo hasta el 30 del corriente mes para agotar el saldo.&nbsp;<br><br>Tarjeta Social es un programa del Gobierno de C\u00f3rdoba que permite comprar alimentos para cubrir necesidades b\u00e1sicas.&nbsp;<br><br>Con esta asistencia econ\u00f3mica, las familias beneficiarias pueden adquirir alimentos en comercios adheridos que dispongan de sistema posnet o pago electr\u00f3nico ligado a Bancor.<\/p>\n\n\n\n<p>Tras el alto inter\u00e9s de participaci\u00f3n por parte de los j\u00f3venes y del sector privado, el Gobierno de C\u00f3rdoba extiende las fechas de inscripciones hasta el 10 de enero y las pr\u00e1cticas laborales comienzan el 3 de febrero.<\/p>\n\n\n\n<p>El <a><\/a>PPP fue relanzado por el gobernador Mart\u00edn Llaryora con el prop\u00f3sito de generar 15.000 oportunidades laborales para j\u00f3venes entre 16 y 25 a\u00f1os, que se encuentren desempleados, que no cuenten con experiencia laboral relevante y que vivan en la provincia de C\u00f3rdoba, con prioridad para la regi\u00f3n del noroeste y departamentos Roque S\u00e1enz Pe\u00f1a y General Roca.<\/p>\n\n\n\n<p>De esta forma, se busca que quienes participen eleven su potencial mediante procesos de capacitaci\u00f3n y entrenamientos en ambientes de trabajo, promoviendo su integraci\u00f3n en el mercado profesional, su desarrollo personal y tambi\u00e9n el crecimiento econ\u00f3mico de la provincia.<\/p>\n\n\n\n<p>Modalidades<\/p>\n\n\n\n<p>Al igual que el programa Empleo +26 que ya se encuentra en marcha, la nueva edici\u00f3n del PPP contempla dos modalidades de participaci\u00f3n para incentivar la generaci\u00f3n de empleo: Relaci\u00f3n de Dependencia (CTI) y Pr\u00e1ctica Laboral.<\/p>\n\n\n\n<p>Para la modalidad Relaci\u00f3n de Dependencia (CTI) ya se realizaron 40 vinculaciones. El ingreso en esta modalidad es directo hasta agotar cupo y la remuneraci\u00f3n ser\u00e1 de acuerdo al convenio colectivo del rubro en el que se desempe\u00f1ar\u00e1 el trabajador.<\/p>\n\n\n\n<p>De esta manera la empresa o empleador recibe un aporte estatal de un salario m\u00ednimo vital y m\u00f3vil (SMVM) por 12 meses. En los departamentos Roque S\u00e1enz Pe\u00f1a y General Roca el aporte es de 1.5 SMVM.<\/p>\n\n\n\n<p>Para la modalidad Pr\u00e1ctica Laboral hay un cupo establecido de 7.500 con sorteo a trav\u00e9s de la Loter\u00eda de C\u00f3rdoba. Contempla 20 horas semanales, por 6 meses, con capacitaciones y una asignaci\u00f3n est\u00edmulo del equivalente a un salario m\u00ednimo, vital y m\u00f3vil (SMVM) cofinanciado con el sector privado. A su vez contar\u00e1n con acceso al Boleto Obrero Social (BOS).<\/p>\n\n\n\n<p>\u00bfC\u00f3mo anotarse?<\/p>\n\n\n\n<p>Si sos postulante o quer\u00e9s participar con tu empresa, se encuentra el paso a paso para inscribirse en&nbsp;<a href=\"https:\/\/l.facebook.com\/l.php?u=https%3A%2F%2Fdesarrolloyempleo.cba.gov.ar%2F%3Ffbclid%3DIwZXh0bgNhZW0CMTAAAR0bXmT2y7PTCj_uAJoyQB5bOcBQ2PhzcfD5r73UtJRJ0R0LBbRMkKmSCNk_aem__FX2U-ArUCfScJ277SMQUA&amp;h=AT3E5hq8VkRBov4GFcWCxznGyWxGFm5Ozye947zYokuZJof7EA64DOndFYl0kKkaOmXTy9wubycfHtkIRSMMOLP3DPZagfjOnsSgbkH95og5ezHgLMi5wgqpYrlJu4ZmGA&amp;__tn__=-UK-R&amp;c[0]=AT2gQNr3FVTnSS-WuQSzxiPoP00VdwlIrcQpN2zEkAP8kGmQp2O6CrnVmd29bHpWOdsYNw3WQGRIbxVm5q4hBAKCZO1I8CC-intGil6_SymtDGq0nIwm5ic_HMszE9PPnQHFfxqHSh_O2Mue4hLB60nTk_wHLDEcjrwxsneoYSTAv09rd0UuiLpOiWfOvPg6-iypVkVe33vsObR6r7XYUxXoT0k\" rel=\"noreferrer noopener\" target=\"_blank\">https:\/\/desarrolloyempleo.cba.gov.ar\/<\/a><\/p>\n\n\n\n<p><a href=\"https:\/\/www.facebook.com\/photo\/?fbid=1131701578961017&amp;set=a.356501556481027&amp;__cft__[0]=AZWilBZEgHbIT_eFBwNNzoOhnxEPSdiJYFr4h0Sn2U9tuIX-Kr8cK39Y2W0HiyGitVv5RIKkhr2Nx5a66CLR5xANYz7nUjKFR4ljv5lMfLeayUbYnemSo27_Xbxa1ydvLEsC9r_cIZ0vv9Q6yMre0bFu4NK0fOKyxOqgSKcjzvKCJ-UwXSU_gp2iaS8Vcaipzfs&amp;__tn__=EH-R\"><\/a><\/p>\n","protected":false},"excerpt":{"rendered":"<p>El Ministerio de Desarrollo Social y Promoci\u00f3n del Empleo informa que el viernes 20 de diciembre se acreditar\u00e1 el monto correspondiente al mes en curso a beneficiarios de la Tarjeta Social.&nbsp; El cronograma dispuesto prev\u00e9 que cobren todos los que perciban el beneficio, tanto de la ciudad de C\u00f3rdoba como del interior provincial.&nbsp; Vale destacar [&hellip;]<\/p>\n","protected":false},"author":1,"featured_media":9080,"comment_status":"closed","ping_status":"closed","sticky":false,"template":"","format":"standard","meta":{"footnotes":""},"categories":[69],"tags":[345],"class_list":["post-9075","post","type-post","status-publish","format-standard","has-post-thumbnail","hentry","category-noticias","tag-destacar"],"_links":{"self":[{"href":"https:\/\/www.nextmultimedio.com\/index.php?rest_route=\/wp\/v2\/posts\/9075","targetHints":{"allow":["GET"]}}],"collection":[{"href":"https:\/\/www.nextmultimedio.com\/index.php?rest_route=\/wp\/v2\/posts"}],"about":[{"href":"https:\/\/www.nextmultimedio.com\/index.php?rest_route=\/wp\/v2\/types\/post"}],"author":[{"embeddable":true,"href":"https:\/\/www.nextmultimedio.com\/index.php?rest_route=\/wp\/v2\/users\/1"}],"replies":[{"embeddable":true,"href":"https:\/\/www.nextmultimedio.com\/index.php?rest_route=%2Fwp%2Fv2%2Fcomments&post=9075"}],"version-history":[{"count":2,"href":"https:\/\/www.nextmultimedio.com\/index.php?rest_route=\/wp\/v2\/posts\/9075\/revisions"}],"predecessor-version":[{"id":9081,"href":"https:\/\/www.nextmultimedio.com\/index.php?rest_route=\/wp\/v2\/posts\/9075\/revisions\/9081"}],"wp:featuredmedia":[{"embeddable":true,"href":"https:\/\/www.nextmultimedio.com\/index.php?rest_route=\/wp\/v2\/media\/9080"}],"wp:attachment":[{"href":"https:\/\/www.nextmultimedio.com\/index.php?rest_route=%2Fwp%2Fv2%2Fmedia&parent=9075"}],"wp:term":[{"taxonomy":"category","embeddable":true,"href":"https:\/\/www.nextmultimedio.com\/index.php?rest_route=%2Fwp%2Fv2%2Fcategories&post=9075"},{"taxonomy":"post_tag","embeddable":true,"href":"https:\/\/www.nextmultimedio.com\/index.php?rest_route=%2Fwp%2Fv2%2Ftags&post=9075"}],"curies":[{"name":"wp","href":"https:\/\/api.w.org\/{rel}","templated":true}]}}