{"id":9043,"date":"2024-12-15T21:36:05","date_gmt":"2024-12-16T00:36:05","guid":{"rendered":"https:\/\/www.nextmultimedio.com\/?p=9043"},"modified":"2024-12-15T21:36:06","modified_gmt":"2024-12-16T00:36:06","slug":"continuan-las-clausuras-de-boliches-y-de-afters-en-este-caso-la-del-clan-moyano","status":"publish","type":"post","link":"https:\/\/www.nextmultimedio.com\/?p=9043","title":{"rendered":"CONTIN\u00daAN LAS CLAUSURAS DE BOLICHES Y DE AFTERS, EN \u00c9STE CASO LA DEL CLAN MOYANO"},"content":{"rendered":"\n<figure class=\"wp-block-image size-large\"><img loading=\"lazy\" decoding=\"async\" width=\"1024\" height=\"1024\" src=\"https:\/\/www.nextmultimedio.com\/wp-content\/uploads\/2024\/12\/470213636_1130164795781362_804888379906897846_n-1024x1024.jpg\" alt=\"\" class=\"wp-image-9044\" srcset=\"https:\/\/www.nextmultimedio.com\/wp-content\/uploads\/2024\/12\/470213636_1130164795781362_804888379906897846_n-1024x1024.jpg 1024w, https:\/\/www.nextmultimedio.com\/wp-content\/uploads\/2024\/12\/470213636_1130164795781362_804888379906897846_n-300x300.jpg 300w, https:\/\/www.nextmultimedio.com\/wp-content\/uploads\/2024\/12\/470213636_1130164795781362_804888379906897846_n-768x768.jpg 768w, https:\/\/www.nextmultimedio.com\/wp-content\/uploads\/2024\/12\/470213636_1130164795781362_804888379906897846_n.jpg 1440w\" sizes=\"auto, (max-width: 1024px) 100vw, 1024px\" \/><\/figure>\n\n\n\n<p>El ministro de Seguridad, Juan Pablo Quinteros, encabez\u00f3 dos allanamientos, dirigidos por la direcci\u00f3n general de Investigaciones Criminales de la Polic\u00eda de C\u00f3rdoba, en dos <a><\/a>reconocidos locales bailables de la ciudad de C\u00f3rdoba que realizaban &#8220;afters&#8221; en la madrugada de este domingo, y los cuales operaban sin habilitaci\u00f3n alguna, en condiciones infraestructurales sumamente precarias y con la presencia de menores de edad.<\/p>\n\n\n\n<p>Los allanamientos se realizaron a partir de la investigacion pertinente y con la intervenci\u00f3n de la Fiscal\u00eda 1 turno 2, a cargo del dr. Guillermo Gonzalez.<\/p>\n\n\n\n<p>Se trata de los locales *&#8221;Delirios&#8221;*, ubicado en calle Alem al 461, y *&#8221;Club Ibiza&#8221;*, situado en calle Sucre al 173. Ambos locales son propiedad del clan Moyano, hist\u00f3ricos regentes de la noche clandestina en C\u00f3rdoba.<\/p>\n\n\n\n<p>Al momento de ingresar al local &#8220;Delirios&#8221;, se constat\u00f3 que en el lugar se encontraba trabajando una menor de edad (17 a\u00f1os). Adem\u00e1s, entre los asistentes, se detect\u00f3 la presencia de otras 5 mujeres menores de edad (14, 15, 15, 16 y 17 a\u00f1os, respectivamente).<\/p>\n\n\n\n<p>Adem\u00e1s, en este local se aprehendi\u00f3 a una persona mayor de edad, quien se identific\u00f3 falsamente como agente policial, entorpeciendo el procedimiento y resisti\u00e9ndose a la autoridad.<\/p>\n\n\n\n<p>En el allanamiento realizado en &#8220;Club Ibiza&#8221; se detect\u00f3 la presencia de una mujer mayor de edad que registraba pedido de captura por robo calificado, por lo cual tambi\u00e9n fue aprehendida. Entre los dos allanamientos se secuestraron 29 tel\u00e9fonos celulares, tres DVR de c\u00e1maras de seguridad, tres cajas fuertes, dos cajas registradoras, posnets, y documentaci\u00f3n.<\/p>\n\n\n\n<p>Por otro lado, en el marco de los procedimientos se di\u00f3 intervenci\u00f3n a la direcci\u00f3n Bomberos de la fuerza policial, quienes relevaron las precarias condiciones en la que se encontraban los espacios, adem\u00e1s uno de los salones ten\u00eda conexi\u00f3n clandestinas de luz.<\/p>\n\n\n\n<p><a href=\"https:\/\/www.facebook.com\/photo\/?fbid=1130164782448030&amp;set=pcb.1130164822448026&amp;__cft__[0]=AZVSpwVrrET__aMHbBxtA1w275lzBjRGdujg0nLjJD8-sDKsH38-nGPxhIQlCBQdQwbNVUTpENoLm4OJTfoJ9yibxOC4KROPGiJqklyErUkHLaVRZBEwdvKKO7FTerbYXMjvna9K3EFIPZxJrXo6aQEyWkAgCMN5R-oOX7EgJ4xqYHBpBpW_2Gm5pRkEvhwiwlQ&amp;__tn__=*bH-R\"><\/a><\/p>\n\n\n\n<figure class=\"wp-block-image\"><a href=\"https:\/\/www.facebook.com\/photo\/?fbid=1130164782448030&amp;set=pcb.1130164822448026&amp;__cft__[0]=AZVSpwVrrET__aMHbBxtA1w275lzBjRGdujg0nLjJD8-sDKsH38-nGPxhIQlCBQdQwbNVUTpENoLm4OJTfoJ9yibxOC4KROPGiJqklyErUkHLaVRZBEwdvKKO7FTerbYXMjvna9K3EFIPZxJrXo6aQEyWkAgCMN5R-oOX7EgJ4xqYHBpBpW_2Gm5pRkEvhwiwlQ&amp;__tn__=*bH-R\"><img decoding=\"async\" src=\"https:\/\/scontent.fcor10-3.fna.fbcdn.net\/v\/t39.30808-6\/470239665_1130164792448029_4551455876983097217_n.jpg?stp=dst-jpg_s600x600_tt6&amp;_nc_cat=102&amp;ccb=1-7&amp;_nc_sid=127cfc&amp;_nc_eui2=AeEO7k1vhJkoTy1VK_h8THHdktxMkkJO0CuS3EySQk7QK89SmlblKSvLQydMbh24pXg&amp;_nc_ohc=BXn3_2LKPHcQ7kNvgFQ3iKa&amp;_nc_zt=23&amp;_nc_ht=scontent.fcor10-3.fna&amp;_nc_gid=Ayd22vuxkPQgN7AcOLI_sPw&amp;oh=00_AYCPsjmFYvVP7S-Ep2NMdi8Ubf-QR7rFFrKUz_jUuoP5zQ&amp;oe=67655939\" alt=\"\"\/><\/a><\/figure>\n\n\n\n<p><a href=\"https:\/\/www.facebook.com\/photo\/?fbid=1130164775781364&amp;set=pcb.1130164822448026&amp;__cft__[0]=AZVSpwVrrET__aMHbBxtA1w275lzBjRGdujg0nLjJD8-sDKsH38-nGPxhIQlCBQdQwbNVUTpENoLm4OJTfoJ9yibxOC4KROPGiJqklyErUkHLaVRZBEwdvKKO7FTerbYXMjvna9K3EFIPZxJrXo6aQEyWkAgCMN5R-oOX7EgJ4xqYHBpBpW_2Gm5pRkEvhwiwlQ&amp;__tn__=*bH-R\"><\/a><\/p>\n\n\n\n<figure class=\"wp-block-image\"><a href=\"https:\/\/www.facebook.com\/photo\/?fbid=1130164775781364&amp;set=pcb.1130164822448026&amp;__cft__[0]=AZVSpwVrrET__aMHbBxtA1w275lzBjRGdujg0nLjJD8-sDKsH38-nGPxhIQlCBQdQwbNVUTpENoLm4OJTfoJ9yibxOC4KROPGiJqklyErUkHLaVRZBEwdvKKO7FTerbYXMjvna9K3EFIPZxJrXo6aQEyWkAgCMN5R-oOX7EgJ4xqYHBpBpW_2Gm5pRkEvhwiwlQ&amp;__tn__=*bH-R\"><img decoding=\"async\" src=\"https:\/\/scontent.fcor10-3.fna.fbcdn.net\/v\/t39.30808-6\/470213636_1130164795781362_804888379906897846_n.jpg?stp=dst-jpg_s600x600_tt6&amp;_nc_cat=108&amp;ccb=1-7&amp;_nc_sid=127cfc&amp;_nc_eui2=AeFrawMQYfLcHwCqfNXilSSyIGKEyZaBhPcgYoTJloGE99H88G9D4CgYkKiU64cDDm8&amp;_nc_ohc=TBVLIADjsiAQ7kNvgH6RrDQ&amp;_nc_zt=23&amp;_nc_ht=scontent.fcor10-3.fna&amp;_nc_gid=Ayd22vuxkPQgN7AcOLI_sPw&amp;oh=00_AYCQyHY6VMJV07-ZZWpn3CF_ZC2wOqgUr1GhdQcSGSjyNw&amp;oe=67655598\" alt=\"\"\/><\/a><\/figure>\n","protected":false},"excerpt":{"rendered":"<p>El ministro de Seguridad, Juan Pablo Quinteros, encabez\u00f3 dos allanamientos, dirigidos por la direcci\u00f3n general de Investigaciones Criminales de la Polic\u00eda de C\u00f3rdoba, en dos reconocidos locales bailables de la ciudad de C\u00f3rdoba que realizaban &#8220;afters&#8221; en la madrugada de este domingo, y los cuales operaban sin habilitaci\u00f3n alguna, en condiciones infraestructurales sumamente precarias y [&hellip;]<\/p>\n","protected":false},"author":1,"featured_media":9044,"comment_status":"closed","ping_status":"closed","sticky":false,"template":"","format":"standard","meta":{"footnotes":""},"categories":[69],"tags":[345],"class_list":["post-9043","post","type-post","status-publish","format-standard","has-post-thumbnail","hentry","category-noticias","tag-destacar"],"_links":{"self":[{"href":"https:\/\/www.nextmultimedio.com\/index.php?rest_route=\/wp\/v2\/posts\/9043","targetHints":{"allow":["GET"]}}],"collection":[{"href":"https:\/\/www.nextmultimedio.com\/index.php?rest_route=\/wp\/v2\/posts"}],"about":[{"href":"https:\/\/www.nextmultimedio.com\/index.php?rest_route=\/wp\/v2\/types\/post"}],"author":[{"embeddable":true,"href":"https:\/\/www.nextmultimedio.com\/index.php?rest_route=\/wp\/v2\/users\/1"}],"replies":[{"embeddable":true,"href":"https:\/\/www.nextmultimedio.com\/index.php?rest_route=%2Fwp%2Fv2%2Fcomments&post=9043"}],"version-history":[{"count":1,"href":"https:\/\/www.nextmultimedio.com\/index.php?rest_route=\/wp\/v2\/posts\/9043\/revisions"}],"predecessor-version":[{"id":9045,"href":"https:\/\/www.nextmultimedio.com\/index.php?rest_route=\/wp\/v2\/posts\/9043\/revisions\/9045"}],"wp:featuredmedia":[{"embeddable":true,"href":"https:\/\/www.nextmultimedio.com\/index.php?rest_route=\/wp\/v2\/media\/9044"}],"wp:attachment":[{"href":"https:\/\/www.nextmultimedio.com\/index.php?rest_route=%2Fwp%2Fv2%2Fmedia&parent=9043"}],"wp:term":[{"taxonomy":"category","embeddable":true,"href":"https:\/\/www.nextmultimedio.com\/index.php?rest_route=%2Fwp%2Fv2%2Fcategories&post=9043"},{"taxonomy":"post_tag","embeddable":true,"href":"https:\/\/www.nextmultimedio.com\/index.php?rest_route=%2Fwp%2Fv2%2Ftags&post=9043"}],"curies":[{"name":"wp","href":"https:\/\/api.w.org\/{rel}","templated":true}]}}