{"id":8977,"date":"2024-12-07T21:32:51","date_gmt":"2024-12-08T00:32:51","guid":{"rendered":"https:\/\/www.nextmultimedio.com\/?p=8977"},"modified":"2024-12-07T21:32:52","modified_gmt":"2024-12-08T00:32:52","slug":"se-suman-mas-efectivos-a-las-fuerzas-policiales-de-cordoba","status":"publish","type":"post","link":"https:\/\/www.nextmultimedio.com\/?p=8977","title":{"rendered":"SE SUMAN M\u00c1S EFECTIVOS A LAS FUERZAS POLICIALES DE C\u00d3RDOBA"},"content":{"rendered":"\n<figure class=\"wp-block-image size-large\"><img loading=\"lazy\" decoding=\"async\" width=\"1024\" height=\"1024\" src=\"https:\/\/www.nextmultimedio.com\/wp-content\/uploads\/2024\/12\/469716197_1124162509714924_8008022373246929176_n-1024x1024.jpg\" alt=\"\" class=\"wp-image-8978\" srcset=\"https:\/\/www.nextmultimedio.com\/wp-content\/uploads\/2024\/12\/469716197_1124162509714924_8008022373246929176_n-1024x1024.jpg 1024w, https:\/\/www.nextmultimedio.com\/wp-content\/uploads\/2024\/12\/469716197_1124162509714924_8008022373246929176_n-300x300.jpg 300w, https:\/\/www.nextmultimedio.com\/wp-content\/uploads\/2024\/12\/469716197_1124162509714924_8008022373246929176_n-768x769.jpg 768w, https:\/\/www.nextmultimedio.com\/wp-content\/uploads\/2024\/12\/469716197_1124162509714924_8008022373246929176_n.jpg 1079w\" sizes=\"auto, (max-width: 1024px) 100vw, 1024px\" \/><\/figure>\n\n\n\n<p>Ayer viernes egresaron 159 oficiales de la promoci\u00f3n 71 de la Escuela de Oficiales de Polic\u00eda \u201cLibertador General Don Jos\u00e9 de San Mart\u00edn&#8221;.<\/p>\n\n\n\n<p>De <a><\/a>esta manera, 159 hombres y mujeres culminaron la primera etapa de su formaci\u00f3n, con t\u00edtulo de t\u00e9cnico superior en Seguridad P\u00fablica. Los nuevos efectivos que incorpora la fuerza policial ser\u00e1n destinados a Capital e Interior.<\/p>\n\n\n\n<p>Dichos efectivos se suman a los 720 suboficiales egresados el pasado martes 3 de diciembre.<\/p>\n\n\n\n<p>Encabezaron el acto en la Escuela de Oficiales el ministro de Seguridad, Juan Pablo Quinteros y el Jefe de Polic\u00eda, Crio. Gral. Lic. Leonardo Guti\u00e9rrez, acompa\u00f1ados de los subjefes, Crio. Gral. Marcelo Mar\u00edn, Crio. Gral. ClaudiaSalgado, el director general de Recursos Humanos, Crio. Gral. Roberto Orentani, el director de la Escuela de Oficiales, Crio. Daniel Segura, y dem\u00e1s miembros del Estado Mayor Policial.<\/p>\n\n\n\n<p><a href=\"https:\/\/www.facebook.com\/photo\/?fbid=1124162493048259&amp;set=pcb.1124162556381586&amp;__cft__[0]=AZW3bbyqkm11d6OaBHbQOCttx-z_xzzUK9MNpJ4DDgZ_Tg4iTTwYvqvXgWI-JdESAMlA5pt0YadyEOKsMukY_5I4brbuqm9UbwcOLAPbRGIPbBUGCSe5-V5zz0P_qSf5nJ7yPSMqYLsVepLuPb_CbBkvudVnySiwEG5C25hQ9RCtfPZ6jtDOdZhNKvAj6xMv6Wg&amp;__tn__=*bH-R\"><\/a><\/p>\n\n\n\n<figure class=\"wp-block-image\"><a href=\"https:\/\/www.facebook.com\/photo\/?fbid=1124162493048259&amp;set=pcb.1124162556381586&amp;__cft__[0]=AZW3bbyqkm11d6OaBHbQOCttx-z_xzzUK9MNpJ4DDgZ_Tg4iTTwYvqvXgWI-JdESAMlA5pt0YadyEOKsMukY_5I4brbuqm9UbwcOLAPbRGIPbBUGCSe5-V5zz0P_qSf5nJ7yPSMqYLsVepLuPb_CbBkvudVnySiwEG5C25hQ9RCtfPZ6jtDOdZhNKvAj6xMv6Wg&amp;__tn__=*bH-R\"><img decoding=\"async\" src=\"https:\/\/scontent.fcor10-4.fna.fbcdn.net\/v\/t39.30808-6\/469602133_1124162516381590_1577173592024628523_n.jpg?stp=dst-jpg_s600x600_tt6&amp;_nc_cat=111&amp;ccb=1-7&amp;_nc_sid=127cfc&amp;_nc_eui2=AeG9VSmlWNhO9uRjcSc0UZXNpmfPAXrtGD6mZ88Beu0YPnJb7G99mKB8OMn1jDotqRk&amp;_nc_ohc=kgbC79bQgfMQ7kNvgGc1gEe&amp;_nc_zt=23&amp;_nc_ht=scontent.fcor10-4.fna&amp;_nc_gid=AehJtiam8AQDhqklJHwPhuD&amp;oh=00_AYDawc6wL7AcUorgs0gL9Y3Lil40myyLMHQ-mlP6DeY9Dg&amp;oe=675AAD03\" alt=\"\"\/><\/a><\/figure>\n\n\n\n<p><a href=\"https:\/\/www.facebook.com\/photo\/?fbid=1124162506381591&amp;set=pcb.1124162556381586&amp;__cft__[0]=AZW3bbyqkm11d6OaBHbQOCttx-z_xzzUK9MNpJ4DDgZ_Tg4iTTwYvqvXgWI-JdESAMlA5pt0YadyEOKsMukY_5I4brbuqm9UbwcOLAPbRGIPbBUGCSe5-V5zz0P_qSf5nJ7yPSMqYLsVepLuPb_CbBkvudVnySiwEG5C25hQ9RCtfPZ6jtDOdZhNKvAj6xMv6Wg&amp;__tn__=*bH-R\"><\/a><\/p>\n\n\n\n<figure class=\"wp-block-image\"><a href=\"https:\/\/www.facebook.com\/photo\/?fbid=1124162506381591&amp;set=pcb.1124162556381586&amp;__cft__[0]=AZW3bbyqkm11d6OaBHbQOCttx-z_xzzUK9MNpJ4DDgZ_Tg4iTTwYvqvXgWI-JdESAMlA5pt0YadyEOKsMukY_5I4brbuqm9UbwcOLAPbRGIPbBUGCSe5-V5zz0P_qSf5nJ7yPSMqYLsVepLuPb_CbBkvudVnySiwEG5C25hQ9RCtfPZ6jtDOdZhNKvAj6xMv6Wg&amp;__tn__=*bH-R\"><img decoding=\"async\" src=\"https:\/\/scontent.fcor10-3.fna.fbcdn.net\/v\/t39.30808-6\/469716197_1124162509714924_8008022373246929176_n.jpg?stp=dst-jpg_s600x600_tt6&amp;_nc_cat=102&amp;ccb=1-7&amp;_nc_sid=127cfc&amp;_nc_eui2=AeH95Y5traRfFDJg3gaBMxeEpItVJcBVHgWki1UlwFUeBW52SWFB7joHnP4AWlMrmkw&amp;_nc_ohc=cL2iYkRbKncQ7kNvgFxkbtK&amp;_nc_zt=23&amp;_nc_ht=scontent.fcor10-3.fna&amp;_nc_gid=AehJtiam8AQDhqklJHwPhuD&amp;oh=00_AYCy7zQH26GS8X5HQeZbELWgQtmBcoPQi2QRYnB9IMpBTA&amp;oe=675AACA3\" alt=\"\"\/><\/a><\/figure>\n\n\n\n<p><a href=\"https:\/\/www.facebook.com\/photo\/?fbid=1124162486381593&amp;set=pcb.1124162556381586&amp;__cft__[0]=AZW3bbyqkm11d6OaBHbQOCttx-z_xzzUK9MNpJ4DDgZ_Tg4iTTwYvqvXgWI-JdESAMlA5pt0YadyEOKsMukY_5I4brbuqm9UbwcOLAPbRGIPbBUGCSe5-V5zz0P_qSf5nJ7yPSMqYLsVepLuPb_CbBkvudVnySiwEG5C25hQ9RCtfPZ6jtDOdZhNKvAj6xMv6Wg&amp;__tn__=*bH-R\"><\/a><\/p>\n\n\n\n<figure class=\"wp-block-image\"><a href=\"https:\/\/www.facebook.com\/photo\/?fbid=1124162486381593&amp;set=pcb.1124162556381586&amp;__cft__[0]=AZW3bbyqkm11d6OaBHbQOCttx-z_xzzUK9MNpJ4DDgZ_Tg4iTTwYvqvXgWI-JdESAMlA5pt0YadyEOKsMukY_5I4brbuqm9UbwcOLAPbRGIPbBUGCSe5-V5zz0P_qSf5nJ7yPSMqYLsVepLuPb_CbBkvudVnySiwEG5C25hQ9RCtfPZ6jtDOdZhNKvAj6xMv6Wg&amp;__tn__=*bH-R\"><img decoding=\"async\" src=\"https:\/\/scontent.fcor10-3.fna.fbcdn.net\/v\/t39.30808-6\/469588540_1124162519714923_8854036766066034901_n.jpg?stp=dst-jpg_s600x600_tt6&amp;_nc_cat=105&amp;ccb=1-7&amp;_nc_sid=127cfc&amp;_nc_eui2=AeEy2IGJCOBkfDvUce0iS9FJiyESVRr1y6SLIRJVGvXLpHY3c3LHwTbdm7YuAmHKc8Q&amp;_nc_ohc=yBGihF5b2ZgQ7kNvgEfynZU&amp;_nc_zt=23&amp;_nc_ht=scontent.fcor10-3.fna&amp;_nc_gid=AehJtiam8AQDhqklJHwPhuD&amp;oh=00_AYAaJKprdDCWdeQsUyEm1ZHL8Qpzx1KfKxDIKFY-0x9pNg&amp;oe=675AA3DB\" alt=\"\"\/><\/a><\/figure>\n\n\n\n<p><a href=\"https:\/\/www.facebook.com\/photo\/?fbid=1124162499714925&amp;set=pcb.1124162556381586&amp;__cft__[0]=AZW3bbyqkm11d6OaBHbQOCttx-z_xzzUK9MNpJ4DDgZ_Tg4iTTwYvqvXgWI-JdESAMlA5pt0YadyEOKsMukY_5I4brbuqm9UbwcOLAPbRGIPbBUGCSe5-V5zz0P_qSf5nJ7yPSMqYLsVepLuPb_CbBkvudVnySiwEG5C25hQ9RCtfPZ6jtDOdZhNKvAj6xMv6Wg&amp;__tn__=*bH-R\"><\/a><\/p>\n\n\n\n<figure class=\"wp-block-image\"><a href=\"https:\/\/www.facebook.com\/photo\/?fbid=1124162499714925&amp;set=pcb.1124162556381586&amp;__cft__[0]=AZW3bbyqkm11d6OaBHbQOCttx-z_xzzUK9MNpJ4DDgZ_Tg4iTTwYvqvXgWI-JdESAMlA5pt0YadyEOKsMukY_5I4brbuqm9UbwcOLAPbRGIPbBUGCSe5-V5zz0P_qSf5nJ7yPSMqYLsVepLuPb_CbBkvudVnySiwEG5C25hQ9RCtfPZ6jtDOdZhNKvAj6xMv6Wg&amp;__tn__=*bH-R\"><img decoding=\"async\" src=\"https:\/\/scontent.fcor10-3.fna.fbcdn.net\/v\/t39.30808-6\/469649378_1124162513048257_5063358734332335701_n.jpg?stp=dst-jpg_s600x600_tt6&amp;_nc_cat=105&amp;ccb=1-7&amp;_nc_sid=127cfc&amp;_nc_eui2=AeFGtlzIO4mM_uaGxJLaqgfQkm8EB8fnOw6SbwQHx-c7Di95JlHIdg2oemwdicnear0&amp;_nc_ohc=sqrxUSP2o3YQ7kNvgG43fR0&amp;_nc_zt=23&amp;_nc_ht=scontent.fcor10-3.fna&amp;_nc_gid=AehJtiam8AQDhqklJHwPhuD&amp;oh=00_AYBCbCO1f6JKUdog4rWIqWK9GMrOwRkM01yW4GkcUshk2A&amp;oe=675AD124\" alt=\"\"\/><\/a><\/figure>\n","protected":false},"excerpt":{"rendered":"<p>Ayer viernes egresaron 159 oficiales de la promoci\u00f3n 71 de la Escuela de Oficiales de Polic\u00eda \u201cLibertador General Don Jos\u00e9 de San Mart\u00edn&#8221;. De esta manera, 159 hombres y mujeres culminaron la primera etapa de su formaci\u00f3n, con t\u00edtulo de t\u00e9cnico superior en Seguridad P\u00fablica. Los nuevos efectivos que incorpora la fuerza policial ser\u00e1n destinados [&hellip;]<\/p>\n","protected":false},"author":1,"featured_media":8978,"comment_status":"closed","ping_status":"closed","sticky":false,"template":"","format":"standard","meta":{"footnotes":""},"categories":[69],"tags":[345],"class_list":["post-8977","post","type-post","status-publish","format-standard","has-post-thumbnail","hentry","category-noticias","tag-destacar"],"_links":{"self":[{"href":"https:\/\/www.nextmultimedio.com\/index.php?rest_route=\/wp\/v2\/posts\/8977","targetHints":{"allow":["GET"]}}],"collection":[{"href":"https:\/\/www.nextmultimedio.com\/index.php?rest_route=\/wp\/v2\/posts"}],"about":[{"href":"https:\/\/www.nextmultimedio.com\/index.php?rest_route=\/wp\/v2\/types\/post"}],"author":[{"embeddable":true,"href":"https:\/\/www.nextmultimedio.com\/index.php?rest_route=\/wp\/v2\/users\/1"}],"replies":[{"embeddable":true,"href":"https:\/\/www.nextmultimedio.com\/index.php?rest_route=%2Fwp%2Fv2%2Fcomments&post=8977"}],"version-history":[{"count":1,"href":"https:\/\/www.nextmultimedio.com\/index.php?rest_route=\/wp\/v2\/posts\/8977\/revisions"}],"predecessor-version":[{"id":8979,"href":"https:\/\/www.nextmultimedio.com\/index.php?rest_route=\/wp\/v2\/posts\/8977\/revisions\/8979"}],"wp:featuredmedia":[{"embeddable":true,"href":"https:\/\/www.nextmultimedio.com\/index.php?rest_route=\/wp\/v2\/media\/8978"}],"wp:attachment":[{"href":"https:\/\/www.nextmultimedio.com\/index.php?rest_route=%2Fwp%2Fv2%2Fmedia&parent=8977"}],"wp:term":[{"taxonomy":"category","embeddable":true,"href":"https:\/\/www.nextmultimedio.com\/index.php?rest_route=%2Fwp%2Fv2%2Fcategories&post=8977"},{"taxonomy":"post_tag","embeddable":true,"href":"https:\/\/www.nextmultimedio.com\/index.php?rest_route=%2Fwp%2Fv2%2Ftags&post=8977"}],"curies":[{"name":"wp","href":"https:\/\/api.w.org\/{rel}","templated":true}]}}