{"id":8974,"date":"2024-12-07T21:30:24","date_gmt":"2024-12-08T00:30:24","guid":{"rendered":"https:\/\/www.nextmultimedio.com\/?p=8974"},"modified":"2024-12-07T21:30:25","modified_gmt":"2024-12-08T00:30:25","slug":"el-pirata-barba-negra-zarpa-rumbo-al-holiday","status":"publish","type":"post","link":"https:\/\/www.nextmultimedio.com\/?p=8974","title":{"rendered":"&#8220;EL PIRATA BARBA NEGRA&#8221; ZARPA RUMBO AL HOLIDAY"},"content":{"rendered":"<div class=\"wp-block-image\">\n<figure class=\"aligncenter size-full\"><img loading=\"lazy\" decoding=\"async\" width=\"526\" height=\"526\" src=\"https:\/\/www.nextmultimedio.com\/wp-content\/uploads\/2024\/12\/469649330_1124166659714509_3339848414736775081_n.jpg\" alt=\"\" class=\"wp-image-8975\" srcset=\"https:\/\/www.nextmultimedio.com\/wp-content\/uploads\/2024\/12\/469649330_1124166659714509_3339848414736775081_n.jpg 526w, https:\/\/www.nextmultimedio.com\/wp-content\/uploads\/2024\/12\/469649330_1124166659714509_3339848414736775081_n-300x300.jpg 300w\" sizes=\"auto, (max-width: 526px) 100vw, 526px\" \/><\/figure>\n<\/div>\n\n\n<p>LA C\u00c1MARA DE TURISMO INVITA A DISFRUTAR DE MANERA GRATUITA LA AVANT PREMIERE DE ESTE SHOW INFANTIL<\/p>\n\n\n\n<p><a><\/a>Preparate para una aventura llena de risas, emoci\u00f3n y fantas\u00eda. Este 15 de diciembre, <a href=\"https:\/\/l.facebook.com\/l.php?u=https%3A%2F%2Fwww.instagram.com%2F_u%2Fdavidgardiol%3Ffbclid%3DIwZXh0bgNhZW0CMTAAAR2h66SEbLXWL4irBh3ciOnN15DxmeeaTDbGivwAbJ937oAmcxqpu31v20k_aem_vKqoWWaTA_WpZQyNMRV2HQ&amp;h=AT3vB6tww_o7Qb9l1nY6q9TL3vTwnl3x38jONTRZgeqJUGHBuynmwpE1mYZhIMcd8mLj7zNb1gxivJHPQdpUFRMExSZ3I69LiQfIDtaTlKvTciMRRYtVD5R2ht7RNyUlUQ&amp;__tn__=-UK-R&amp;c[0]=AT2AhqADrFYZPyQcgatTzPd6RmBDv6leQZnWjOLTCAT8dCLuHmenTF3kDolxsfNthNH5ZHTa45hgv16NshWMia7F7HuwHkDX06D9JqmpHJ7TwLKJxKVHhgp8fK_N9ia0EAMz69r4jYOQ3YG3UC07egyYz2y4c_zdWPaCG8w0F8fUeMNBUxNsnd0UThFw6x4lTafgIxDGcL0MooZ1B1RBrjtSIGY\" rel=\"noreferrer noopener\" target=\"_blank\">@davidgardiol<\/a> presenta su espectacular show de t\u00edteres que encantar\u00e1 a grandes y chicos por igual<\/p>\n\n\n\n<p>Sumergite en las emocionantes historias del Pirata Barba Negra y viv\u00ed momentos inolvidables junto a tu familia<\/p>\n\n\n\n<p><img loading=\"lazy\" decoding=\"async\" height=\"16\" width=\"16\" alt=\"????\" src=\"https:\/\/static.xx.fbcdn.net\/images\/emoji.php\/v9\/tae\/1\/16\/1f3ad.png\"> Detalles del evento:<\/p>\n\n\n\n<p><img loading=\"lazy\" decoding=\"async\" height=\"16\" width=\"16\" alt=\"????\" src=\"https:\/\/static.xx.fbcdn.net\/images\/emoji.php\/v9\/t7e\/1\/16\/1f4c5.png\"> Fecha: Domingo 15 de diciembre<\/p>\n\n\n\n<p><img loading=\"lazy\" decoding=\"async\" height=\"16\" width=\"16\" alt=\"????\" src=\"https:\/\/static.xx.fbcdn.net\/images\/emoji.php\/v9\/t2d\/1\/16\/1f4cd.png\"> Lugar: Sala 4, Teatro Holiday (9 de julio 53, Villa Carlos Paz)<\/p>\n\n\n\n<p><img loading=\"lazy\" decoding=\"async\" height=\"16\" width=\"16\" alt=\"????\" src=\"https:\/\/static.xx.fbcdn.net\/images\/emoji.php\/v9\/taa\/1\/16\/1f552.png\"> Horario: 19:30 h<\/p>\n\n\n\n<p>\u00a1Inscribite en el siguiente link! <a href=\"https:\/\/l.facebook.com\/l.php?u=https%3A%2F%2Fdocs.google.com%2Fforms%2Fd%2Fe%2F1FAIpQLSdFpfvqceDRNRBgdE0DZMwlB9LSh42-Vn3B6yQT5cWAtrzLQg%2Fviewform%3Ffbclid%3DIwZXh0bgNhZW0CMTAAAR2TYUz0yllTVfzHnNq4n0hi9AVsiWu-Dy9egX-jArzBcyCdr5zRnojK3Hk_aem_e698d0chFq87GBX_VVbDEQ&amp;h=AT1tgMKzZU1Fcp3lRf4x14wHeETgxzS1_wBFMTS11ovNlgI3dbAxUvfzaR9tR5uQvyHNFyw5XpSMZsMPmCv3bkBfg6GWFtHRSZQWpFfV3Mli40NxFZ4A3AWLOVvW2LtSpQ&amp;__tn__=-UK-R&amp;c[0]=AT2AhqADrFYZPyQcgatTzPd6RmBDv6leQZnWjOLTCAT8dCLuHmenTF3kDolxsfNthNH5ZHTa45hgv16NshWMia7F7HuwHkDX06D9JqmpHJ7TwLKJxKVHhgp8fK_N9ia0EAMz69r4jYOQ3YG3UC07egyYz2y4c_zdWPaCG8w0F8fUeMNBUxNsnd0UThFw6x4lTafgIxDGcL0MooZ1B1RBrjtSIGY\" rel=\"noreferrer noopener\" target=\"_blank\">https:\/\/docs.google.com\/&#8230;\/1FAIpQLSdFpfvqceDRNR&#8230;\/viewform<\/a><\/p>\n\n\n\n<p><a href=\"https:\/\/www.instagram.com\/_u\/camaradeturismocarlospaz?fbclid=IwZXh0bgNhZW0CMTAAAR2h66SEbLXWL4irBh3ciOnN15DxmeeaTDbGivwAbJ937oAmcxqpu31v20k_aem_vKqoWWaTA_WpZQyNMRV2HQ\" rel=\"noreferrer noopener\" target=\"_blank\">@camaradeturismocarlospaz<\/a><\/p>\n\n\n\n<p><a href=\"https:\/\/l.facebook.com\/l.php?u=https%3A%2F%2Fwww.instagram.com%2F_u%2Feboccaeuropa2018%3Ffbclid%3DIwZXh0bgNhZW0CMTAAAR3NwsjKhbQw2VLJ8g3AhO9W-TJXmSJ5Au9HmlpLNrYSS64HgmjggK9b-3w_aem_aqe9PYUFUZWDMh4FRWUogA&amp;h=AT3_e6qBLAqQZ8Ycw-Cdsb-0Am7Se3vkt0EOLstOyLyXS7w65CAaxgzMdoT3LSVZLb5XghnY96F7Wrsfhh_dSaN6UMJA2EGk94I6p5vVycnWaowmOFM9ZNn3LJkaA-RqUw&amp;__tn__=-UK-R&amp;c[0]=AT2AhqADrFYZPyQcgatTzPd6RmBDv6leQZnWjOLTCAT8dCLuHmenTF3kDolxsfNthNH5ZHTa45hgv16NshWMia7F7HuwHkDX06D9JqmpHJ7TwLKJxKVHhgp8fK_N9ia0EAMz69r4jYOQ3YG3UC07egyYz2y4c_zdWPaCG8w0F8fUeMNBUxNsnd0UThFw6x4lTafgIxDGcL0MooZ1B1RBrjtSIGY\" rel=\"noreferrer noopener\" target=\"_blank\">@eboccaeuropa2018<\/a><\/p>\n\n\n\n<p><a href=\"https:\/\/www.facebook.com\/photo\/?fbid=1124166656381176&amp;set=a.356501556481027&amp;__cft__[0]=AZU9wL45-kUB6kvOiiiEAbT_905VmafNQrbaSwGW_2pjh8C6zHUl4r6Mrcxf-DgIufBX8lTORIQPJjTWKMCMVVW3ba748e2_Ec_olWWlX3TUxWkhQ13aHkCRy5YpGsjhnoTBjMsW3fMF7EB6U53TMF-udJV-0VGXDdK-kwmMb5BpuUH1Z4HR7HB4mcNoztR0kHQ&amp;__tn__=EH-R\"><\/a><\/p>\n\n\n\n<figure class=\"wp-block-image\"><a href=\"https:\/\/www.facebook.com\/photo\/?fbid=1124166656381176&amp;set=a.356501556481027&amp;__cft__[0]=AZU9wL45-kUB6kvOiiiEAbT_905VmafNQrbaSwGW_2pjh8C6zHUl4r6Mrcxf-DgIufBX8lTORIQPJjTWKMCMVVW3ba748e2_Ec_olWWlX3TUxWkhQ13aHkCRy5YpGsjhnoTBjMsW3fMF7EB6U53TMF-udJV-0VGXDdK-kwmMb5BpuUH1Z4HR7HB4mcNoztR0kHQ&amp;__tn__=EH-R\"><img decoding=\"async\" src=\"https:\/\/scontent.fcor10-3.fna.fbcdn.net\/v\/t39.30808-6\/469649330_1124166659714509_3339848414736775081_n.jpg?stp=dst-jpg_p526x296_tt6&amp;_nc_cat=101&amp;ccb=1-7&amp;_nc_sid=127cfc&amp;_nc_eui2=AeGJm-E6kqRp2nBi0SXp9rP8SBWhB4oyq4JIFaEHijKrgqxwfxdPL7gdpoP0ySQngHI&amp;_nc_ohc=Y_eP0ZPIxNoQ7kNvgH_0E19&amp;_nc_zt=23&amp;_nc_ht=scontent.fcor10-3.fna&amp;_nc_gid=AAgklKu5wtWRaywXEH0P2TL&amp;oh=00_AYCL6tKyPz9PL8Z-yohGCGPoSKZU3f5fMv8jHMrd_APalg&amp;oe=675AA0DC\" alt=\"Puede ser una imagen de 2 personas y texto que dice &quot;AVANT PREMIERE \u0395\u03b9 Pirata Barba Negra SHOW INFANTIL 15 de diciembre 19:30 h Sala 4 Teatro Holiday 9 de julio 53, Villa Carlos Paz CAMARADE TURISMO VILLA CARLOS PARDO NNCOINE DAVID GARDIOL TRaTRO 0 TITEROS TORTROO TEATROS Holiday&quot;\"\/><\/a><\/figure>\n","protected":false},"excerpt":{"rendered":"<p>LA C\u00c1MARA DE TURISMO INVITA A DISFRUTAR DE MANERA GRATUITA LA AVANT PREMIERE DE ESTE SHOW INFANTIL Preparate para una aventura llena de risas, emoci\u00f3n y fantas\u00eda. Este 15 de diciembre, @davidgardiol presenta su espectacular show de t\u00edteres que encantar\u00e1 a grandes y chicos por igual Sumergite en las emocionantes historias del Pirata Barba Negra [&hellip;]<\/p>\n","protected":false},"author":1,"featured_media":8975,"comment_status":"closed","ping_status":"closed","sticky":false,"template":"","format":"standard","meta":{"footnotes":""},"categories":[69],"tags":[345],"class_list":["post-8974","post","type-post","status-publish","format-standard","has-post-thumbnail","hentry","category-noticias","tag-destacar"],"_links":{"self":[{"href":"https:\/\/www.nextmultimedio.com\/index.php?rest_route=\/wp\/v2\/posts\/8974","targetHints":{"allow":["GET"]}}],"collection":[{"href":"https:\/\/www.nextmultimedio.com\/index.php?rest_route=\/wp\/v2\/posts"}],"about":[{"href":"https:\/\/www.nextmultimedio.com\/index.php?rest_route=\/wp\/v2\/types\/post"}],"author":[{"embeddable":true,"href":"https:\/\/www.nextmultimedio.com\/index.php?rest_route=\/wp\/v2\/users\/1"}],"replies":[{"embeddable":true,"href":"https:\/\/www.nextmultimedio.com\/index.php?rest_route=%2Fwp%2Fv2%2Fcomments&post=8974"}],"version-history":[{"count":1,"href":"https:\/\/www.nextmultimedio.com\/index.php?rest_route=\/wp\/v2\/posts\/8974\/revisions"}],"predecessor-version":[{"id":8976,"href":"https:\/\/www.nextmultimedio.com\/index.php?rest_route=\/wp\/v2\/posts\/8974\/revisions\/8976"}],"wp:featuredmedia":[{"embeddable":true,"href":"https:\/\/www.nextmultimedio.com\/index.php?rest_route=\/wp\/v2\/media\/8975"}],"wp:attachment":[{"href":"https:\/\/www.nextmultimedio.com\/index.php?rest_route=%2Fwp%2Fv2%2Fmedia&parent=8974"}],"wp:term":[{"taxonomy":"category","embeddable":true,"href":"https:\/\/www.nextmultimedio.com\/index.php?rest_route=%2Fwp%2Fv2%2Fcategories&post=8974"},{"taxonomy":"post_tag","embeddable":true,"href":"https:\/\/www.nextmultimedio.com\/index.php?rest_route=%2Fwp%2Fv2%2Ftags&post=8974"}],"curies":[{"name":"wp","href":"https:\/\/api.w.org\/{rel}","templated":true}]}}