{"id":8968,"date":"2024-12-05T19:46:15","date_gmt":"2024-12-05T22:46:15","guid":{"rendered":"https:\/\/www.nextmultimedio.com\/?p=8968"},"modified":"2024-12-05T19:46:15","modified_gmt":"2024-12-05T22:46:15","slug":"choque-en-cadena-deja-dos-lesionados","status":"publish","type":"post","link":"https:\/\/www.nextmultimedio.com\/?p=8968","title":{"rendered":"CHOQUE EN CADENA DEJA DOS LESIONADOS"},"content":{"rendered":"<div class=\"wp-block-image\">\n<figure class=\"aligncenter size-full\"><img loading=\"lazy\" decoding=\"async\" width=\"512\" height=\"640\" src=\"https:\/\/www.nextmultimedio.com\/wp-content\/uploads\/2024\/12\/469283988_1122033119927863_4102100219206026716_n.jpg\" alt=\"\" class=\"wp-image-8969\" srcset=\"https:\/\/www.nextmultimedio.com\/wp-content\/uploads\/2024\/12\/469283988_1122033119927863_4102100219206026716_n.jpg 512w, https:\/\/www.nextmultimedio.com\/wp-content\/uploads\/2024\/12\/469283988_1122033119927863_4102100219206026716_n-240x300.jpg 240w\" sizes=\"auto, (max-width: 512px) 100vw, 512px\" \/><\/figure>\n<\/div>\n\n\n<p>Bernardo DElia esq. Prager, B\u00ba Cu-Cu &#8211; Carlos Paz<\/p>\n\n\n\n<p><a><\/a>Personal Policial tom\u00f3 conocimiento sobre un accidente de tr\u00e1nsito ocurrido en el lugar mencionado, donde al llegar se observ\u00f3 un veh\u00edculo BMW, conducido por un hombre de 79 a\u00f1os de edad, quien manifest\u00f3 que habr\u00eda perdido el conocimiento y produce un choque en cadena con otros veh\u00edculos que se encontraban estacionados siendo, un autom\u00f3vil Vw. Fox, un Toyota Corolla y un Vw Vento.<\/p>\n\n\n\n<p>En el lugar se hizo presente el servicio de emergencias quienes realizaron el traslado al Hospital Sayago de una persona de 41 a\u00f1os de edad, por un dolor en el cuello, la misma se encontraba sentada en el veh\u00edculo Toyota Corolla y al hombre de 79 a\u00f1os para control.<\/p>\n\n\n\n<p><a href=\"https:\/\/www.facebook.com\/photo\/?fbid=1122033116594530&amp;set=a.356501556481027&amp;__cft__[0]=AZX24KHc4g5Uns3U2j_2zeTQKNZNu2Gdlwj6oq6ACUq4Z-WCzWSBMdSveN3LtwKj-VC7WJ_r8hz9o7QZxNjoe4hNvhZr-zbCm4coaoW9LQnRPhQXKdQRKvLJ4TTCKqkYyglleeyjHbjUmieVP-UTP9w3k9IltR2YeqnXPi_HNnOStIbXfEI6tgLfOmsBjDc3mmc&amp;__tn__=EH-R\"><\/a><\/p>\n","protected":false},"excerpt":{"rendered":"<p>Bernardo DElia esq. Prager, B\u00ba Cu-Cu &#8211; Carlos Paz Personal Policial tom\u00f3 conocimiento sobre un accidente de tr\u00e1nsito ocurrido en el lugar mencionado, donde al llegar se observ\u00f3 un veh\u00edculo BMW, conducido por un hombre de 79 a\u00f1os de edad, quien manifest\u00f3 que habr\u00eda perdido el conocimiento y produce un choque en cadena con otros [&hellip;]<\/p>\n","protected":false},"author":1,"featured_media":8969,"comment_status":"closed","ping_status":"closed","sticky":false,"template":"","format":"standard","meta":{"footnotes":""},"categories":[69],"tags":[345],"class_list":["post-8968","post","type-post","status-publish","format-standard","has-post-thumbnail","hentry","category-noticias","tag-destacar"],"_links":{"self":[{"href":"https:\/\/www.nextmultimedio.com\/index.php?rest_route=\/wp\/v2\/posts\/8968","targetHints":{"allow":["GET"]}}],"collection":[{"href":"https:\/\/www.nextmultimedio.com\/index.php?rest_route=\/wp\/v2\/posts"}],"about":[{"href":"https:\/\/www.nextmultimedio.com\/index.php?rest_route=\/wp\/v2\/types\/post"}],"author":[{"embeddable":true,"href":"https:\/\/www.nextmultimedio.com\/index.php?rest_route=\/wp\/v2\/users\/1"}],"replies":[{"embeddable":true,"href":"https:\/\/www.nextmultimedio.com\/index.php?rest_route=%2Fwp%2Fv2%2Fcomments&post=8968"}],"version-history":[{"count":1,"href":"https:\/\/www.nextmultimedio.com\/index.php?rest_route=\/wp\/v2\/posts\/8968\/revisions"}],"predecessor-version":[{"id":8970,"href":"https:\/\/www.nextmultimedio.com\/index.php?rest_route=\/wp\/v2\/posts\/8968\/revisions\/8970"}],"wp:featuredmedia":[{"embeddable":true,"href":"https:\/\/www.nextmultimedio.com\/index.php?rest_route=\/wp\/v2\/media\/8969"}],"wp:attachment":[{"href":"https:\/\/www.nextmultimedio.com\/index.php?rest_route=%2Fwp%2Fv2%2Fmedia&parent=8968"}],"wp:term":[{"taxonomy":"category","embeddable":true,"href":"https:\/\/www.nextmultimedio.com\/index.php?rest_route=%2Fwp%2Fv2%2Fcategories&post=8968"},{"taxonomy":"post_tag","embeddable":true,"href":"https:\/\/www.nextmultimedio.com\/index.php?rest_route=%2Fwp%2Fv2%2Ftags&post=8968"}],"curies":[{"name":"wp","href":"https:\/\/api.w.org\/{rel}","templated":true}]}}