{"id":8903,"date":"2024-11-25T22:08:16","date_gmt":"2024-11-26T01:08:16","guid":{"rendered":"https:\/\/www.nextmultimedio.com\/?p=8903"},"modified":"2024-11-25T22:08:16","modified_gmt":"2024-11-26T01:08:16","slug":"ciclo-lectivo-2025-cordoba-tendra-190-dias-de-clases","status":"publish","type":"post","link":"https:\/\/www.nextmultimedio.com\/?p=8903","title":{"rendered":"CICLO LECTIVO 2025: C\u00d3RDOBA TENDR\u00c1 190 D\u00cdAS DE CLASES"},"content":{"rendered":"\n<ul class=\"wp-block-list\">\n<li><strong>El inicio del per\u00edodo escolar ser\u00e1 el 24 de febrero y finalizar\u00e1 el 19 de diciembre.<\/strong><\/li>\n\n\n\n<li><strong>El receso de invierno ser\u00e1 entre los d\u00edas 7 al 18 de julio.<\/strong><\/li>\n<\/ul>\n\n\n<div class=\"wp-block-image\">\n<figure class=\"aligncenter size-full\"><img loading=\"lazy\" decoding=\"async\" width=\"964\" height=\"660\" src=\"https:\/\/www.nextmultimedio.com\/wp-content\/uploads\/2024\/11\/Aprender-Primario-2023.jpg\" alt=\"\" class=\"wp-image-8904\" srcset=\"https:\/\/www.nextmultimedio.com\/wp-content\/uploads\/2024\/11\/Aprender-Primario-2023.jpg 964w, https:\/\/www.nextmultimedio.com\/wp-content\/uploads\/2024\/11\/Aprender-Primario-2023-300x205.jpg 300w, https:\/\/www.nextmultimedio.com\/wp-content\/uploads\/2024\/11\/Aprender-Primario-2023-768x526.jpg 768w\" sizes=\"auto, (max-width: 964px) 100vw, 964px\" \/><\/figure>\n<\/div>\n\n\n<p>El Ministerio de Educaci\u00f3n de la Provincia de C\u00f3rdoba inform\u00f3 que el Ciclo Lectivo 2025 tendr\u00e1 190 d\u00edas de clases.<\/p>\n\n\n\n<p>El inicio del per\u00edodo escolar ser\u00e1 el d\u00eda 24 de febrero y finalizar\u00e1 el 19 de diciembre, en todos los niveles.<\/p>\n\n\n\n<p>El personal docente deber\u00e1 presentarse en las escuelas el pr\u00f3ximo 17 de febrero para la organizaci\u00f3n pedag\u00f3gico institucional y Formaci\u00f3n Situada.<\/p>\n\n\n\n<p>En ese sentido, el per\u00edodo de ambientaci\u00f3n para los estudiantes que ingresan por primera vez al nivel inicial, primario y secundario ser\u00e1 los d\u00edas 20 y 21 de febrero.<\/p>\n\n\n\n<p>El receso de invierno ser\u00e1 entre los d\u00edas 7 al 18 de julio.Navegaci\u00f3n de entradas<\/p>\n","protected":false},"excerpt":{"rendered":"<p>El Ministerio de Educaci\u00f3n de la Provincia de C\u00f3rdoba inform\u00f3 que el Ciclo Lectivo 2025 tendr\u00e1 190 d\u00edas de clases. El inicio del per\u00edodo escolar ser\u00e1 el d\u00eda 24 de febrero y finalizar\u00e1 el 19 de diciembre, en todos los niveles. El personal docente deber\u00e1 presentarse en las escuelas el pr\u00f3ximo 17 de febrero para [&hellip;]<\/p>\n","protected":false},"author":1,"featured_media":8904,"comment_status":"closed","ping_status":"closed","sticky":false,"template":"","format":"standard","meta":{"footnotes":""},"categories":[69],"tags":[345],"class_list":["post-8903","post","type-post","status-publish","format-standard","has-post-thumbnail","hentry","category-noticias","tag-destacar"],"_links":{"self":[{"href":"https:\/\/www.nextmultimedio.com\/index.php?rest_route=\/wp\/v2\/posts\/8903","targetHints":{"allow":["GET"]}}],"collection":[{"href":"https:\/\/www.nextmultimedio.com\/index.php?rest_route=\/wp\/v2\/posts"}],"about":[{"href":"https:\/\/www.nextmultimedio.com\/index.php?rest_route=\/wp\/v2\/types\/post"}],"author":[{"embeddable":true,"href":"https:\/\/www.nextmultimedio.com\/index.php?rest_route=\/wp\/v2\/users\/1"}],"replies":[{"embeddable":true,"href":"https:\/\/www.nextmultimedio.com\/index.php?rest_route=%2Fwp%2Fv2%2Fcomments&post=8903"}],"version-history":[{"count":1,"href":"https:\/\/www.nextmultimedio.com\/index.php?rest_route=\/wp\/v2\/posts\/8903\/revisions"}],"predecessor-version":[{"id":8905,"href":"https:\/\/www.nextmultimedio.com\/index.php?rest_route=\/wp\/v2\/posts\/8903\/revisions\/8905"}],"wp:featuredmedia":[{"embeddable":true,"href":"https:\/\/www.nextmultimedio.com\/index.php?rest_route=\/wp\/v2\/media\/8904"}],"wp:attachment":[{"href":"https:\/\/www.nextmultimedio.com\/index.php?rest_route=%2Fwp%2Fv2%2Fmedia&parent=8903"}],"wp:term":[{"taxonomy":"category","embeddable":true,"href":"https:\/\/www.nextmultimedio.com\/index.php?rest_route=%2Fwp%2Fv2%2Fcategories&post=8903"},{"taxonomy":"post_tag","embeddable":true,"href":"https:\/\/www.nextmultimedio.com\/index.php?rest_route=%2Fwp%2Fv2%2Ftags&post=8903"}],"curies":[{"name":"wp","href":"https:\/\/api.w.org\/{rel}","templated":true}]}}