{"id":8861,"date":"2024-11-20T20:53:52","date_gmt":"2024-11-20T23:53:52","guid":{"rendered":"https:\/\/www.nextmultimedio.com\/?p=8861"},"modified":"2024-11-20T20:53:53","modified_gmt":"2024-11-20T23:53:53","slug":"la-provincia-fortalece-con-mas-recursos-a-los-municipios-y-comunas","status":"publish","type":"post","link":"https:\/\/www.nextmultimedio.com\/?p=8861","title":{"rendered":"LA PROVINCIA FORTALECE CON M\u00c1S RECURSOS A LOS MUNICIPIOS Y COMUNAS"},"content":{"rendered":"\n<p><\/p>\n\n\n\n<figure class=\"wp-block-image size-large\"><img loading=\"lazy\" decoding=\"async\" width=\"1024\" height=\"623\" src=\"https:\/\/www.nextmultimedio.com\/wp-content\/uploads\/2024\/11\/466739645_1110867207711121_2926963430036714226_n-1024x623.jpg\" alt=\"\" class=\"wp-image-8862\" srcset=\"https:\/\/www.nextmultimedio.com\/wp-content\/uploads\/2024\/11\/466739645_1110867207711121_2926963430036714226_n-1024x623.jpg 1024w, https:\/\/www.nextmultimedio.com\/wp-content\/uploads\/2024\/11\/466739645_1110867207711121_2926963430036714226_n-300x182.jpg 300w, https:\/\/www.nextmultimedio.com\/wp-content\/uploads\/2024\/11\/466739645_1110867207711121_2926963430036714226_n-768x467.jpg 768w, https:\/\/www.nextmultimedio.com\/wp-content\/uploads\/2024\/11\/466739645_1110867207711121_2926963430036714226_n.jpg 1077w\" sizes=\"auto, (max-width: 1024px) 100vw, 1024px\" \/><\/figure>\n\n\n\n<p>Este martes qued\u00f3 sellado en el Centro C\u00edvico del Bicentenario el \u201dAcuerdo Federal 2024\u201d, la herramienta a trav\u00e9s de la cual el Gobierno provincial busca ofrecer previsibilidad y certezas a <a><\/a>los municipios y comunas de C\u00f3rdoba en el marco de la crisis econ\u00f3mica que atraviesa la Argentina, mediante un incremento de los recursos correspondientes al Fondo Permanente para la Financiaci\u00f3n de Proyectos y Programas de los Gobiernos Locales de C\u00f3rdoba.<\/p>\n\n\n\n<p>La medida se toma sin comprometer el super\u00e1vit fiscal que la Provincia viene manteniendo desde hace a\u00f1os. El acuerdo se firm\u00f3 durante una nueva reuni\u00f3n de la Unidad de Trabajo Mesa Provincia \u2013 Municipios.<\/p>\n\n\n\n<p>En una resoluci\u00f3n emitida por los integrantes de la Mesa Provincia \u2013 Municipios, se aclara que las decisiones correspondientes al Acuerdo Federal 2024 se tomaron luego de considerar las dificultades financieras que atraviesan los gobiernos locales, as\u00ed como la preocupaci\u00f3n en relaci\u00f3n a las \u201ccuantiosas deudas\u201d que al d\u00eda de la fecha mantienen con el Estado provincial, en concepto de \u201cEPEC, FOCCA (Caja de Jubilaciones), Inmobiliario, Automotor, Agentes, Recursos H\u00eddricos y Adelantos de Coparticipaci\u00f3n\u201d.<\/p>\n\n\n\n<p>Con esa inquietud, intendentes y jefes comunales solicitaron que el Gobierno provincial disponga los mecanismos para dar soluci\u00f3n a estas situaciones.<\/p>\n\n\n\n<p>De esta forma, entre otras cosas, el acuerdo supone una consolidaci\u00f3n de la deuda de los municipios y comunas con el Gobierno de la Provincia y sus organismos o empresas al 31 de diciembre de 2024, con un plazo de hasta 120 cuotas, actualizadas por CER.<\/p>\n\n\n\n<p>El gobernador Mart\u00edn Llaryora se sum\u00f3 a la reuni\u00f3n que encabez\u00f3 el ministro Manuel Calvo. El mandatario expres\u00f3 su satisfacci\u00f3n por la firma de este acuerdo que \u201cexpresa federalismo, consenso y di\u00e1logo\u201d entre todos los actores, de distintos partidos pol\u00edticos.<\/p>\n\n\n\n<p><a href=\"https:\/\/www.facebook.com\/photo\/?fbid=1110867187711123&amp;set=pcb.1110867477711094&amp;__cft__[0]=AZVE3DA0moqNrFb4U2Yg_wxXegY4B-DCaL8lG6oOCctXaCV43hQ-ypJIEHDfqsBJc0n4xk00qvsrg8XGw7py61wwC5GK4xpj3QfQYpZbDxvfY9o2OWwjYnqVxJdiVr0QdxfE8j-qBv752CbBwCSpPDUlCa5F6-1okPE7zOJYHz8FyNLRKUyIS1F-NjqPGghhEjA&amp;__tn__=*bH-R\"><\/a><\/p>\n\n\n\n<figure class=\"wp-block-image\"><a href=\"https:\/\/www.facebook.com\/photo\/?fbid=1110867187711123&amp;set=pcb.1110867477711094&amp;__cft__[0]=AZVE3DA0moqNrFb4U2Yg_wxXegY4B-DCaL8lG6oOCctXaCV43hQ-ypJIEHDfqsBJc0n4xk00qvsrg8XGw7py61wwC5GK4xpj3QfQYpZbDxvfY9o2OWwjYnqVxJdiVr0QdxfE8j-qBv752CbBwCSpPDUlCa5F6-1okPE7zOJYHz8FyNLRKUyIS1F-NjqPGghhEjA&amp;__tn__=*bH-R\"><img decoding=\"async\" src=\"https:\/\/scontent.fcor10-3.fna.fbcdn.net\/v\/t39.30808-6\/466739645_1110867207711121_2926963430036714226_n.jpg?stp=dst-jpg_s600x600&amp;_nc_cat=107&amp;ccb=1-7&amp;_nc_sid=127cfc&amp;_nc_eui2=AeE9cPeY8bOBVOqRFo6HEteAaypr8ZLXNtFrKmvxktc20XXtDzeQNZmK0s3qA9EiQpk&amp;_nc_ohc=bF4LiKDZCGkQ7kNvgFC5yY8&amp;_nc_zt=23&amp;_nc_ht=scontent.fcor10-3.fna&amp;_nc_gid=A2zRyts620RtrfbC6qunNNm&amp;oh=00_AYCR7vQ-dLVED3bG8v03g24XTbIEwFjku3iwWzZMqCVgQw&amp;oe=6744511E\" alt=\"\"\/><\/a><\/figure>\n\n\n\n<p><a href=\"https:\/\/www.facebook.com\/photo\/?fbid=1110867194377789&amp;set=pcb.1110867477711094&amp;__cft__[0]=AZVE3DA0moqNrFb4U2Yg_wxXegY4B-DCaL8lG6oOCctXaCV43hQ-ypJIEHDfqsBJc0n4xk00qvsrg8XGw7py61wwC5GK4xpj3QfQYpZbDxvfY9o2OWwjYnqVxJdiVr0QdxfE8j-qBv752CbBwCSpPDUlCa5F6-1okPE7zOJYHz8FyNLRKUyIS1F-NjqPGghhEjA&amp;__tn__=*bH-R\"><\/a><\/p>\n\n\n\n<figure class=\"wp-block-image\"><a href=\"https:\/\/www.facebook.com\/photo\/?fbid=1110867194377789&amp;set=pcb.1110867477711094&amp;__cft__[0]=AZVE3DA0moqNrFb4U2Yg_wxXegY4B-DCaL8lG6oOCctXaCV43hQ-ypJIEHDfqsBJc0n4xk00qvsrg8XGw7py61wwC5GK4xpj3QfQYpZbDxvfY9o2OWwjYnqVxJdiVr0QdxfE8j-qBv752CbBwCSpPDUlCa5F6-1okPE7zOJYHz8FyNLRKUyIS1F-NjqPGghhEjA&amp;__tn__=*bH-R\"><img decoding=\"async\" src=\"https:\/\/scontent.fcor10-3.fna.fbcdn.net\/v\/t39.30808-6\/467630786_1110867211044454_6901633243261012824_n.jpg?stp=dst-jpg_s600x600&amp;_nc_cat=109&amp;ccb=1-7&amp;_nc_sid=127cfc&amp;_nc_eui2=AeEcdCx7r7j_-5_NDA-W8LxwjQM2VbA2--SNAzZVsDb75ApTq37rnhhNn4DVnCzCK7s&amp;_nc_ohc=KhRfatIgH8gQ7kNvgGypsFx&amp;_nc_zt=23&amp;_nc_ht=scontent.fcor10-3.fna&amp;_nc_gid=A2zRyts620RtrfbC6qunNNm&amp;oh=00_AYDvDffXupJ9UNfAso0yRnJ8sOR3wc-pMrci_OabMLm0Xg&amp;oe=67443504\" alt=\"\"\/><\/a><\/figure>\n","protected":false},"excerpt":{"rendered":"<p>Este martes qued\u00f3 sellado en el Centro C\u00edvico del Bicentenario el \u201dAcuerdo Federal 2024\u201d, la herramienta a trav\u00e9s de la cual el Gobierno provincial busca ofrecer previsibilidad y certezas a los municipios y comunas de C\u00f3rdoba en el marco de la crisis econ\u00f3mica que atraviesa la Argentina, mediante un incremento de los recursos correspondientes al [&hellip;]<\/p>\n","protected":false},"author":1,"featured_media":8862,"comment_status":"closed","ping_status":"closed","sticky":false,"template":"","format":"standard","meta":{"footnotes":""},"categories":[69],"tags":[345],"class_list":["post-8861","post","type-post","status-publish","format-standard","has-post-thumbnail","hentry","category-noticias","tag-destacar"],"_links":{"self":[{"href":"https:\/\/www.nextmultimedio.com\/index.php?rest_route=\/wp\/v2\/posts\/8861","targetHints":{"allow":["GET"]}}],"collection":[{"href":"https:\/\/www.nextmultimedio.com\/index.php?rest_route=\/wp\/v2\/posts"}],"about":[{"href":"https:\/\/www.nextmultimedio.com\/index.php?rest_route=\/wp\/v2\/types\/post"}],"author":[{"embeddable":true,"href":"https:\/\/www.nextmultimedio.com\/index.php?rest_route=\/wp\/v2\/users\/1"}],"replies":[{"embeddable":true,"href":"https:\/\/www.nextmultimedio.com\/index.php?rest_route=%2Fwp%2Fv2%2Fcomments&post=8861"}],"version-history":[{"count":1,"href":"https:\/\/www.nextmultimedio.com\/index.php?rest_route=\/wp\/v2\/posts\/8861\/revisions"}],"predecessor-version":[{"id":8863,"href":"https:\/\/www.nextmultimedio.com\/index.php?rest_route=\/wp\/v2\/posts\/8861\/revisions\/8863"}],"wp:featuredmedia":[{"embeddable":true,"href":"https:\/\/www.nextmultimedio.com\/index.php?rest_route=\/wp\/v2\/media\/8862"}],"wp:attachment":[{"href":"https:\/\/www.nextmultimedio.com\/index.php?rest_route=%2Fwp%2Fv2%2Fmedia&parent=8861"}],"wp:term":[{"taxonomy":"category","embeddable":true,"href":"https:\/\/www.nextmultimedio.com\/index.php?rest_route=%2Fwp%2Fv2%2Fcategories&post=8861"},{"taxonomy":"post_tag","embeddable":true,"href":"https:\/\/www.nextmultimedio.com\/index.php?rest_route=%2Fwp%2Fv2%2Ftags&post=8861"}],"curies":[{"name":"wp","href":"https:\/\/api.w.org\/{rel}","templated":true}]}}