{"id":8858,"date":"2024-11-20T20:51:41","date_gmt":"2024-11-20T23:51:41","guid":{"rendered":"https:\/\/www.nextmultimedio.com\/?p=8858"},"modified":"2024-11-20T20:51:42","modified_gmt":"2024-11-20T23:51:42","slug":"dia-de-la-soberania-nacional","status":"publish","type":"post","link":"https:\/\/www.nextmultimedio.com\/?p=8858","title":{"rendered":"D\u00cdA DE LA SOBERAN\u00cdA NACIONAL"},"content":{"rendered":"\n<p><strong>El 20 de noviembre se celebra el D\u00eda De La Soberan\u00eda Nacional, en conmemoraci\u00f3n de la batalla de la <a href=\"https:\/\/www.facebook.com\/hashtag\/vueltadeobligado?__eep__=6&amp;__cft__[0]=AZVKtcZCF5JrWJoeibK04cVymt4armAhzg1vl9ZG0cZ-CEP6ey8dTUJH-q0JIQOzzvxqQwoMdGScvMmxth9OBksIUWUzCieTSUyEIxqTKxlxcAm_1GsHu5IC_Qix8D71toCGHoD9vgjjR4u7f7TypJe4NGbFnlbonGaQT-FYT-KjFwTHzQWYaypSa5q5YeMEzsg&amp;__tn__=*NK-R\">Vuelta de Obligado<\/a> de 1845.<\/strong><\/p>\n\n\n<div class=\"wp-block-image\">\n<figure class=\"aligncenter size-full\"><img loading=\"lazy\" decoding=\"async\" width=\"512\" height=\"640\" src=\"https:\/\/www.nextmultimedio.com\/wp-content\/uploads\/2024\/11\/467592583_1110873407710501_5126584216455732662_n.jpg\" alt=\"\" class=\"wp-image-8859\" srcset=\"https:\/\/www.nextmultimedio.com\/wp-content\/uploads\/2024\/11\/467592583_1110873407710501_5126584216455732662_n.jpg 512w, https:\/\/www.nextmultimedio.com\/wp-content\/uploads\/2024\/11\/467592583_1110873407710501_5126584216455732662_n-240x300.jpg 240w\" sizes=\"auto, (max-width: 512px) 100vw, 512px\" \/><\/figure>\n<\/div>\n\n\n<p>La fecha rememora a la gesta heroica de los soldados de la Confederaci\u00f3n Argentina, liderada por Juan Manuel de Rosas, quienes en <a><\/a>inferioridad de condiciones resistieron la invasi\u00f3n del ej\u00e9rcito anglo-franc\u00e9s, que pretend\u00eda colonizar los territorios de nuestro pa\u00eds.<\/p>\n\n\n\n<p>El acontecimiento sirvi\u00f3 para ratificar y garantizar la soberan\u00eda nacional y es s\u00edmbolo de independencia, libertad y unidad nacional.<\/p>\n\n\n\n<p><a href=\"https:\/\/www.facebook.com\/hashtag\/soberan%C3%ADanacional?__eep__=6&amp;__cft__[0]=AZVKtcZCF5JrWJoeibK04cVymt4armAhzg1vl9ZG0cZ-CEP6ey8dTUJH-q0JIQOzzvxqQwoMdGScvMmxth9OBksIUWUzCieTSUyEIxqTKxlxcAm_1GsHu5IC_Qix8D71toCGHoD9vgjjR4u7f7TypJe4NGbFnlbonGaQT-FYT-KjFwTHzQWYaypSa5q5YeMEzsg&amp;__tn__=*NK-R\">#Soberan\u00edaNacional<\/a><a href=\"https:\/\/www.facebook.com\/hashtag\/20denoviembre?__eep__=6&amp;__cft__[0]=AZVKtcZCF5JrWJoeibK04cVymt4armAhzg1vl9ZG0cZ-CEP6ey8dTUJH-q0JIQOzzvxqQwoMdGScvMmxth9OBksIUWUzCieTSUyEIxqTKxlxcAm_1GsHu5IC_Qix8D71toCGHoD9vgjjR4u7f7TypJe4NGbFnlbonGaQT-FYT-KjFwTHzQWYaypSa5q5YeMEzsg&amp;__tn__=*NK-R\">#20DeNoviembre<\/a><a href=\"https:\/\/www.facebook.com\/hashtag\/c%C3%B3rdoba?__eep__=6&amp;__cft__[0]=AZVKtcZCF5JrWJoeibK04cVymt4armAhzg1vl9ZG0cZ-CEP6ey8dTUJH-q0JIQOzzvxqQwoMdGScvMmxth9OBksIUWUzCieTSUyEIxqTKxlxcAm_1GsHu5IC_Qix8D71toCGHoD9vgjjR4u7f7TypJe4NGbFnlbonGaQT-FYT-KjFwTHzQWYaypSa5q5YeMEzsg&amp;__tn__=*NK-R\">#C\u00f3rdoba<\/a><\/p>\n\n\n\n<p><a href=\"https:\/\/www.facebook.com\/photo\/?fbid=1110873404377168&amp;set=a.356501556481027&amp;__cft__[0]=AZVKtcZCF5JrWJoeibK04cVymt4armAhzg1vl9ZG0cZ-CEP6ey8dTUJH-q0JIQOzzvxqQwoMdGScvMmxth9OBksIUWUzCieTSUyEIxqTKxlxcAm_1GsHu5IC_Qix8D71toCGHoD9vgjjR4u7f7TypJe4NGbFnlbonGaQT-FYT-KjFwTHzQWYaypSa5q5YeMEzsg&amp;__tn__=EH-R\"><\/a><\/p>\n","protected":false},"excerpt":{"rendered":"<p>El 20 de noviembre se celebra el D\u00eda De La Soberan\u00eda Nacional, en conmemoraci\u00f3n de la batalla de la Vuelta de Obligado de 1845. La fecha rememora a la gesta heroica de los soldados de la Confederaci\u00f3n Argentina, liderada por Juan Manuel de Rosas, quienes en inferioridad de condiciones resistieron la invasi\u00f3n del ej\u00e9rcito anglo-franc\u00e9s, [&hellip;]<\/p>\n","protected":false},"author":1,"featured_media":8859,"comment_status":"closed","ping_status":"closed","sticky":false,"template":"","format":"standard","meta":{"footnotes":""},"categories":[69],"tags":[345],"class_list":["post-8858","post","type-post","status-publish","format-standard","has-post-thumbnail","hentry","category-noticias","tag-destacar"],"_links":{"self":[{"href":"https:\/\/www.nextmultimedio.com\/index.php?rest_route=\/wp\/v2\/posts\/8858","targetHints":{"allow":["GET"]}}],"collection":[{"href":"https:\/\/www.nextmultimedio.com\/index.php?rest_route=\/wp\/v2\/posts"}],"about":[{"href":"https:\/\/www.nextmultimedio.com\/index.php?rest_route=\/wp\/v2\/types\/post"}],"author":[{"embeddable":true,"href":"https:\/\/www.nextmultimedio.com\/index.php?rest_route=\/wp\/v2\/users\/1"}],"replies":[{"embeddable":true,"href":"https:\/\/www.nextmultimedio.com\/index.php?rest_route=%2Fwp%2Fv2%2Fcomments&post=8858"}],"version-history":[{"count":1,"href":"https:\/\/www.nextmultimedio.com\/index.php?rest_route=\/wp\/v2\/posts\/8858\/revisions"}],"predecessor-version":[{"id":8860,"href":"https:\/\/www.nextmultimedio.com\/index.php?rest_route=\/wp\/v2\/posts\/8858\/revisions\/8860"}],"wp:featuredmedia":[{"embeddable":true,"href":"https:\/\/www.nextmultimedio.com\/index.php?rest_route=\/wp\/v2\/media\/8859"}],"wp:attachment":[{"href":"https:\/\/www.nextmultimedio.com\/index.php?rest_route=%2Fwp%2Fv2%2Fmedia&parent=8858"}],"wp:term":[{"taxonomy":"category","embeddable":true,"href":"https:\/\/www.nextmultimedio.com\/index.php?rest_route=%2Fwp%2Fv2%2Fcategories&post=8858"},{"taxonomy":"post_tag","embeddable":true,"href":"https:\/\/www.nextmultimedio.com\/index.php?rest_route=%2Fwp%2Fv2%2Ftags&post=8858"}],"curies":[{"name":"wp","href":"https:\/\/api.w.org\/{rel}","templated":true}]}}