{"id":8841,"date":"2024-11-18T20:04:24","date_gmt":"2024-11-18T23:04:24","guid":{"rendered":"https:\/\/www.nextmultimedio.com\/?p=8841"},"modified":"2024-11-18T20:04:25","modified_gmt":"2024-11-18T23:04:25","slug":"bullrich-y-quinteros-inauguran-una-sede-de-ameripol-en-cordoba","status":"publish","type":"post","link":"https:\/\/www.nextmultimedio.com\/?p=8841","title":{"rendered":"BULLRICH Y QUINTEROS INAUGURAN UNA SEDE DE AMERIPOL EN C\u00d3RDOBA"},"content":{"rendered":"<div class=\"wp-block-image\">\n<figure class=\"aligncenter size-full\"><img loading=\"lazy\" decoding=\"async\" width=\"593\" height=\"395\" src=\"https:\/\/www.nextmultimedio.com\/wp-content\/uploads\/2024\/11\/467671556_1109483394516169_5430304556358996300_n.jpg\" alt=\"\" class=\"wp-image-8842\" srcset=\"https:\/\/www.nextmultimedio.com\/wp-content\/uploads\/2024\/11\/467671556_1109483394516169_5430304556358996300_n.jpg 593w, https:\/\/www.nextmultimedio.com\/wp-content\/uploads\/2024\/11\/467671556_1109483394516169_5430304556358996300_n-300x200.jpg 300w\" sizes=\"auto, (max-width: 593px) 100vw, 593px\" \/><\/figure>\n<\/div>\n\n\n<p>Posteriormente a la inauguraci\u00f3n de la dependencia &#8220;Embalse R\u00edo Tercero&#8221;, la ministra de Seguridad de la Naci\u00f3n, Patricia Bullrich, acompa\u00f1ada del ministro Juan Pablo Quinteros se dirigen a la <a><\/a>Jefatura de Polic\u00eda, donde ser\u00e1n recibidos por el Jefe Crio. General Lic. Leonardo Guti\u00e9rrez para inaugurar la oficina que AmeriPol establecer\u00e1 en C\u00f3rdoba, en el edificio central de la fuerza policial, sobre la Avenida Col\u00f3n de la ciudad de C\u00f3rdoba.<\/p>\n\n\n\n<p>En septiembre de este a\u00f1o finaliz\u00f3 el procedimiento ante la Asamblea General de AmeriPol (Comunidad de Polic\u00edas de Am\u00e9rica), por lo cual la Polic\u00eda de Cordoba ha sido incorporada formalmente en dicho organismo internacional.<\/p>\n\n\n\n<p>En el caso argentino, adem\u00e1s de las fuerzas federales (Polic\u00eda Federal Argentina, Polic\u00eda de Seguridad Aeroportuaria, Gendarmer\u00eda Nacional, y Prefectura Naval), participan de AmeriPol la Polic\u00eda de la Ciudad Aut\u00f3noma de Buenos Aires, y la Polic\u00eda de la Provincia de Buenos Aires. La Polic\u00eda de C\u00f3rdoba es de esta manera una de las tres fuerzas provinciales de nuestro pa\u00eds que forman parte de esta organizaci\u00f3n de seguridad internacional.<\/p>\n\n\n\n<p>Sobre AmeriPol<\/p>\n\n\n\n<p>La Comunidad de Polic\u00edas de Am\u00e9rica (AMERIPOL), es un mecanismo de cooperaci\u00f3n hemisf\u00e9rico, integrado y coordinado, cuyo prop\u00f3sito es promover y fortalecer la cooperaci\u00f3n policial en materia t\u00e9cnico cient\u00edfica, de capacitaci\u00f3n, as\u00ed como para dinamizar y hacer m\u00e1s efectivo el intercambio de informaci\u00f3n con fines de inteligencia. De igual forma tiene como prop\u00f3sito coordinar y potenciar acciones sostenidas de investigaci\u00f3n criminal y asistencia judicial entre los cuerpos de Polic\u00eda y\/o instituciones hom\u00f3logas de Am\u00e9rica, para que se traduzcan en la consolidaci\u00f3n de la doctrina y filosof\u00eda policial, as\u00ed como en la prevenci\u00f3n y neutralizaci\u00f3n del delito.<\/p>\n\n\n\n<p>Ameripol es una organizaci\u00f3n aut\u00f3noma que depende de los pa\u00edses que la integran, y tiene v\u00ednculos con varias organizaciones internacionales como Interpol, Europol y la Organizaci\u00f3n de los Estados Americanos (OEA).<\/p>\n\n\n\n<p>Im\u00e1genes e informaci\u00f3n:<a href=\"https:\/\/l.facebook.com\/l.php?u=https%3A%2F%2Fwww.instagram.com%2F_u%2Fcordobaok%3Ffbclid%3DIwZXh0bgNhZW0CMTAAAR0DEfKz3Oz2dWj1wmsPBp2mUAWeT5aDDsAw7jMtF45zPMr7mOWBpr-TFtg_aem_N-HSNsaGju0H3xYgjaRF1A&amp;h=AT33RO-oXrL6ME25JAFranwrPvXz7fGOE0AE6OPWcmTdC0ipVu0uBiHdsZKHkafpPUAzzuz0Y9DRipLUnhdI6Qs2rTnIrQ1wW5I5vDPGZ74rQO6wP1Bv_Meq-JYQlYhevA&amp;__tn__=-UK-R&amp;c[0]=AT0UXS8W8nwrvyyucHDHKhTlilPvq-xTB7SdDjxVyuu-jsUncR5N1N78kicygmBVzlKx64XdYez6Z69icH1YZQBXjjw2ALcLI78OW_05XerXK7G5SwRoK7ZlbTHcLk8y9a2Kvf4Kb3THil4s77Wd9VH1feyUcQbqhInZgdQstHCenEG3mS1yCq43UVczaIZiJfFtv4fuwgo0xTTFKSPNUVjdusU\" rel=\"noreferrer noopener\" target=\"_blank\">@cordobaok<\/a><\/p>\n\n\n\n<p><a href=\"https:\/\/www.facebook.com\/photo\/?fbid=1109483377849504&amp;set=pcb.1109483407849501&amp;__cft__[0]=AZU4Uac7Kz-5JuceX2s-1_hRZvERE2umhi2Rfsu97dOo2D_gBSP8VMDYZBk1Cne-W1oBhauhTqQUbrq1K4M8JyCfHuNKSV_fylnPzgOe6wnyfILpKUOzXgLB0xlTZlC8CymXT_8RFGUik9FiRIgOE_LcGHrL7d96JcILMlPC_8B_ksYRmUbp5yLLzDZGCYrGHk8&amp;__tn__=*bH-R\"><\/a><\/p>\n\n\n\n<figure class=\"wp-block-image\"><a href=\"https:\/\/www.facebook.com\/photo\/?fbid=1109483377849504&amp;set=pcb.1109483407849501&amp;__cft__[0]=AZU4Uac7Kz-5JuceX2s-1_hRZvERE2umhi2Rfsu97dOo2D_gBSP8VMDYZBk1Cne-W1oBhauhTqQUbrq1K4M8JyCfHuNKSV_fylnPzgOe6wnyfILpKUOzXgLB0xlTZlC8CymXT_8RFGUik9FiRIgOE_LcGHrL7d96JcILMlPC_8B_ksYRmUbp5yLLzDZGCYrGHk8&amp;__tn__=*bH-R\"><img decoding=\"async\" src=\"https:\/\/scontent.fcor10-3.fna.fbcdn.net\/v\/t39.30808-6\/467671556_1109483394516169_5430304556358996300_n.jpg?stp=dst-jpg_p526x395&amp;_nc_cat=103&amp;ccb=1-7&amp;_nc_sid=127cfc&amp;_nc_eui2=AeFFb2trKUcXhyDJeBrcvjmCPCCc0HuaRuc8IJzQe5pG58XQuRwN6uWKbJMzFCEsOzs&amp;_nc_ohc=bn0V3z4trNoQ7kNvgF831qs&amp;_nc_zt=23&amp;_nc_ht=scontent.fcor10-3.fna&amp;_nc_gid=AXCTeMYB7WizvSdtSRoV8Ij&amp;oh=00_AYDBPBIlKLfl7zFp35SSRmWhuGP-X9G4w7kFMkaY_k0_zQ&amp;oe=6741895E\" alt=\"\"\/><\/a><\/figure>\n\n\n\n<p><a href=\"https:\/\/www.facebook.com\/photo\/?fbid=1109483384516170&amp;set=pcb.1109483407849501&amp;__cft__[0]=AZU4Uac7Kz-5JuceX2s-1_hRZvERE2umhi2Rfsu97dOo2D_gBSP8VMDYZBk1Cne-W1oBhauhTqQUbrq1K4M8JyCfHuNKSV_fylnPzgOe6wnyfILpKUOzXgLB0xlTZlC8CymXT_8RFGUik9FiRIgOE_LcGHrL7d96JcILMlPC_8B_ksYRmUbp5yLLzDZGCYrGHk8&amp;__tn__=*bH-R\"><\/a><\/p>\n\n\n\n<figure class=\"wp-block-image\"><a href=\"https:\/\/www.facebook.com\/photo\/?fbid=1109483384516170&amp;set=pcb.1109483407849501&amp;__cft__[0]=AZU4Uac7Kz-5JuceX2s-1_hRZvERE2umhi2Rfsu97dOo2D_gBSP8VMDYZBk1Cne-W1oBhauhTqQUbrq1K4M8JyCfHuNKSV_fylnPzgOe6wnyfILpKUOzXgLB0xlTZlC8CymXT_8RFGUik9FiRIgOE_LcGHrL7d96JcILMlPC_8B_ksYRmUbp5yLLzDZGCYrGHk8&amp;__tn__=*bH-R\"><img decoding=\"async\" src=\"https:\/\/scontent.fcor10-3.fna.fbcdn.net\/v\/t39.30808-6\/467496432_1109483391182836_6181874642987606635_n.jpg?stp=dst-jpg_p526x395&amp;_nc_cat=105&amp;ccb=1-7&amp;_nc_sid=127cfc&amp;_nc_eui2=AeE7VijHM_lTSebg4LMEO1MkLJGmdGXAM3EskaZ0ZcAzcfBeZSt_bYWcj7t2iBHdWQs&amp;_nc_ohc=5pBddALs98QQ7kNvgFOnTlE&amp;_nc_zt=23&amp;_nc_ht=scontent.fcor10-3.fna&amp;_nc_gid=AXCTeMYB7WizvSdtSRoV8Ij&amp;oh=00_AYAz5vyfreZYRGkLPAg5gL8IHMo9Kz20CCci0apexBiQkw&amp;oe=6741B541\" alt=\"\"\/><\/a><\/figure>\n\n\n\n<p><a href=\"https:\/\/www.facebook.com\/photo\/?fbid=1109483371182838&amp;set=pcb.1109483407849501&amp;__cft__[0]=AZU4Uac7Kz-5JuceX2s-1_hRZvERE2umhi2Rfsu97dOo2D_gBSP8VMDYZBk1Cne-W1oBhauhTqQUbrq1K4M8JyCfHuNKSV_fylnPzgOe6wnyfILpKUOzXgLB0xlTZlC8CymXT_8RFGUik9FiRIgOE_LcGHrL7d96JcILMlPC_8B_ksYRmUbp5yLLzDZGCYrGHk8&amp;__tn__=*bH-R\"><\/a><\/p>\n\n\n\n<figure class=\"wp-block-image\"><a href=\"https:\/\/www.facebook.com\/photo\/?fbid=1109483371182838&amp;set=pcb.1109483407849501&amp;__cft__[0]=AZU4Uac7Kz-5JuceX2s-1_hRZvERE2umhi2Rfsu97dOo2D_gBSP8VMDYZBk1Cne-W1oBhauhTqQUbrq1K4M8JyCfHuNKSV_fylnPzgOe6wnyfILpKUOzXgLB0xlTZlC8CymXT_8RFGUik9FiRIgOE_LcGHrL7d96JcILMlPC_8B_ksYRmUbp5yLLzDZGCYrGHk8&amp;__tn__=*bH-R\"><img decoding=\"async\" src=\"https:\/\/scontent.fcor10-3.fna.fbcdn.net\/v\/t39.30808-6\/467593419_1109483387849503_5036346448037376351_n.jpg?stp=dst-jpg_p526x395&amp;_nc_cat=102&amp;ccb=1-7&amp;_nc_sid=127cfc&amp;_nc_eui2=AeEKUv4zAekKG1cCqc3BvIWsL7v8Gs7p4f8vu_wazunh_4azD3mNbtOkeHS4jUXYbHQ&amp;_nc_ohc=eTni0tVlfIkQ7kNvgGLYCyu&amp;_nc_zt=23&amp;_nc_ht=scontent.fcor10-3.fna&amp;_nc_gid=AXCTeMYB7WizvSdtSRoV8Ij&amp;oh=00_AYA1Y9Xwkb1oQv3dpBLx0YK89fvhainu8GNCu_zmuZTKxg&amp;oe=6741982B\" alt=\"\"\/><\/a><\/figure>\n","protected":false},"excerpt":{"rendered":"<p>Posteriormente a la inauguraci\u00f3n de la dependencia &#8220;Embalse R\u00edo Tercero&#8221;, la ministra de Seguridad de la Naci\u00f3n, Patricia Bullrich, acompa\u00f1ada del ministro Juan Pablo Quinteros se dirigen a la Jefatura de Polic\u00eda, donde ser\u00e1n recibidos por el Jefe Crio. General Lic. Leonardo Guti\u00e9rrez para inaugurar la oficina que AmeriPol establecer\u00e1 en C\u00f3rdoba, en el edificio [&hellip;]<\/p>\n","protected":false},"author":1,"featured_media":8842,"comment_status":"closed","ping_status":"closed","sticky":false,"template":"","format":"standard","meta":{"footnotes":""},"categories":[69],"tags":[345],"class_list":["post-8841","post","type-post","status-publish","format-standard","has-post-thumbnail","hentry","category-noticias","tag-destacar"],"_links":{"self":[{"href":"https:\/\/www.nextmultimedio.com\/index.php?rest_route=\/wp\/v2\/posts\/8841","targetHints":{"allow":["GET"]}}],"collection":[{"href":"https:\/\/www.nextmultimedio.com\/index.php?rest_route=\/wp\/v2\/posts"}],"about":[{"href":"https:\/\/www.nextmultimedio.com\/index.php?rest_route=\/wp\/v2\/types\/post"}],"author":[{"embeddable":true,"href":"https:\/\/www.nextmultimedio.com\/index.php?rest_route=\/wp\/v2\/users\/1"}],"replies":[{"embeddable":true,"href":"https:\/\/www.nextmultimedio.com\/index.php?rest_route=%2Fwp%2Fv2%2Fcomments&post=8841"}],"version-history":[{"count":1,"href":"https:\/\/www.nextmultimedio.com\/index.php?rest_route=\/wp\/v2\/posts\/8841\/revisions"}],"predecessor-version":[{"id":8843,"href":"https:\/\/www.nextmultimedio.com\/index.php?rest_route=\/wp\/v2\/posts\/8841\/revisions\/8843"}],"wp:featuredmedia":[{"embeddable":true,"href":"https:\/\/www.nextmultimedio.com\/index.php?rest_route=\/wp\/v2\/media\/8842"}],"wp:attachment":[{"href":"https:\/\/www.nextmultimedio.com\/index.php?rest_route=%2Fwp%2Fv2%2Fmedia&parent=8841"}],"wp:term":[{"taxonomy":"category","embeddable":true,"href":"https:\/\/www.nextmultimedio.com\/index.php?rest_route=%2Fwp%2Fv2%2Fcategories&post=8841"},{"taxonomy":"post_tag","embeddable":true,"href":"https:\/\/www.nextmultimedio.com\/index.php?rest_route=%2Fwp%2Fv2%2Ftags&post=8841"}],"curies":[{"name":"wp","href":"https:\/\/api.w.org\/{rel}","templated":true}]}}